{"id":1424,"date":"2018-08-22T10:35:57","date_gmt":"2018-08-22T13:35:57","guid":{"rendered":"https:\/\/truco2018.apublica.org\/?p=1424"},"modified":"2018-08-22T15:21:11","modified_gmt":"2018-08-22T18:21:11","slug":"doutor-rosinha-usa-dados-desatualizados-sobre-mortalidade-materna-no-parana","status":"publish","type":"post","link":"https:\/\/eleicoes.apublica.org\/2018\/2018\/08\/doutor-rosinha-usa-dados-desatualizados-sobre-mortalidade-materna-no-parana\/","title":{"rendered":"Doutor Rosinha usa dados desatualizados sobre mortalidade materna no Paran\u00e1"},"content":{"rendered":"<p><strong>&#8220;Dos tr\u00eas estados do Sul, o Paran\u00e1 \u00e9 o que tem maior \u00edndice de mortalidade materna&#8221;<\/strong>, declarou Doutor Rosinha, do PT, durante o primeiro debate entre candidatos ao governo do Paran\u00e1, realizado pela Band em 16 de agosto.<\/p>\n<p>Consultado pelo Truco nos Estados, projeto de fact-checking da <strong>Ag\u00eancia P\u00fablica<\/strong>, feito no Paran\u00e1 em parceria com o <strong>Livre.jor<\/strong>, o candidato admitiu que tinha em mente reportagens feitas com base em n\u00fameros de 2016 do Minist\u00e9rio da Sa\u00fade.<\/p>\n<p>Naquele ano, de fato, o Paran\u00e1 tinha o pior indicador da regi\u00e3o Sul do Brasil. S\u00f3 que em 2017 a situa\u00e7\u00e3o virou, e o estado evitou mais mortes maternas que Santa Catarina e Rio Grande do Sul. Este \u00e9 o dado mais recente dispon\u00edvel.<\/p>\n<p>Por n\u00e3o ter dito a que ano se referia durante o debate da Band, no dia 16 de agosto, e se tratar de um n\u00famero que n\u00e3o \u00e9 mais correto, \u00a0a afirma\u00e7\u00e3o foi classificada como falsa.<\/p>\n<p>Os dados mais recentes, apurados pela Divis\u00e3o de Informa\u00e7\u00f5es Epidemiol\u00f3gicas do Paran\u00e1, foram apresentados num <a href=\"http:\/\/www.saude.pr.gov.br\/modules\/conteudo\/conteudo.php?conteudo=2892\">evento p\u00fablico<\/a> em abril passado.<\/p>\n<p>Em 2017, a RMM do Paran\u00e1 foi de 20,3, bem abaixo dos resultados obtidos por Santa Catarina (33,7) e Rio Grande do Sul (31,1). RMM \u00e9 a sigla para \u201craz\u00e3o da mortalidade materna\u201d, que \u00e9 o indicador obtido da divis\u00e3o do n\u00famero de mortes maternas pela quantidade de nascidos vivos multiplicada por 100 mil. No ano passado, a RMM m\u00e9dia nacional foi de 52,2.<\/p>\n<p>O governo do estado atribui a redu\u00e7\u00e3o das mortes maternas \u00e0 parceria com o Banco Mundial, <a href=\"https:\/\/news.un.org\/pt\/story\/2017\/07\/1590011-banco-mundial-e-parceiro-do-parana-na-reducao-da-mortalidade-materna\">que aplicou R$ 630 milh\u00f5es na rede de sa\u00fade<\/a>. As gestantes s\u00e3o submetidas \u00e0 avalia\u00e7\u00e3o de risco da gravidez no in\u00edcio do processo e, dentro do programa M\u00e3e Paranaense, o objetivo \u00e9 que passem por pelo menos sete consultas e 23 exames.<\/p>\n<p><strong>J\u00e1 foi bem maior <\/strong>\u2013\u00a0Uma <a href=\"http:\/\/www.saude.pr.gov.br\/arquivos\/File\/REDEMaePARANAENSE2018.pps\">apresenta\u00e7\u00e3o preparada da Secretaria da Sa\u00fade do Paran\u00e1<\/a>, da qual o Truco nos Estados retirou o gr\u00e1fico abaixo, mostra a RMM dos estados do Sul desde 2010.\u00a0Durante seis anos o Paran\u00e1 teve um desempenho pior que Santa Catarina e Rio Grande do Sul, com exce\u00e7\u00e3o de 2012. Em 2010, esteve abaixo da m\u00e9dia nacional. De l\u00e1 a 2017, foi registrada uma queda de 50,6% na mortalidade materna.<\/p>\n<p><img data-recalc-dims=\"1\" loading=\"lazy\" decoding=\"async\" class=\"wp-image-1435 aligncenter\" src=\"https:\/\/i0.wp.com\/truco2018.apublica.org\/wp-content\/uploads\/2018\/08\/Slide-RMM-300x170.jpg?resize=445%2C252&#038;ssl=1\" alt=\"\" width=\"445\" height=\"252\" srcset=\"https:\/\/i0.wp.com\/eleicoes.apublica.org\/2018\/wp-content\/uploads\/2018\/08\/Slide-RMM.jpg?resize=300%2C170&amp;ssl=1 300w, https:\/\/i0.wp.com\/eleicoes.apublica.org\/2018\/wp-content\/uploads\/2018\/08\/Slide-RMM.jpg?resize=768%2C436&amp;ssl=1 768w, https:\/\/i0.wp.com\/eleicoes.apublica.org\/2018\/wp-content\/uploads\/2018\/08\/Slide-RMM.jpg?w=1012&amp;ssl=1 1012w\" sizes=\"auto, (max-width: 445px) 100vw, 445px\" \/><\/p>\n<p>Em 2016, o Paran\u00e1 registrou uma RMM de 47,1, acima de Santa Catarina (30,4) e Rio Grande do Sul (36,1). A situa\u00e7\u00e3o era mais cr\u00edtica nas regionais de Paranagu\u00e1, Jacarezinho, Umuarama, Pato Branco e Ivaipor\u00e3. Apenas a \u00faltima continua com RMM superior a 100; todas as demais viram uma melhora, que refletiu no resultado positivo obtido ano passado.<\/p>\n<p><strong>Candidato discorda<\/strong> \u2013\u00a0\u201cOs dados utilizados pela Ag\u00eancia P\u00fablica foram apresentados pela Secretaria de Sa\u00fade do Estado do Paran\u00e1, mas ainda n\u00e3o foram validados pelo Minist\u00e9rio da Sa\u00fade\u201d, disse a assessoria do candidato, em resposta ao selo atribu\u00eddo \u00e0 afirma\u00e7\u00e3o dele pelo Projeto Truco.<\/p>\n<p>Doutor Rosinha argumentou que os comit\u00eas respons\u00e1veis pela medi\u00e7\u00e3o da mortalidade materna e infantil deixaram de contar com a participa\u00e7\u00e3o de membros da sociedade civil durante a gest\u00e3o do ex-governador Beto Richa, do PSDB (2011-2018). \u201cAtualmente, s\u00e3o compostos apenas por t\u00e9cnicos da secretaria. Portanto, h\u00e1 motivos para se desconfiar desses n\u00fameros\u201d.<\/p>\n<p>\u201cAfinal, de acordo com os \u00edndices utilizados pela P\u00fablica, o Paran\u00e1 teria derrubado a taxa de mortalidade materna para menos da metade em um ano (de 47,1 para 20,3 para cada cem mil nascidos vivos). Que pol\u00edtica de sa\u00fade p\u00fablica seria, racionalmente, capaz de tal feito?\u201d, questionou.<\/p>\n<p>Ele disse preferir os n\u00fameros validados pelo Minist\u00e9rio da Sa\u00fade, relativos a 2016, e dispon\u00edveis para qualquer cidad\u00e3o que queira consult\u00e1-los.<\/p>\n","protected":false},"excerpt":{"rendered":"<p>\u00c9 verdade que em 2016 o Paran\u00e1 teve o pior resultado do Sul; em 2017, por\u00e9m, estado reverteu s\u00e9rie hist\u00f3rica<\/p>\n","protected":false},"author":24,"featured_media":1432,"comment_status":"closed","ping_status":"open","sticky":false,"template":"","format":"standard","meta":{"_acf_changed":false,"_jetpack_memberships_contains_paid_content":false,"footnotes":""},"categories":[1],"tags":[34],"coauthors":[28],"class_list":["post-1424","post","type-post","status-publish","format-standard","has-post-thumbnail","hentry","category-sem-categoria","tag-saude"],"acf":{"truco":{"value":"falso","label":"Falso"},"resumido":"Doutor Rosinha diz que Paran\u00e1 tem maior mortalidade materna do Sul do Brasil","descricao":"\"Dos tr\u00eas estados do Sul, o Paran\u00e1 \u00e9 o que tem maior \u00edndice de mortalidade materna\", declarou Doutor Rosinha, do PT, durante o primeiro debate entre candidatos ao governo do Paran\u00e1, realizado pela Band em 16 de agosto","autor":"Doutor Rosinha","candidato":{"ID":346,"post_author":"24","post_date":"2018-08-06 19:32:26","post_date_gmt":"2018-08-06 22:32:26","post_content":"O m\u00e9dico Florisvaldo Fier, conhecido com Doutor Rosinha, tem 67 anos e \u00e9 um dos fundadores do Partido dos Trabalhadores no Paran\u00e1. Pelo partido, foi vereador em Curitiba, deputado estadual por dois mandatos e deputado federal por quatro vezes consecutivas at\u00e9 2014, quando desistiu de disputar a reelei\u00e7\u00e3o.\r\n\r\nIntegrante de correntes mais \u00e0 esquerda do PT, Rosinha foi eleito presidente estadual da legenda em 2017, quando derrotou o campo majorit\u00e1rio do PT, comandado pelo ex-presidente Luiz In\u00e1cio Lula da Silva. Em campanha, Rosinha \u00e9 um defensor enf\u00e1tico da inoc\u00eancia de Lula. Ele tem como principal miss\u00e3o ajudar o partido a eleger uma bancada expressiva de deputados federais.","post_title":"Doutor Rosinha","post_excerpt":"Com poucas chances de vit\u00f3ria, Fr. Rosinha tem como a miss\u00e3o de eleger uma bancada expressiva de deputados federais.","post_status":"publish","comment_status":"closed","ping_status":"closed","post_password":"","post_name":"dr-rosinha","to_ping":"","pinged":"","post_modified":"2018-10-10 22:47:04","post_modified_gmt":"2018-10-11 01:47:04","post_content_filtered":"","post_parent":0,"guid":"https:\/\/truco2018.apublica.org\/?post_type=candidato&#038;p=346","menu_order":0,"post_type":"candidato","post_mime_type":"","comment_count":"0","filter":"raw"},"estado":{"term_id":12,"name":"Paran\u00e1","slug":"parana","term_group":0,"term_taxonomy_id":12,"taxonomy":"estado","description":"","parent":0,"count":11,"filter":"raw"}},"yoast_head":"<!-- This site is optimized with the Yoast SEO plugin v27.5 - https:\/\/yoast.com\/product\/yoast-seo-wordpress\/ -->\n<title>Doutor Rosinha usa dados desatualizados sobre mortalidade materna no Paran\u00e1 - Truco2018<\/title>\n<meta name=\"robots\" content=\"index, follow, max-snippet:-1, max-image-preview:large, max-video-preview:-1\" \/>\n<link rel=\"canonical\" href=\"https:\/\/eleicoes.apublica.org\/2018\/2018\/08\/doutor-rosinha-usa-dados-desatualizados-sobre-mortalidade-materna-no-parana\/\" \/>\n<meta property=\"og:locale\" content=\"pt_BR\" \/>\n<meta property=\"og:type\" content=\"article\" \/>\n<meta property=\"og:title\" content=\"Doutor Rosinha usa dados desatualizados sobre mortalidade materna no Paran\u00e1 - Truco2018\" \/>\n<meta property=\"og:description\" content=\"\u00c9 verdade que em 2016 o Paran\u00e1 teve o pior resultado do Sul; em 2017, por\u00e9m, estado reverteu s\u00e9rie hist\u00f3rica\" \/>\n<meta property=\"og:url\" content=\"https:\/\/eleicoes.apublica.org\/2018\/2018\/08\/doutor-rosinha-usa-dados-desatualizados-sobre-mortalidade-materna-no-parana\/\" \/>\n<meta property=\"og:site_name\" content=\"Truco2018\" \/>\n<meta property=\"article:published_time\" content=\"2018-08-22T13:35:57+00:00\" \/>\n<meta property=\"article:modified_time\" content=\"2018-08-22T18:21:11+00:00\" \/>\n<meta property=\"og:image\" content=\"https:\/\/i0.wp.com\/eleicoes.apublica.org\/2018\/wp-content\/uploads\/2018\/08\/gravidez.jpg?fit=600%2C400&ssl=1\" \/>\n\t<meta property=\"og:image:width\" content=\"600\" \/>\n\t<meta property=\"og:image:height\" content=\"400\" \/>\n\t<meta property=\"og:image:type\" content=\"image\/jpeg\" \/>\n<meta name=\"author\" content=\"Jos\u00e9 L\u00e1zaro Jr.\" \/>\n<meta name=\"twitter:card\" content=\"summary_large_image\" \/>\n<meta name=\"twitter:creator\" content=\"@zelazaro\" \/>\n<meta name=\"twitter:label1\" content=\"Escrito por\" \/>\n\t<meta name=\"twitter:data1\" content=\"Jos\u00e9 L\u00e1zaro Jr.\" \/>\n\t<meta name=\"twitter:label2\" content=\"Est. tempo de leitura\" \/>\n\t<meta name=\"twitter:data2\" content=\"3 minutos\" \/>\n\t<meta name=\"twitter:label3\" content=\"Written by\" \/>\n\t<meta name=\"twitter:data3\" content=\"Jos\u00e9 L\u00e1zaro Jr.\" \/>\n<script type=\"application\/ld+json\" class=\"yoast-schema-graph\">{\"@context\":\"https:\\\/\\\/schema.org\",\"@graph\":[{\"@type\":\"Article\",\"@id\":\"https:\\\/\\\/eleicoes.apublica.org\\\/2018\\\/2018\\\/08\\\/doutor-rosinha-usa-dados-desatualizados-sobre-mortalidade-materna-no-parana\\\/#article\",\"isPartOf\":{\"@id\":\"https:\\\/\\\/eleicoes.apublica.org\\\/2018\\\/2018\\\/08\\\/doutor-rosinha-usa-dados-desatualizados-sobre-mortalidade-materna-no-parana\\\/\"},\"author\":{\"name\":\"Jos\u00e9 L\u00e1zaro Jr.\",\"@id\":\"https:\\\/\\\/eleicoes.apublica.org\\\/2018\\\/#\\\/schema\\\/person\\\/0669d96744fcb69f1110b122f2cfabc0\"},\"headline\":\"Doutor Rosinha usa dados desatualizados sobre mortalidade materna no Paran\u00e1\",\"datePublished\":\"2018-08-22T13:35:57+00:00\",\"dateModified\":\"2018-08-22T18:21:11+00:00\",\"mainEntityOfPage\":{\"@id\":\"https:\\\/\\\/eleicoes.apublica.org\\\/2018\\\/2018\\\/08\\\/doutor-rosinha-usa-dados-desatualizados-sobre-mortalidade-materna-no-parana\\\/\"},\"wordCount\":629,\"image\":{\"@id\":\"https:\\\/\\\/eleicoes.apublica.org\\\/2018\\\/2018\\\/08\\\/doutor-rosinha-usa-dados-desatualizados-sobre-mortalidade-materna-no-parana\\\/#primaryimage\"},\"thumbnailUrl\":\"https:\\\/\\\/i0.wp.com\\\/eleicoes.apublica.org\\\/2018\\\/wp-content\\\/uploads\\\/2018\\\/08\\\/gravidez.jpg?fit=600%2C400&ssl=1\",\"keywords\":[\"Sa\u00fade\"],\"inLanguage\":\"pt-BR\"},{\"@type\":\"WebPage\",\"@id\":\"https:\\\/\\\/eleicoes.apublica.org\\\/2018\\\/2018\\\/08\\\/doutor-rosinha-usa-dados-desatualizados-sobre-mortalidade-materna-no-parana\\\/\",\"url\":\"https:\\\/\\\/eleicoes.apublica.org\\\/2018\\\/2018\\\/08\\\/doutor-rosinha-usa-dados-desatualizados-sobre-mortalidade-materna-no-parana\\\/\",\"name\":\"Doutor Rosinha usa dados desatualizados sobre mortalidade materna no Paran\u00e1 - Truco2018\",\"isPartOf\":{\"@id\":\"https:\\\/\\\/eleicoes.apublica.org\\\/2018\\\/#website\"},\"primaryImageOfPage\":{\"@id\":\"https:\\\/\\\/eleicoes.apublica.org\\\/2018\\\/2018\\\/08\\\/doutor-rosinha-usa-dados-desatualizados-sobre-mortalidade-materna-no-parana\\\/#primaryimage\"},\"image\":{\"@id\":\"https:\\\/\\\/eleicoes.apublica.org\\\/2018\\\/2018\\\/08\\\/doutor-rosinha-usa-dados-desatualizados-sobre-mortalidade-materna-no-parana\\\/#primaryimage\"},\"thumbnailUrl\":\"https:\\\/\\\/i0.wp.com\\\/eleicoes.apublica.org\\\/2018\\\/wp-content\\\/uploads\\\/2018\\\/08\\\/gravidez.jpg?fit=600%2C400&ssl=1\",\"datePublished\":\"2018-08-22T13:35:57+00:00\",\"dateModified\":\"2018-08-22T18:21:11+00:00\",\"author\":{\"@id\":\"https:\\\/\\\/eleicoes.apublica.org\\\/2018\\\/#\\\/schema\\\/person\\\/0669d96744fcb69f1110b122f2cfabc0\"},\"breadcrumb\":{\"@id\":\"https:\\\/\\\/eleicoes.apublica.org\\\/2018\\\/2018\\\/08\\\/doutor-rosinha-usa-dados-desatualizados-sobre-mortalidade-materna-no-parana\\\/#breadcrumb\"},\"inLanguage\":\"pt-BR\",\"potentialAction\":[{\"@type\":\"ReadAction\",\"target\":[\"https:\\\/\\\/eleicoes.apublica.org\\\/2018\\\/2018\\\/08\\\/doutor-rosinha-usa-dados-desatualizados-sobre-mortalidade-materna-no-parana\\\/\"]}]},{\"@type\":\"ImageObject\",\"inLanguage\":\"pt-BR\",\"@id\":\"https:\\\/\\\/eleicoes.apublica.org\\\/2018\\\/2018\\\/08\\\/doutor-rosinha-usa-dados-desatualizados-sobre-mortalidade-materna-no-parana\\\/#primaryimage\",\"url\":\"https:\\\/\\\/i0.wp.com\\\/eleicoes.apublica.org\\\/2018\\\/wp-content\\\/uploads\\\/2018\\\/08\\\/gravidez.jpg?fit=600%2C400&ssl=1\",\"contentUrl\":\"https:\\\/\\\/i0.wp.com\\\/eleicoes.apublica.org\\\/2018\\\/wp-content\\\/uploads\\\/2018\\\/08\\\/gravidez.jpg?fit=600%2C400&ssl=1\",\"width\":600,\"height\":400,\"caption\":\"1. pregnancy\"},{\"@type\":\"BreadcrumbList\",\"@id\":\"https:\\\/\\\/eleicoes.apublica.org\\\/2018\\\/2018\\\/08\\\/doutor-rosinha-usa-dados-desatualizados-sobre-mortalidade-materna-no-parana\\\/#breadcrumb\",\"itemListElement\":[{\"@type\":\"ListItem\",\"position\":1,\"name\":\"In\u00edcio\",\"item\":\"https:\\\/\\\/eleicoes.apublica.org\\\/2018\\\/\"},{\"@type\":\"ListItem\",\"position\":2,\"name\":\"Doutor Rosinha usa dados desatualizados sobre mortalidade materna no Paran\u00e1\"}]},{\"@type\":\"WebSite\",\"@id\":\"https:\\\/\\\/eleicoes.apublica.org\\\/2018\\\/#website\",\"url\":\"https:\\\/\\\/eleicoes.apublica.org\\\/2018\\\/\",\"name\":\"Truco2018\",\"description\":\"Truco nos estados - Checamos as declara\u00e7\u00f5es de candidatos e boatos que circulam sobre as elei\u00e7\u00f5es para o governo de Minas, Cear\u00e1, S\u00e3o Paulo, Rio Grande do Sul, Par\u00e1, Paran\u00e1, Pernambuco.\",\"potentialAction\":[{\"@type\":\"SearchAction\",\"target\":{\"@type\":\"EntryPoint\",\"urlTemplate\":\"https:\\\/\\\/eleicoes.apublica.org\\\/2018\\\/?s={search_term_string}\"},\"query-input\":{\"@type\":\"PropertyValueSpecification\",\"valueRequired\":true,\"valueName\":\"search_term_string\"}}],\"inLanguage\":\"pt-BR\"},{\"@type\":\"Person\",\"@id\":\"https:\\\/\\\/eleicoes.apublica.org\\\/2018\\\/#\\\/schema\\\/person\\\/0669d96744fcb69f1110b122f2cfabc0\",\"name\":\"Jos\u00e9 L\u00e1zaro Jr.\",\"image\":{\"@type\":\"ImageObject\",\"inLanguage\":\"pt-BR\",\"@id\":\"https:\\\/\\\/secure.gravatar.com\\\/avatar\\\/53f3bb3b47261d2f0a59d4368ee8ac71e0ebe4ca6d0144b462955370b8467071?s=96&d=mm&r=g3e6bab1fe2a4bd0a1e9281ea248f29dc\",\"url\":\"https:\\\/\\\/secure.gravatar.com\\\/avatar\\\/53f3bb3b47261d2f0a59d4368ee8ac71e0ebe4ca6d0144b462955370b8467071?s=96&d=mm&r=g\",\"contentUrl\":\"https:\\\/\\\/secure.gravatar.com\\\/avatar\\\/53f3bb3b47261d2f0a59d4368ee8ac71e0ebe4ca6d0144b462955370b8467071?s=96&d=mm&r=g\",\"caption\":\"Jos\u00e9 L\u00e1zaro Jr.\"},\"description\":\"Passou pela Revista Ideias e Folha de Londrina antes da funda\u00e7\u00e3o do Livre.jor, a primeira ag\u00eancia de jornalismo-mosca do Brasil. Doutorando em sociologia na UFPR.\",\"sameAs\":[\"http:\\\/\\\/livre.jor.br\",\"https:\\\/\\\/x.com\\\/zelazaro\"],\"url\":\"https:\\\/\\\/eleicoes.apublica.org\\\/2018\\\/author\\\/jose-lazaro-jr\\\/\"}]}<\/script>\n<!-- \/ Yoast SEO plugin. -->","yoast_head_json":{"title":"Doutor Rosinha usa dados desatualizados sobre mortalidade materna no Paran\u00e1 - Truco2018","robots":{"index":"index","follow":"follow","max-snippet":"max-snippet:-1","max-image-preview":"max-image-preview:large","max-video-preview":"max-video-preview:-1"},"canonical":"https:\/\/eleicoes.apublica.org\/2018\/2018\/08\/doutor-rosinha-usa-dados-desatualizados-sobre-mortalidade-materna-no-parana\/","og_locale":"pt_BR","og_type":"article","og_title":"Doutor Rosinha usa dados desatualizados sobre mortalidade materna no Paran\u00e1 - Truco2018","og_description":"\u00c9 verdade que em 2016 o Paran\u00e1 teve o pior resultado do Sul; em 2017, por\u00e9m, estado reverteu s\u00e9rie hist\u00f3rica","og_url":"https:\/\/eleicoes.apublica.org\/2018\/2018\/08\/doutor-rosinha-usa-dados-desatualizados-sobre-mortalidade-materna-no-parana\/","og_site_name":"Truco2018","article_published_time":"2018-08-22T13:35:57+00:00","article_modified_time":"2018-08-22T18:21:11+00:00","og_image":[{"width":600,"height":400,"url":"https:\/\/i0.wp.com\/eleicoes.apublica.org\/2018\/wp-content\/uploads\/2018\/08\/gravidez.jpg?fit=600%2C400&ssl=1","type":"image\/jpeg"}],"author":"Jos\u00e9 L\u00e1zaro Jr.","twitter_card":"summary_large_image","twitter_creator":"@zelazaro","twitter_misc":{"Escrito por":"Jos\u00e9 L\u00e1zaro Jr.","Est. tempo de leitura":"3 minutos","Written by":"Jos\u00e9 L\u00e1zaro Jr."},"schema":{"@context":"https:\/\/schema.org","@graph":[{"@type":"Article","@id":"https:\/\/eleicoes.apublica.org\/2018\/2018\/08\/doutor-rosinha-usa-dados-desatualizados-sobre-mortalidade-materna-no-parana\/#article","isPartOf":{"@id":"https:\/\/eleicoes.apublica.org\/2018\/2018\/08\/doutor-rosinha-usa-dados-desatualizados-sobre-mortalidade-materna-no-parana\/"},"author":{"name":"Jos\u00e9 L\u00e1zaro Jr.","@id":"https:\/\/eleicoes.apublica.org\/2018\/#\/schema\/person\/0669d96744fcb69f1110b122f2cfabc0"},"headline":"Doutor Rosinha usa dados desatualizados sobre mortalidade materna no Paran\u00e1","datePublished":"2018-08-22T13:35:57+00:00","dateModified":"2018-08-22T18:21:11+00:00","mainEntityOfPage":{"@id":"https:\/\/eleicoes.apublica.org\/2018\/2018\/08\/doutor-rosinha-usa-dados-desatualizados-sobre-mortalidade-materna-no-parana\/"},"wordCount":629,"image":{"@id":"https:\/\/eleicoes.apublica.org\/2018\/2018\/08\/doutor-rosinha-usa-dados-desatualizados-sobre-mortalidade-materna-no-parana\/#primaryimage"},"thumbnailUrl":"https:\/\/i0.wp.com\/eleicoes.apublica.org\/2018\/wp-content\/uploads\/2018\/08\/gravidez.jpg?fit=600%2C400&ssl=1","keywords":["Sa\u00fade"],"inLanguage":"pt-BR"},{"@type":"WebPage","@id":"https:\/\/eleicoes.apublica.org\/2018\/2018\/08\/doutor-rosinha-usa-dados-desatualizados-sobre-mortalidade-materna-no-parana\/","url":"https:\/\/eleicoes.apublica.org\/2018\/2018\/08\/doutor-rosinha-usa-dados-desatualizados-sobre-mortalidade-materna-no-parana\/","name":"Doutor Rosinha usa dados desatualizados sobre mortalidade materna no Paran\u00e1 - Truco2018","isPartOf":{"@id":"https:\/\/eleicoes.apublica.org\/2018\/#website"},"primaryImageOfPage":{"@id":"https:\/\/eleicoes.apublica.org\/2018\/2018\/08\/doutor-rosinha-usa-dados-desatualizados-sobre-mortalidade-materna-no-parana\/#primaryimage"},"image":{"@id":"https:\/\/eleicoes.apublica.org\/2018\/2018\/08\/doutor-rosinha-usa-dados-desatualizados-sobre-mortalidade-materna-no-parana\/#primaryimage"},"thumbnailUrl":"https:\/\/i0.wp.com\/eleicoes.apublica.org\/2018\/wp-content\/uploads\/2018\/08\/gravidez.jpg?fit=600%2C400&ssl=1","datePublished":"2018-08-22T13:35:57+00:00","dateModified":"2018-08-22T18:21:11+00:00","author":{"@id":"https:\/\/eleicoes.apublica.org\/2018\/#\/schema\/person\/0669d96744fcb69f1110b122f2cfabc0"},"breadcrumb":{"@id":"https:\/\/eleicoes.apublica.org\/2018\/2018\/08\/doutor-rosinha-usa-dados-desatualizados-sobre-mortalidade-materna-no-parana\/#breadcrumb"},"inLanguage":"pt-BR","potentialAction":[{"@type":"ReadAction","target":["https:\/\/eleicoes.apublica.org\/2018\/2018\/08\/doutor-rosinha-usa-dados-desatualizados-sobre-mortalidade-materna-no-parana\/"]}]},{"@type":"ImageObject","inLanguage":"pt-BR","@id":"https:\/\/eleicoes.apublica.org\/2018\/2018\/08\/doutor-rosinha-usa-dados-desatualizados-sobre-mortalidade-materna-no-parana\/#primaryimage","url":"https:\/\/i0.wp.com\/eleicoes.apublica.org\/2018\/wp-content\/uploads\/2018\/08\/gravidez.jpg?fit=600%2C400&ssl=1","contentUrl":"https:\/\/i0.wp.com\/eleicoes.apublica.org\/2018\/wp-content\/uploads\/2018\/08\/gravidez.jpg?fit=600%2C400&ssl=1","width":600,"height":400,"caption":"1. pregnancy"},{"@type":"BreadcrumbList","@id":"https:\/\/eleicoes.apublica.org\/2018\/2018\/08\/doutor-rosinha-usa-dados-desatualizados-sobre-mortalidade-materna-no-parana\/#breadcrumb","itemListElement":[{"@type":"ListItem","position":1,"name":"In\u00edcio","item":"https:\/\/eleicoes.apublica.org\/2018\/"},{"@type":"ListItem","position":2,"name":"Doutor Rosinha usa dados desatualizados sobre mortalidade materna no Paran\u00e1"}]},{"@type":"WebSite","@id":"https:\/\/eleicoes.apublica.org\/2018\/#website","url":"https:\/\/eleicoes.apublica.org\/2018\/","name":"Truco2018","description":"Truco nos estados - Checamos as declara\u00e7\u00f5es de candidatos e boatos que circulam sobre as elei\u00e7\u00f5es para o governo de Minas, Cear\u00e1, S\u00e3o Paulo, Rio Grande do Sul, Par\u00e1, Paran\u00e1, Pernambuco.","potentialAction":[{"@type":"SearchAction","target":{"@type":"EntryPoint","urlTemplate":"https:\/\/eleicoes.apublica.org\/2018\/?s={search_term_string}"},"query-input":{"@type":"PropertyValueSpecification","valueRequired":true,"valueName":"search_term_string"}}],"inLanguage":"pt-BR"},{"@type":"Person","@id":"https:\/\/eleicoes.apublica.org\/2018\/#\/schema\/person\/0669d96744fcb69f1110b122f2cfabc0","name":"Jos\u00e9 L\u00e1zaro Jr.","image":{"@type":"ImageObject","inLanguage":"pt-BR","@id":"https:\/\/secure.gravatar.com\/avatar\/53f3bb3b47261d2f0a59d4368ee8ac71e0ebe4ca6d0144b462955370b8467071?s=96&d=mm&r=g3e6bab1fe2a4bd0a1e9281ea248f29dc","url":"https:\/\/secure.gravatar.com\/avatar\/53f3bb3b47261d2f0a59d4368ee8ac71e0ebe4ca6d0144b462955370b8467071?s=96&d=mm&r=g","contentUrl":"https:\/\/secure.gravatar.com\/avatar\/53f3bb3b47261d2f0a59d4368ee8ac71e0ebe4ca6d0144b462955370b8467071?s=96&d=mm&r=g","caption":"Jos\u00e9 L\u00e1zaro Jr."},"description":"Passou pela Revista Ideias e Folha de Londrina antes da funda\u00e7\u00e3o do Livre.jor, a primeira ag\u00eancia de jornalismo-mosca do Brasil. Doutorando em sociologia na UFPR.","sameAs":["http:\/\/livre.jor.br","https:\/\/x.com\/zelazaro"],"url":"https:\/\/eleicoes.apublica.org\/2018\/author\/jose-lazaro-jr\/"}]}},"jetpack_featured_media_url":"https:\/\/i0.wp.com\/eleicoes.apublica.org\/2018\/wp-content\/uploads\/2018\/08\/gravidez.jpg?fit=600%2C400&ssl=1","jetpack_shortlink":"https:\/\/wp.me\/pbyYl8-mY","jetpack_sharing_enabled":true,"_links":{"self":[{"href":"https:\/\/eleicoes.apublica.org\/2018\/wp-json\/wp\/v2\/posts\/1424","targetHints":{"allow":["GET"]}}],"collection":[{"href":"https:\/\/eleicoes.apublica.org\/2018\/wp-json\/wp\/v2\/posts"}],"about":[{"href":"https:\/\/eleicoes.apublica.org\/2018\/wp-json\/wp\/v2\/types\/post"}],"author":[{"embeddable":true,"href":"https:\/\/eleicoes.apublica.org\/2018\/wp-json\/wp\/v2\/users\/24"}],"replies":[{"embeddable":true,"href":"https:\/\/eleicoes.apublica.org\/2018\/wp-json\/wp\/v2\/comments?post=1424"}],"version-history":[{"count":4,"href":"https:\/\/eleicoes.apublica.org\/2018\/wp-json\/wp\/v2\/posts\/1424\/revisions"}],"predecessor-version":[{"id":1436,"href":"https:\/\/eleicoes.apublica.org\/2018\/wp-json\/wp\/v2\/posts\/1424\/revisions\/1436"}],"wp:featuredmedia":[{"embeddable":true,"href":"https:\/\/eleicoes.apublica.org\/2018\/wp-json\/wp\/v2\/media\/1432"}],"wp:attachment":[{"href":"https:\/\/eleicoes.apublica.org\/2018\/wp-json\/wp\/v2\/media?parent=1424"}],"wp:term":[{"taxonomy":"category","embeddable":true,"href":"https:\/\/eleicoes.apublica.org\/2018\/wp-json\/wp\/v2\/categories?post=1424"},{"taxonomy":"post_tag","embeddable":true,"href":"https:\/\/eleicoes.apublica.org\/2018\/wp-json\/wp\/v2\/tags?post=1424"},{"taxonomy":"author","embeddable":true,"href":"https:\/\/eleicoes.apublica.org\/2018\/wp-json\/wp\/v2\/coauthors?post=1424"}],"curies":[{"name":"wp","href":"https:\/\/api.w.org\/{rel}","templated":true}]}}