{"id":1581,"date":"2018-08-27T09:00:09","date_gmt":"2018-08-27T12:00:09","guid":{"rendered":"https:\/\/truco2018.apublica.org\/?p=1581"},"modified":"2018-08-27T14:24:11","modified_gmt":"2018-08-27T17:24:11","slug":"simone-usa-dados-corretos-para-falar-de-mortalidade-materna-em-pernambuco","status":"publish","type":"post","link":"https:\/\/eleicoes.apublica.org\/2018\/2018\/08\/simone-usa-dados-corretos-para-falar-de-mortalidade-materna-em-pernambuco\/","title":{"rendered":"Simone usa dados corretos para falar de mortalidade materna em Pernambuco"},"content":{"rendered":"<p><span style=\"font-weight: 400;\">\u201c<\/span><b>Pernambuco registrou de 2011 a 2016, 492 mortes maternas\u201d <\/b><span style=\"font-weight: 400;\">&#8211; Simone Fontana (PSTU), em sabatina na R\u00e1dio Folha PE, dia 22 de agosto.<\/span><\/p>\n<p><span style=\"font-weight: 400;\">Sabatinada pela R\u00e1dio Folha, Simone Fontana (PSTU) ressaltou dados sobre \u00f3bito materno criticando a condu\u00e7\u00e3o dos investimentos na \u00e1rea de sa\u00fade em Pernambuco. Procurada pelo Truco nos Estados \u2013 projeto de fact-checking da Ag\u00eancia P\u00fablica feito em Pernambuco, em parceria com a Marco Zero Conte\u00fado, a assessoria de imprensa da candidata afirmou que a informa\u00e7\u00e3o foi tirada do documento do Tribunal de Contas do Estado de Pernambuco, que por sua vez usou dados do SIM &#8211; Sistema de Informa\u00e7\u00f5es sobre Mortalidade (<\/span><a href=\"http:\/\/www.datasus.gov.br\/\"><span style=\"font-weight: 400;\">DATASUS<\/span><\/a><span style=\"font-weight: 400;\">). O Truco foi em busca do \u00edndice de mortalidade materna em Pernambuco nas fontes citadas e o selo atribu\u00eddo \u00e0 declara\u00e7\u00e3o foi \u201cVerdadeiro\u201d. <\/span><\/p>\n<p><span style=\"font-weight: 400;\">No DATASUS, l\u00ea-se \u201cmortes maternas\u201d como \u00f3bitos maternos, categoria que est\u00e1 documentada anualmente desde 1996. Checamos o quantitativo de cada ano do per\u00edodo evidenciado pela candidata do PSTU, que foi de 2011 a 2016.<\/span><\/p>\n<div class=\"infogram-embed\" data-id=\"c5cf9414-a2b5-4deb-997d-07bb8a3a8507\" data-type=\"interactive\" data-title=\"\u00d3bitos maternos em Pernambuco (2011 a 2016)\"><\/div>\n<p><script>!function(e,t,n,s){var i=\"InfogramEmbeds\",o=e.getElementsByTagName(t)[0],d=\/^http:\/.test(e.location)?\"http:\":\"https:\";if(\/^\\\/{2}\/.test(s)&&(s=d+s),window[i]&&window[i].initialized)window[i].process&&window[i].process();else if(!e.getElementById(n)){var a=e.createElement(t);a.async=1,a.id=n,a.src=s,o.parentNode.insertBefore(a,o)}}(document,\"script\",\"infogram-async\",\"https:\/\/e.infogram.com\/js\/dist\/embed-loader-min.js\");<\/script><\/p>\n<div style=\"padding: 8px 0; font-family: Arial!important; font-size: 13px!important; line-height: 15px!important; text-align: center; border-top: 1px solid #dadada; margin: 0 30px;\"><a style=\"color: #989898!important; text-decoration: none!important;\" href=\"https:\/\/infogram.com\/c5cf9414-a2b5-4deb-997d-07bb8a3a8507\" target=\"_blank\" rel=\"noopener\">\u00d3bitos maternos em Pernambuco (2011 a 2016)<\/a><br \/>\n<a style=\"color: #989898!important; text-decoration: none!important;\" href=\"https:\/\/infogram.com\" target=\"_blank\" rel=\"nofollow noopener\">Infogram<\/a><\/div>\n<p><span style=\"font-weight: 400;\">De posse dos dados, somamos os \u00edndices dos seis anos recortados por Simone e chegamos ao total de 503 \u00f3bitos maternos ocorridos no per\u00edodo de 2011 a 2016. No c\u00e1lculo feito pelo Truco, constatamos 11 ocorr\u00eancias a mais do que as \u201c492 mortes maternas\u201d apresentadas pela candidata .<\/span><\/p>\n<p><span style=\"font-weight: 400;\">Como a diferen\u00e7a de 11 casos n\u00e3o muda a ess\u00eancia da informa\u00e7\u00e3o e representa uma varia\u00e7\u00e3o menor que 5% (-2,1%), n\u00famero aceito pela nossa metodologia para considerar o dado correto, o selo escolhido para a frase foi \u201cVerdadeiro\u201d.<\/span><\/p>\n","protected":false},"excerpt":{"rendered":"<p>N\u00fameros dispon\u00edveis no DATASUS s\u00e3o praticamente os mesmos que os apresentados pela candidata do PSTU para criticar investimentos na \u00e1rea de sa\u00fade do estado<\/p>\n","protected":false},"author":14,"featured_media":1590,"comment_status":"closed","ping_status":"open","sticky":false,"template":"","format":"standard","meta":{"_acf_changed":false,"_jetpack_memberships_contains_paid_content":false,"footnotes":""},"categories":[1],"tags":[34],"coauthors":[24],"class_list":["post-1581","post","type-post","status-publish","format-standard","has-post-thumbnail","hentry","category-sem-categoria","tag-saude"],"acf":{"truco":{"value":"verdadeiro","label":"Verdadeiro"},"resumido":"N\u00fameros dispon\u00edveis no DATASUS s\u00e3o praticamente os mesmos que os apresentados pela candidata do PSTU para criticar investimentos na \u00e1rea de sa\u00fade do estado","descricao":"\u201cPernambuco registrou de 2011 a 2016, 492 mortes maternas\u201d","autor":"Simone Fontana, candidata a governadora pelo PSTU","candidato":{"ID":517,"post_author":"10","post_date":"2018-08-09 14:14:15","post_date_gmt":"2018-08-09 17:14:15","post_content":"<span style=\"font-weight: 400;\">Simone Fontana, 52 anos, \u00e9 candidata do PSTU ao governo de Pernambuco. Formada em Pedagogia pela Fafire (Faculdade Frassinetti do Recife), trabalhou durante 32 anos como professora nas redes estadual e municipal de ensino. Com longa trajet\u00f3ria no movimento sindical, foi uma das fundadoras do PSTU em Pernambuco e dirigente do Simpere (Sindicato Municipal dos Profissionais de Ensino da Rede Oficial do Recife). O candidato a vice \u00e9 o sindicalista Jair Pedro (PSTU).<\/span>\r\n\r\n<span style=\"font-weight: 400;\">Nascida em S\u00e3o Paulo, Simone j\u00e1 foi candidata em outras elei\u00e7\u00f5es em Pernambuco: prefeita do Recife, deputada e senadora. <\/span>","post_title":"Simone Fontana","post_excerpt":"","post_status":"publish","comment_status":"closed","ping_status":"closed","post_password":"","post_name":"simone-fontana","to_ping":"","pinged":"","post_modified":"2018-08-13 11:20:16","post_modified_gmt":"2018-08-13 14:20:16","post_content_filtered":"","post_parent":0,"guid":"https:\/\/truco2018.apublica.org\/?post_type=candidato&#038;p=517","menu_order":0,"post_type":"candidato","post_mime_type":"","comment_count":"0","filter":"raw"},"pizza":"[]","estado":{"term_id":13,"name":"Pernambuco","slug":"pernambuco","term_group":0,"term_taxonomy_id":13,"taxonomy":"estado","description":"A Marco Zero Conte\u00fado \u00e9 uma organiza\u00e7\u00e3o sem fins lucrativos baseada na cidade do Recife e que tem entre seus objetivos qualificar o debate p\u00fablico, praticando o jornalismo investigativo e independente.\r\n","parent":0,"count":8,"filter":"raw"}},"yoast_head":"<!-- This site is optimized with the Yoast SEO plugin v27.5 - https:\/\/yoast.com\/product\/yoast-seo-wordpress\/ -->\n<title>Simone usa dados corretos para falar de mortalidade materna em Pernambuco - Truco2018<\/title>\n<meta name=\"robots\" content=\"index, follow, max-snippet:-1, max-image-preview:large, max-video-preview:-1\" \/>\n<link rel=\"canonical\" href=\"https:\/\/eleicoes.apublica.org\/2018\/2018\/08\/simone-usa-dados-corretos-para-falar-de-mortalidade-materna-em-pernambuco\/\" \/>\n<meta property=\"og:locale\" content=\"pt_BR\" \/>\n<meta property=\"og:type\" content=\"article\" \/>\n<meta property=\"og:title\" content=\"Simone usa dados corretos para falar de mortalidade materna em Pernambuco - Truco2018\" \/>\n<meta property=\"og:description\" content=\"N\u00fameros dispon\u00edveis no DATASUS s\u00e3o praticamente os mesmos que os apresentados pela candidata do PSTU para criticar investimentos na \u00e1rea de sa\u00fade do estado\" \/>\n<meta property=\"og:url\" content=\"https:\/\/eleicoes.apublica.org\/2018\/2018\/08\/simone-usa-dados-corretos-para-falar-de-mortalidade-materna-em-pernambuco\/\" \/>\n<meta property=\"og:site_name\" content=\"Truco2018\" \/>\n<meta property=\"article:published_time\" content=\"2018-08-27T12:00:09+00:00\" \/>\n<meta property=\"article:modified_time\" content=\"2018-08-27T17:24:11+00:00\" \/>\n<meta property=\"og:image\" content=\"https:\/\/i0.wp.com\/eleicoes.apublica.org\/2018\/wp-content\/uploads\/2018\/08\/Somone-R\u00e1dio-Folha.jpg?fit=930%2C522&ssl=1\" \/>\n\t<meta property=\"og:image:width\" content=\"930\" \/>\n\t<meta property=\"og:image:height\" content=\"522\" \/>\n\t<meta property=\"og:image:type\" content=\"image\/jpeg\" \/>\n<meta name=\"author\" content=\"Helena Dias\" \/>\n<meta name=\"twitter:card\" content=\"summary_large_image\" \/>\n<meta name=\"twitter:label1\" content=\"Escrito por\" \/>\n\t<meta name=\"twitter:data1\" content=\"Helena Dias\" \/>\n\t<meta name=\"twitter:label2\" content=\"Est. tempo de leitura\" \/>\n\t<meta name=\"twitter:data2\" content=\"1 minuto\" \/>\n\t<meta name=\"twitter:label3\" content=\"Written by\" \/>\n\t<meta name=\"twitter:data3\" content=\"Helena Dias\" \/>\n<script type=\"application\/ld+json\" class=\"yoast-schema-graph\">{\"@context\":\"https:\\\/\\\/schema.org\",\"@graph\":[{\"@type\":\"Article\",\"@id\":\"https:\\\/\\\/eleicoes.apublica.org\\\/2018\\\/2018\\\/08\\\/simone-usa-dados-corretos-para-falar-de-mortalidade-materna-em-pernambuco\\\/#article\",\"isPartOf\":{\"@id\":\"https:\\\/\\\/eleicoes.apublica.org\\\/2018\\\/2018\\\/08\\\/simone-usa-dados-corretos-para-falar-de-mortalidade-materna-em-pernambuco\\\/\"},\"author\":{\"name\":\"Helena Dias\",\"@id\":\"https:\\\/\\\/eleicoes.apublica.org\\\/2018\\\/#\\\/schema\\\/person\\\/23f794671021fc7340ec02915cbc683a\"},\"headline\":\"Simone usa dados corretos para falar de mortalidade materna em Pernambuco\",\"datePublished\":\"2018-08-27T12:00:09+00:00\",\"dateModified\":\"2018-08-27T17:24:11+00:00\",\"mainEntityOfPage\":{\"@id\":\"https:\\\/\\\/eleicoes.apublica.org\\\/2018\\\/2018\\\/08\\\/simone-usa-dados-corretos-para-falar-de-mortalidade-materna-em-pernambuco\\\/\"},\"wordCount\":270,\"image\":{\"@id\":\"https:\\\/\\\/eleicoes.apublica.org\\\/2018\\\/2018\\\/08\\\/simone-usa-dados-corretos-para-falar-de-mortalidade-materna-em-pernambuco\\\/#primaryimage\"},\"thumbnailUrl\":\"https:\\\/\\\/i0.wp.com\\\/eleicoes.apublica.org\\\/2018\\\/wp-content\\\/uploads\\\/2018\\\/08\\\/Somone-R%C3%A1dio-Folha.jpg?fit=930%2C522&ssl=1\",\"keywords\":[\"Sa\u00fade\"],\"inLanguage\":\"pt-BR\"},{\"@type\":\"WebPage\",\"@id\":\"https:\\\/\\\/eleicoes.apublica.org\\\/2018\\\/2018\\\/08\\\/simone-usa-dados-corretos-para-falar-de-mortalidade-materna-em-pernambuco\\\/\",\"url\":\"https:\\\/\\\/eleicoes.apublica.org\\\/2018\\\/2018\\\/08\\\/simone-usa-dados-corretos-para-falar-de-mortalidade-materna-em-pernambuco\\\/\",\"name\":\"Simone usa dados corretos para falar de mortalidade materna em Pernambuco - Truco2018\",\"isPartOf\":{\"@id\":\"https:\\\/\\\/eleicoes.apublica.org\\\/2018\\\/#website\"},\"primaryImageOfPage\":{\"@id\":\"https:\\\/\\\/eleicoes.apublica.org\\\/2018\\\/2018\\\/08\\\/simone-usa-dados-corretos-para-falar-de-mortalidade-materna-em-pernambuco\\\/#primaryimage\"},\"image\":{\"@id\":\"https:\\\/\\\/eleicoes.apublica.org\\\/2018\\\/2018\\\/08\\\/simone-usa-dados-corretos-para-falar-de-mortalidade-materna-em-pernambuco\\\/#primaryimage\"},\"thumbnailUrl\":\"https:\\\/\\\/i0.wp.com\\\/eleicoes.apublica.org\\\/2018\\\/wp-content\\\/uploads\\\/2018\\\/08\\\/Somone-R%C3%A1dio-Folha.jpg?fit=930%2C522&ssl=1\",\"datePublished\":\"2018-08-27T12:00:09+00:00\",\"dateModified\":\"2018-08-27T17:24:11+00:00\",\"author\":{\"@id\":\"https:\\\/\\\/eleicoes.apublica.org\\\/2018\\\/#\\\/schema\\\/person\\\/23f794671021fc7340ec02915cbc683a\"},\"breadcrumb\":{\"@id\":\"https:\\\/\\\/eleicoes.apublica.org\\\/2018\\\/2018\\\/08\\\/simone-usa-dados-corretos-para-falar-de-mortalidade-materna-em-pernambuco\\\/#breadcrumb\"},\"inLanguage\":\"pt-BR\",\"potentialAction\":[{\"@type\":\"ReadAction\",\"target\":[\"https:\\\/\\\/eleicoes.apublica.org\\\/2018\\\/2018\\\/08\\\/simone-usa-dados-corretos-para-falar-de-mortalidade-materna-em-pernambuco\\\/\"]}]},{\"@type\":\"ImageObject\",\"inLanguage\":\"pt-BR\",\"@id\":\"https:\\\/\\\/eleicoes.apublica.org\\\/2018\\\/2018\\\/08\\\/simone-usa-dados-corretos-para-falar-de-mortalidade-materna-em-pernambuco\\\/#primaryimage\",\"url\":\"https:\\\/\\\/i0.wp.com\\\/eleicoes.apublica.org\\\/2018\\\/wp-content\\\/uploads\\\/2018\\\/08\\\/Somone-R%C3%A1dio-Folha.jpg?fit=930%2C522&ssl=1\",\"contentUrl\":\"https:\\\/\\\/i0.wp.com\\\/eleicoes.apublica.org\\\/2018\\\/wp-content\\\/uploads\\\/2018\\\/08\\\/Somone-R%C3%A1dio-Folha.jpg?fit=930%2C522&ssl=1\",\"width\":930,\"height\":522},{\"@type\":\"BreadcrumbList\",\"@id\":\"https:\\\/\\\/eleicoes.apublica.org\\\/2018\\\/2018\\\/08\\\/simone-usa-dados-corretos-para-falar-de-mortalidade-materna-em-pernambuco\\\/#breadcrumb\",\"itemListElement\":[{\"@type\":\"ListItem\",\"position\":1,\"name\":\"In\u00edcio\",\"item\":\"https:\\\/\\\/eleicoes.apublica.org\\\/2018\\\/\"},{\"@type\":\"ListItem\",\"position\":2,\"name\":\"Simone usa dados corretos para falar de mortalidade materna em Pernambuco\"}]},{\"@type\":\"WebSite\",\"@id\":\"https:\\\/\\\/eleicoes.apublica.org\\\/2018\\\/#website\",\"url\":\"https:\\\/\\\/eleicoes.apublica.org\\\/2018\\\/\",\"name\":\"Truco2018\",\"description\":\"Truco nos estados - Checamos as declara\u00e7\u00f5es de candidatos e boatos que circulam sobre as elei\u00e7\u00f5es para o governo de Minas, Cear\u00e1, S\u00e3o Paulo, Rio Grande do Sul, Par\u00e1, Paran\u00e1, Pernambuco.\",\"potentialAction\":[{\"@type\":\"SearchAction\",\"target\":{\"@type\":\"EntryPoint\",\"urlTemplate\":\"https:\\\/\\\/eleicoes.apublica.org\\\/2018\\\/?s={search_term_string}\"},\"query-input\":{\"@type\":\"PropertyValueSpecification\",\"valueRequired\":true,\"valueName\":\"search_term_string\"}}],\"inLanguage\":\"pt-BR\"},{\"@type\":\"Person\",\"@id\":\"https:\\\/\\\/eleicoes.apublica.org\\\/2018\\\/#\\\/schema\\\/person\\\/23f794671021fc7340ec02915cbc683a\",\"name\":\"Helena Dias\",\"image\":{\"@type\":\"ImageObject\",\"inLanguage\":\"pt-BR\",\"@id\":\"https:\\\/\\\/secure.gravatar.com\\\/avatar\\\/d5b1e0d9915b6c9f3b15a7b9bd2ad0be6c681fe4afdf362e614a452e27178428?s=96&d=mm&r=gf2196c77ec84df79432f3f8b5e3b4e46\",\"url\":\"https:\\\/\\\/secure.gravatar.com\\\/avatar\\\/d5b1e0d9915b6c9f3b15a7b9bd2ad0be6c681fe4afdf362e614a452e27178428?s=96&d=mm&r=g\",\"contentUrl\":\"https:\\\/\\\/secure.gravatar.com\\\/avatar\\\/d5b1e0d9915b6c9f3b15a7b9bd2ad0be6c681fe4afdf362e614a452e27178428?s=96&d=mm&r=g\",\"caption\":\"Helena Dias\"},\"url\":\"https:\\\/\\\/eleicoes.apublica.org\\\/2018\\\/author\\\/helena-dias\\\/\"}]}<\/script>\n<!-- \/ Yoast SEO plugin. -->","yoast_head_json":{"title":"Simone usa dados corretos para falar de mortalidade materna em Pernambuco - Truco2018","robots":{"index":"index","follow":"follow","max-snippet":"max-snippet:-1","max-image-preview":"max-image-preview:large","max-video-preview":"max-video-preview:-1"},"canonical":"https:\/\/eleicoes.apublica.org\/2018\/2018\/08\/simone-usa-dados-corretos-para-falar-de-mortalidade-materna-em-pernambuco\/","og_locale":"pt_BR","og_type":"article","og_title":"Simone usa dados corretos para falar de mortalidade materna em Pernambuco - Truco2018","og_description":"N\u00fameros dispon\u00edveis no DATASUS s\u00e3o praticamente os mesmos que os apresentados pela candidata do PSTU para criticar investimentos na \u00e1rea de sa\u00fade do estado","og_url":"https:\/\/eleicoes.apublica.org\/2018\/2018\/08\/simone-usa-dados-corretos-para-falar-de-mortalidade-materna-em-pernambuco\/","og_site_name":"Truco2018","article_published_time":"2018-08-27T12:00:09+00:00","article_modified_time":"2018-08-27T17:24:11+00:00","og_image":[{"width":930,"height":522,"url":"https:\/\/i0.wp.com\/eleicoes.apublica.org\/2018\/wp-content\/uploads\/2018\/08\/Somone-R\u00e1dio-Folha.jpg?fit=930%2C522&ssl=1","type":"image\/jpeg"}],"author":"Helena Dias","twitter_card":"summary_large_image","twitter_misc":{"Escrito por":"Helena Dias","Est. tempo de leitura":"1 minuto","Written by":"Helena Dias"},"schema":{"@context":"https:\/\/schema.org","@graph":[{"@type":"Article","@id":"https:\/\/eleicoes.apublica.org\/2018\/2018\/08\/simone-usa-dados-corretos-para-falar-de-mortalidade-materna-em-pernambuco\/#article","isPartOf":{"@id":"https:\/\/eleicoes.apublica.org\/2018\/2018\/08\/simone-usa-dados-corretos-para-falar-de-mortalidade-materna-em-pernambuco\/"},"author":{"name":"Helena Dias","@id":"https:\/\/eleicoes.apublica.org\/2018\/#\/schema\/person\/23f794671021fc7340ec02915cbc683a"},"headline":"Simone usa dados corretos para falar de mortalidade materna em Pernambuco","datePublished":"2018-08-27T12:00:09+00:00","dateModified":"2018-08-27T17:24:11+00:00","mainEntityOfPage":{"@id":"https:\/\/eleicoes.apublica.org\/2018\/2018\/08\/simone-usa-dados-corretos-para-falar-de-mortalidade-materna-em-pernambuco\/"},"wordCount":270,"image":{"@id":"https:\/\/eleicoes.apublica.org\/2018\/2018\/08\/simone-usa-dados-corretos-para-falar-de-mortalidade-materna-em-pernambuco\/#primaryimage"},"thumbnailUrl":"https:\/\/i0.wp.com\/eleicoes.apublica.org\/2018\/wp-content\/uploads\/2018\/08\/Somone-R%C3%A1dio-Folha.jpg?fit=930%2C522&ssl=1","keywords":["Sa\u00fade"],"inLanguage":"pt-BR"},{"@type":"WebPage","@id":"https:\/\/eleicoes.apublica.org\/2018\/2018\/08\/simone-usa-dados-corretos-para-falar-de-mortalidade-materna-em-pernambuco\/","url":"https:\/\/eleicoes.apublica.org\/2018\/2018\/08\/simone-usa-dados-corretos-para-falar-de-mortalidade-materna-em-pernambuco\/","name":"Simone usa dados corretos para falar de mortalidade materna em Pernambuco - Truco2018","isPartOf":{"@id":"https:\/\/eleicoes.apublica.org\/2018\/#website"},"primaryImageOfPage":{"@id":"https:\/\/eleicoes.apublica.org\/2018\/2018\/08\/simone-usa-dados-corretos-para-falar-de-mortalidade-materna-em-pernambuco\/#primaryimage"},"image":{"@id":"https:\/\/eleicoes.apublica.org\/2018\/2018\/08\/simone-usa-dados-corretos-para-falar-de-mortalidade-materna-em-pernambuco\/#primaryimage"},"thumbnailUrl":"https:\/\/i0.wp.com\/eleicoes.apublica.org\/2018\/wp-content\/uploads\/2018\/08\/Somone-R%C3%A1dio-Folha.jpg?fit=930%2C522&ssl=1","datePublished":"2018-08-27T12:00:09+00:00","dateModified":"2018-08-27T17:24:11+00:00","author":{"@id":"https:\/\/eleicoes.apublica.org\/2018\/#\/schema\/person\/23f794671021fc7340ec02915cbc683a"},"breadcrumb":{"@id":"https:\/\/eleicoes.apublica.org\/2018\/2018\/08\/simone-usa-dados-corretos-para-falar-de-mortalidade-materna-em-pernambuco\/#breadcrumb"},"inLanguage":"pt-BR","potentialAction":[{"@type":"ReadAction","target":["https:\/\/eleicoes.apublica.org\/2018\/2018\/08\/simone-usa-dados-corretos-para-falar-de-mortalidade-materna-em-pernambuco\/"]}]},{"@type":"ImageObject","inLanguage":"pt-BR","@id":"https:\/\/eleicoes.apublica.org\/2018\/2018\/08\/simone-usa-dados-corretos-para-falar-de-mortalidade-materna-em-pernambuco\/#primaryimage","url":"https:\/\/i0.wp.com\/eleicoes.apublica.org\/2018\/wp-content\/uploads\/2018\/08\/Somone-R%C3%A1dio-Folha.jpg?fit=930%2C522&ssl=1","contentUrl":"https:\/\/i0.wp.com\/eleicoes.apublica.org\/2018\/wp-content\/uploads\/2018\/08\/Somone-R%C3%A1dio-Folha.jpg?fit=930%2C522&ssl=1","width":930,"height":522},{"@type":"BreadcrumbList","@id":"https:\/\/eleicoes.apublica.org\/2018\/2018\/08\/simone-usa-dados-corretos-para-falar-de-mortalidade-materna-em-pernambuco\/#breadcrumb","itemListElement":[{"@type":"ListItem","position":1,"name":"In\u00edcio","item":"https:\/\/eleicoes.apublica.org\/2018\/"},{"@type":"ListItem","position":2,"name":"Simone usa dados corretos para falar de mortalidade materna em Pernambuco"}]},{"@type":"WebSite","@id":"https:\/\/eleicoes.apublica.org\/2018\/#website","url":"https:\/\/eleicoes.apublica.org\/2018\/","name":"Truco2018","description":"Truco nos estados - Checamos as declara\u00e7\u00f5es de candidatos e boatos que circulam sobre as elei\u00e7\u00f5es para o governo de Minas, Cear\u00e1, S\u00e3o Paulo, Rio Grande do Sul, Par\u00e1, Paran\u00e1, Pernambuco.","potentialAction":[{"@type":"SearchAction","target":{"@type":"EntryPoint","urlTemplate":"https:\/\/eleicoes.apublica.org\/2018\/?s={search_term_string}"},"query-input":{"@type":"PropertyValueSpecification","valueRequired":true,"valueName":"search_term_string"}}],"inLanguage":"pt-BR"},{"@type":"Person","@id":"https:\/\/eleicoes.apublica.org\/2018\/#\/schema\/person\/23f794671021fc7340ec02915cbc683a","name":"Helena Dias","image":{"@type":"ImageObject","inLanguage":"pt-BR","@id":"https:\/\/secure.gravatar.com\/avatar\/d5b1e0d9915b6c9f3b15a7b9bd2ad0be6c681fe4afdf362e614a452e27178428?s=96&d=mm&r=gf2196c77ec84df79432f3f8b5e3b4e46","url":"https:\/\/secure.gravatar.com\/avatar\/d5b1e0d9915b6c9f3b15a7b9bd2ad0be6c681fe4afdf362e614a452e27178428?s=96&d=mm&r=g","contentUrl":"https:\/\/secure.gravatar.com\/avatar\/d5b1e0d9915b6c9f3b15a7b9bd2ad0be6c681fe4afdf362e614a452e27178428?s=96&d=mm&r=g","caption":"Helena Dias"},"url":"https:\/\/eleicoes.apublica.org\/2018\/author\/helena-dias\/"}]}},"jetpack_featured_media_url":"https:\/\/i0.wp.com\/eleicoes.apublica.org\/2018\/wp-content\/uploads\/2018\/08\/Somone-R%C3%A1dio-Folha.jpg?fit=930%2C522&ssl=1","jetpack_shortlink":"https:\/\/wp.me\/pbyYl8-pv","jetpack_sharing_enabled":true,"_links":{"self":[{"href":"https:\/\/eleicoes.apublica.org\/2018\/wp-json\/wp\/v2\/posts\/1581","targetHints":{"allow":["GET"]}}],"collection":[{"href":"https:\/\/eleicoes.apublica.org\/2018\/wp-json\/wp\/v2\/posts"}],"about":[{"href":"https:\/\/eleicoes.apublica.org\/2018\/wp-json\/wp\/v2\/types\/post"}],"author":[{"embeddable":true,"href":"https:\/\/eleicoes.apublica.org\/2018\/wp-json\/wp\/v2\/users\/14"}],"replies":[{"embeddable":true,"href":"https:\/\/eleicoes.apublica.org\/2018\/wp-json\/wp\/v2\/comments?post=1581"}],"version-history":[{"count":6,"href":"https:\/\/eleicoes.apublica.org\/2018\/wp-json\/wp\/v2\/posts\/1581\/revisions"}],"predecessor-version":[{"id":1642,"href":"https:\/\/eleicoes.apublica.org\/2018\/wp-json\/wp\/v2\/posts\/1581\/revisions\/1642"}],"wp:featuredmedia":[{"embeddable":true,"href":"https:\/\/eleicoes.apublica.org\/2018\/wp-json\/wp\/v2\/media\/1590"}],"wp:attachment":[{"href":"https:\/\/eleicoes.apublica.org\/2018\/wp-json\/wp\/v2\/media?parent=1581"}],"wp:term":[{"taxonomy":"category","embeddable":true,"href":"https:\/\/eleicoes.apublica.org\/2018\/wp-json\/wp\/v2\/categories?post=1581"},{"taxonomy":"post_tag","embeddable":true,"href":"https:\/\/eleicoes.apublica.org\/2018\/wp-json\/wp\/v2\/tags?post=1581"},{"taxonomy":"author","embeddable":true,"href":"https:\/\/eleicoes.apublica.org\/2018\/wp-json\/wp\/v2\/coauthors?post=1581"}],"curies":[{"name":"wp","href":"https:\/\/api.w.org\/{rel}","templated":true}]}}