{"id":1844,"date":"2018-08-30T09:00:12","date_gmt":"2018-08-30T12:00:12","guid":{"rendered":"https:\/\/truco2018.apublica.org\/?p=1844"},"modified":"2018-08-29T18:49:58","modified_gmt":"2018-08-29T21:49:58","slug":"armando-critica-superpopulacao-carceraria-de-pernambuco-mas-exagera","status":"publish","type":"post","link":"https:\/\/eleicoes.apublica.org\/2018\/2018\/08\/armando-critica-superpopulacao-carceraria-de-pernambuco-mas-exagera\/","title":{"rendered":"Armando critica superpopula\u00e7\u00e3o carcer\u00e1ria de Pernambuco, mas exagera"},"content":{"rendered":"<p><b>&#8220;(S\u00e3o) 30 mil detentos e, em condi\u00e7\u00f5es normais, s\u00f3 ter\u00edamos condi\u00e7\u00f5es de oferecer 10 mil vagas&#8221;<\/b><span style=\"font-weight: 400;\"> &#8211; Armando Monteiro em debate na R\u00e1dio Jornal, no dia 28 de agosto<\/span><\/p>\n<p><span style=\"font-weight: 400;\">O problema da superpopula\u00e7\u00e3o carcer\u00e1ria de Pernambuco foi um dos temas do primeiro debate entre os candidatos ao governo do estado, nesta ter\u00e7a (28) na R\u00e1dio Jornal. Questionado sobre o que far\u00e1, caso eleito, o candidato Armando Monteiro (PTB) exagerou ao falar dos dados. <\/span><\/p>\n<p><span style=\"font-weight: 400;\">Ao todo, 28.243 presos (e n\u00e3o 30 mil) disputam espa\u00e7o em 84 estabelecimentos prisionais, que, juntos, s\u00f3 deveriam manter 9.908 pessoas. <\/span><\/p>\n<p><span style=\"font-weight: 400;\">A metodologia do Truco nos Estados &#8211; projeto de fact-checking da Ag\u00eancia P\u00fablica, que em Pernambuco tem parceria com a <\/span><a href=\"https:\/\/marcozero.org\/\"><span style=\"font-weight: 400;\">Marco Zero Conte\u00fado<\/span><\/a><span style=\"font-weight: 400;\"> &#8211; adota uma margem de arredondamento de at\u00e9 5% de varia\u00e7\u00e3o porcentual. Nesse caso, a varia\u00e7\u00e3o foi de 6,2%. O selo atribu\u00eddo \u00e9, portanto, \u201cExagerado\u201d. <\/span><\/p>\n<p><span style=\"font-weight: 400;\">O que n\u00e3o significa, claro, que o problema \u00e9 menos grave. \u00a0Na verdade, o Estado tem o maior d\u00e9ficit percentual de vagas prisionais do Brasil.<\/span><\/p>\n<p><span style=\"font-weight: 400;\">Os n\u00fameros usados por Armando, segundo a assessoria de imprensa &#8211; que destacou o arredondamento do candidato -, s\u00e3o do sistema <\/span><a href=\"http:\/\/www.cnj.jus.br\/inspecao_penal\/mapa.php\"><span style=\"font-weight: 400;\">Geopres\u00eddios<\/span><\/a><span style=\"font-weight: 400;\">, do Conselho Nacional de Justi\u00e7a (CNJ), que re\u00fane um panorama das principais unidades prisionais do Brasil. Essas informa\u00e7\u00f5es s\u00e3o atualizadas mensalmente.<\/span><\/p>\n<p><span style=\"font-weight: 400;\">Como aponta o Geopres\u00eddios, Pernambuco tem atualmente o maior d\u00e9ficit percentual de vagas prisionais do Brasil: 201,33% &#8211; em n\u00fameros absolutos, \u00e9 d\u00e9ficit de 19.948 vagas. O segundo pior resultado \u00e9 de Roraima: 134,05%. Depois vem o Distrito Federal: 116,12%. <\/span><\/p>\n<p><span style=\"font-weight: 400;\">Confira o ranking completo:<\/span><\/p>\n<p><img data-recalc-dims=\"1\" loading=\"lazy\" decoding=\"async\" class=\"alignnone wp-image-1849 size-large\" src=\"https:\/\/i0.wp.com\/truco2018.apublica.org\/wp-content\/uploads\/2018\/08\/chart-878x1024.jpeg?resize=525%2C612&#038;ssl=1\" alt=\"\" width=\"525\" height=\"612\" srcset=\"https:\/\/i0.wp.com\/eleicoes.apublica.org\/2018\/wp-content\/uploads\/2018\/08\/chart.jpeg?resize=878%2C1024&amp;ssl=1 878w, https:\/\/i0.wp.com\/eleicoes.apublica.org\/2018\/wp-content\/uploads\/2018\/08\/chart.jpeg?resize=257%2C300&amp;ssl=1 257w, https:\/\/i0.wp.com\/eleicoes.apublica.org\/2018\/wp-content\/uploads\/2018\/08\/chart.jpeg?resize=768%2C896&amp;ssl=1 768w, https:\/\/i0.wp.com\/eleicoes.apublica.org\/2018\/wp-content\/uploads\/2018\/08\/chart.jpeg?w=1200&amp;ssl=1 1200w, https:\/\/i0.wp.com\/eleicoes.apublica.org\/2018\/wp-content\/uploads\/2018\/08\/chart.jpeg?w=1050&amp;ssl=1 1050w\" sizes=\"auto, (max-width: 525px) 100vw, 525px\" \/><\/p>\n<p><strong>Candidato discorda<\/strong><\/p>\n<p>Sobre a escolha do selo &#8220;Exagerado&#8221;, a assessoria de Armando Monteiro respondeu: &#8220;N\u00f3s discordamos do crit\u00e9rio metodol\u00f3gico do arredondamento, mas achamos importante o mecanismo de checagem de dados e acreditamos que esse \u00e9 um dos caminhos para o aperfei\u00e7oamento do processo eleitoral&#8221;.<\/p>\n","protected":false},"excerpt":{"rendered":"<p>Estado tem o maior d\u00e9ficit percentual de vagas prisionais do Brasil: 201,33%. S\u00e3o 28.243 presos (e n\u00e3o 30 mil) disputando o espa\u00e7o de 9.908 vagas<\/p>\n","protected":false},"author":40,"featured_media":1846,"comment_status":"closed","ping_status":"open","sticky":false,"template":"","format":"standard","meta":{"_acf_changed":false,"_jetpack_memberships_contains_paid_content":false,"footnotes":""},"categories":[156],"tags":[40],"coauthors":[118],"class_list":["post-1844","post","type-post","status-publish","format-standard","has-post-thumbnail","hentry","category-debate-da-radio-jornal-em-pernambuco","tag-seguranca-publica"],"acf":{"truco":{"value":"exagerado","label":"Exagerado"},"resumido":"Estado tem o maior d\u00e9ficit percentual de vagas prisionais do Brasil: 201,33%. S\u00e3o 28.243 presos (e n\u00e3o 30 mil) disputando o espa\u00e7o de 9.908 vagas","descricao":"\"(S\u00e3o) 30 mil detentos e, em condi\u00e7\u00f5es normais, s\u00f3 ter\u00edamos condi\u00e7\u00f5es de oferecer 10 mil vagas\"","autor":"Armando Monteiro, candidato ao governo de Pernambuco","candidato":{"ID":43,"post_author":"1","post_date":"2018-07-26 12:00:10","post_date_gmt":"2018-07-26 15:00:10","post_content":"<span style=\"font-weight: 400;\">Candidato ao governo de Pernambuco pela segunda vez, Armando Monteiro Neto (PTB) tem uma carreira ligada ao setor empresarial, tendo sido presidente da Federa\u00e7\u00e3o das Ind\u00fastrias de Pernambuco (Fiepe) e da Confedera\u00e7\u00e3o Nacional das Ind\u00fastrias (CNI). Exerceu tr\u00eas mandatos como deputado federal, de 1999 at\u00e9 2011, quando foi eleito senador para o seu atual mandato. Foi ministro do Desenvolvimento, Ind\u00fastria e Com\u00e9rcio Exterior de janeiro de 2015 at\u00e9 maio de 2016, tr\u00eas meses antes impeachment da ex-presidenta Dilma Rousseff. <\/span>\r\n\r\n<span style=\"font-weight: 400;\">Armando fez uma transi\u00e7\u00e3o entre campos pol\u00edticos historicamente divergentes. Nas elei\u00e7\u00f5es de 2014, o petebista foi candidato a governador com o apoio de legendas como PT e PDT, mas atualmente sua coliga\u00e7\u00e3o tem DEM e PSDB na chapa majorit\u00e1ria. <\/span>","post_title":"Armando Monteiro","post_excerpt":"","post_status":"publish","comment_status":"closed","ping_status":"closed","post_password":"","post_name":"armando-monteiro","to_ping":"","pinged":"","post_modified":"2018-08-09 13:35:39","post_modified_gmt":"2018-08-09 16:35:39","post_content_filtered":"","post_parent":0,"guid":"https:\/\/apublica.org\/truco2018\/?post_type=candidato&#038;p=43","menu_order":0,"post_type":"candidato","post_mime_type":"","comment_count":"0","filter":"raw"},"estado":{"term_id":13,"name":"Pernambuco","slug":"pernambuco","term_group":0,"term_taxonomy_id":13,"taxonomy":"estado","description":"A Marco Zero Conte\u00fado \u00e9 uma organiza\u00e7\u00e3o sem fins lucrativos baseada na cidade do Recife e que tem entre seus objetivos qualificar o debate p\u00fablico, praticando o jornalismo investigativo e independente.\r\n","parent":0,"count":8,"filter":"raw"}},"yoast_head":"<!-- This site is optimized with the Yoast SEO plugin v27.5 - https:\/\/yoast.com\/product\/yoast-seo-wordpress\/ -->\n<title>Armando critica superpopula\u00e7\u00e3o carcer\u00e1ria de Pernambuco, mas exagera - Truco2018<\/title>\n<meta name=\"robots\" content=\"index, follow, max-snippet:-1, max-image-preview:large, max-video-preview:-1\" \/>\n<link rel=\"canonical\" href=\"https:\/\/eleicoes.apublica.org\/2018\/2018\/08\/armando-critica-superpopulacao-carceraria-de-pernambuco-mas-exagera\/\" \/>\n<meta property=\"og:locale\" content=\"pt_BR\" \/>\n<meta property=\"og:type\" content=\"article\" \/>\n<meta property=\"og:title\" content=\"Armando critica superpopula\u00e7\u00e3o carcer\u00e1ria de Pernambuco, mas exagera - Truco2018\" \/>\n<meta property=\"og:description\" content=\"Estado tem o maior d\u00e9ficit percentual de vagas prisionais do Brasil: 201,33%. S\u00e3o 28.243 presos (e n\u00e3o 30 mil) disputando o espa\u00e7o de 9.908 vagas\" \/>\n<meta property=\"og:url\" content=\"https:\/\/eleicoes.apublica.org\/2018\/2018\/08\/armando-critica-superpopulacao-carceraria-de-pernambuco-mas-exagera\/\" \/>\n<meta property=\"og:site_name\" content=\"Truco2018\" \/>\n<meta property=\"article:published_time\" content=\"2018-08-30T12:00:12+00:00\" \/>\n<meta property=\"og:image\" content=\"https:\/\/i0.wp.com\/eleicoes.apublica.org\/2018\/wp-content\/uploads\/2018\/08\/fotoLuiz-SilveiraAg\u00eancia-CNJ.jpg?fit=1024%2C683&ssl=1\" \/>\n\t<meta property=\"og:image:width\" content=\"1024\" \/>\n\t<meta property=\"og:image:height\" content=\"683\" \/>\n\t<meta property=\"og:image:type\" content=\"image\/jpeg\" \/>\n<meta name=\"author\" content=\"Ra\u00edssa Ebrahim\" \/>\n<meta name=\"twitter:card\" content=\"summary_large_image\" \/>\n<meta name=\"twitter:label1\" content=\"Escrito por\" \/>\n\t<meta name=\"twitter:data1\" content=\"Ra\u00edssa Ebrahim\" \/>\n\t<meta name=\"twitter:label2\" content=\"Est. tempo de leitura\" \/>\n\t<meta name=\"twitter:data2\" content=\"2 minutos\" \/>\n\t<meta name=\"twitter:label3\" content=\"Written by\" \/>\n\t<meta name=\"twitter:data3\" content=\"Ra\u00edssa Ebrahim\" \/>\n<script type=\"application\/ld+json\" class=\"yoast-schema-graph\">{\"@context\":\"https:\\\/\\\/schema.org\",\"@graph\":[{\"@type\":\"Article\",\"@id\":\"https:\\\/\\\/eleicoes.apublica.org\\\/2018\\\/2018\\\/08\\\/armando-critica-superpopulacao-carceraria-de-pernambuco-mas-exagera\\\/#article\",\"isPartOf\":{\"@id\":\"https:\\\/\\\/eleicoes.apublica.org\\\/2018\\\/2018\\\/08\\\/armando-critica-superpopulacao-carceraria-de-pernambuco-mas-exagera\\\/\"},\"author\":{\"name\":\"Ra\u00edssa Ebrahim\",\"@id\":\"https:\\\/\\\/eleicoes.apublica.org\\\/2018\\\/#\\\/schema\\\/person\\\/3b4cc4687fe9c1ac4f43e81d143114e7\"},\"headline\":\"Armando critica superpopula\u00e7\u00e3o carcer\u00e1ria de Pernambuco, mas exagera\",\"datePublished\":\"2018-08-30T12:00:12+00:00\",\"mainEntityOfPage\":{\"@id\":\"https:\\\/\\\/eleicoes.apublica.org\\\/2018\\\/2018\\\/08\\\/armando-critica-superpopulacao-carceraria-de-pernambuco-mas-exagera\\\/\"},\"wordCount\":323,\"image\":{\"@id\":\"https:\\\/\\\/eleicoes.apublica.org\\\/2018\\\/2018\\\/08\\\/armando-critica-superpopulacao-carceraria-de-pernambuco-mas-exagera\\\/#primaryimage\"},\"thumbnailUrl\":\"https:\\\/\\\/i0.wp.com\\\/eleicoes.apublica.org\\\/2018\\\/wp-content\\\/uploads\\\/2018\\\/08\\\/fotoLuiz-SilveiraAg%C3%AAncia-CNJ.jpg?fit=1024%2C683&ssl=1\",\"keywords\":[\"Seguran\u00e7a P\u00fablica\"],\"articleSection\":[\"Debate da R\u00e1dio Jornal em Pernambuco\"],\"inLanguage\":\"pt-BR\"},{\"@type\":\"WebPage\",\"@id\":\"https:\\\/\\\/eleicoes.apublica.org\\\/2018\\\/2018\\\/08\\\/armando-critica-superpopulacao-carceraria-de-pernambuco-mas-exagera\\\/\",\"url\":\"https:\\\/\\\/eleicoes.apublica.org\\\/2018\\\/2018\\\/08\\\/armando-critica-superpopulacao-carceraria-de-pernambuco-mas-exagera\\\/\",\"name\":\"Armando critica superpopula\u00e7\u00e3o carcer\u00e1ria de Pernambuco, mas exagera - Truco2018\",\"isPartOf\":{\"@id\":\"https:\\\/\\\/eleicoes.apublica.org\\\/2018\\\/#website\"},\"primaryImageOfPage\":{\"@id\":\"https:\\\/\\\/eleicoes.apublica.org\\\/2018\\\/2018\\\/08\\\/armando-critica-superpopulacao-carceraria-de-pernambuco-mas-exagera\\\/#primaryimage\"},\"image\":{\"@id\":\"https:\\\/\\\/eleicoes.apublica.org\\\/2018\\\/2018\\\/08\\\/armando-critica-superpopulacao-carceraria-de-pernambuco-mas-exagera\\\/#primaryimage\"},\"thumbnailUrl\":\"https:\\\/\\\/i0.wp.com\\\/eleicoes.apublica.org\\\/2018\\\/wp-content\\\/uploads\\\/2018\\\/08\\\/fotoLuiz-SilveiraAg%C3%AAncia-CNJ.jpg?fit=1024%2C683&ssl=1\",\"datePublished\":\"2018-08-30T12:00:12+00:00\",\"author\":{\"@id\":\"https:\\\/\\\/eleicoes.apublica.org\\\/2018\\\/#\\\/schema\\\/person\\\/3b4cc4687fe9c1ac4f43e81d143114e7\"},\"breadcrumb\":{\"@id\":\"https:\\\/\\\/eleicoes.apublica.org\\\/2018\\\/2018\\\/08\\\/armando-critica-superpopulacao-carceraria-de-pernambuco-mas-exagera\\\/#breadcrumb\"},\"inLanguage\":\"pt-BR\",\"potentialAction\":[{\"@type\":\"ReadAction\",\"target\":[\"https:\\\/\\\/eleicoes.apublica.org\\\/2018\\\/2018\\\/08\\\/armando-critica-superpopulacao-carceraria-de-pernambuco-mas-exagera\\\/\"]}]},{\"@type\":\"ImageObject\",\"inLanguage\":\"pt-BR\",\"@id\":\"https:\\\/\\\/eleicoes.apublica.org\\\/2018\\\/2018\\\/08\\\/armando-critica-superpopulacao-carceraria-de-pernambuco-mas-exagera\\\/#primaryimage\",\"url\":\"https:\\\/\\\/i0.wp.com\\\/eleicoes.apublica.org\\\/2018\\\/wp-content\\\/uploads\\\/2018\\\/08\\\/fotoLuiz-SilveiraAg%C3%AAncia-CNJ.jpg?fit=1024%2C683&ssl=1\",\"contentUrl\":\"https:\\\/\\\/i0.wp.com\\\/eleicoes.apublica.org\\\/2018\\\/wp-content\\\/uploads\\\/2018\\\/08\\\/fotoLuiz-SilveiraAg%C3%AAncia-CNJ.jpg?fit=1024%2C683&ssl=1\",\"width\":1024,\"height\":683},{\"@type\":\"BreadcrumbList\",\"@id\":\"https:\\\/\\\/eleicoes.apublica.org\\\/2018\\\/2018\\\/08\\\/armando-critica-superpopulacao-carceraria-de-pernambuco-mas-exagera\\\/#breadcrumb\",\"itemListElement\":[{\"@type\":\"ListItem\",\"position\":1,\"name\":\"In\u00edcio\",\"item\":\"https:\\\/\\\/eleicoes.apublica.org\\\/2018\\\/\"},{\"@type\":\"ListItem\",\"position\":2,\"name\":\"Armando critica superpopula\u00e7\u00e3o carcer\u00e1ria de Pernambuco, mas exagera\"}]},{\"@type\":\"WebSite\",\"@id\":\"https:\\\/\\\/eleicoes.apublica.org\\\/2018\\\/#website\",\"url\":\"https:\\\/\\\/eleicoes.apublica.org\\\/2018\\\/\",\"name\":\"Truco2018\",\"description\":\"Truco nos estados - Checamos as declara\u00e7\u00f5es de candidatos e boatos que circulam sobre as elei\u00e7\u00f5es para o governo de Minas, Cear\u00e1, S\u00e3o Paulo, Rio Grande do Sul, Par\u00e1, Paran\u00e1, Pernambuco.\",\"potentialAction\":[{\"@type\":\"SearchAction\",\"target\":{\"@type\":\"EntryPoint\",\"urlTemplate\":\"https:\\\/\\\/eleicoes.apublica.org\\\/2018\\\/?s={search_term_string}\"},\"query-input\":{\"@type\":\"PropertyValueSpecification\",\"valueRequired\":true,\"valueName\":\"search_term_string\"}}],\"inLanguage\":\"pt-BR\"},{\"@type\":\"Person\",\"@id\":\"https:\\\/\\\/eleicoes.apublica.org\\\/2018\\\/#\\\/schema\\\/person\\\/3b4cc4687fe9c1ac4f43e81d143114e7\",\"name\":\"Ra\u00edssa Ebrahim\",\"image\":{\"@type\":\"ImageObject\",\"inLanguage\":\"pt-BR\",\"@id\":\"https:\\\/\\\/secure.gravatar.com\\\/avatar\\\/771d80332968bc2d97308698dd32e9a04c9093a775577566fa629be3b4db6c43?s=96&d=mm&r=gc4c8e25b8090313838235b1c2a5291f0\",\"url\":\"https:\\\/\\\/secure.gravatar.com\\\/avatar\\\/771d80332968bc2d97308698dd32e9a04c9093a775577566fa629be3b4db6c43?s=96&d=mm&r=g\",\"contentUrl\":\"https:\\\/\\\/secure.gravatar.com\\\/avatar\\\/771d80332968bc2d97308698dd32e9a04c9093a775577566fa629be3b4db6c43?s=96&d=mm&r=g\",\"caption\":\"Ra\u00edssa Ebrahim\"},\"url\":\"https:\\\/\\\/eleicoes.apublica.org\\\/2018\\\/author\\\/raissa-ebrahim\\\/\"}]}<\/script>\n<!-- \/ Yoast SEO plugin. -->","yoast_head_json":{"title":"Armando critica superpopula\u00e7\u00e3o carcer\u00e1ria de Pernambuco, mas exagera - Truco2018","robots":{"index":"index","follow":"follow","max-snippet":"max-snippet:-1","max-image-preview":"max-image-preview:large","max-video-preview":"max-video-preview:-1"},"canonical":"https:\/\/eleicoes.apublica.org\/2018\/2018\/08\/armando-critica-superpopulacao-carceraria-de-pernambuco-mas-exagera\/","og_locale":"pt_BR","og_type":"article","og_title":"Armando critica superpopula\u00e7\u00e3o carcer\u00e1ria de Pernambuco, mas exagera - Truco2018","og_description":"Estado tem o maior d\u00e9ficit percentual de vagas prisionais do Brasil: 201,33%. S\u00e3o 28.243 presos (e n\u00e3o 30 mil) disputando o espa\u00e7o de 9.908 vagas","og_url":"https:\/\/eleicoes.apublica.org\/2018\/2018\/08\/armando-critica-superpopulacao-carceraria-de-pernambuco-mas-exagera\/","og_site_name":"Truco2018","article_published_time":"2018-08-30T12:00:12+00:00","og_image":[{"width":1024,"height":683,"url":"https:\/\/i0.wp.com\/eleicoes.apublica.org\/2018\/wp-content\/uploads\/2018\/08\/fotoLuiz-SilveiraAg\u00eancia-CNJ.jpg?fit=1024%2C683&ssl=1","type":"image\/jpeg"}],"author":"Ra\u00edssa Ebrahim","twitter_card":"summary_large_image","twitter_misc":{"Escrito por":"Ra\u00edssa Ebrahim","Est. tempo de leitura":"2 minutos","Written by":"Ra\u00edssa Ebrahim"},"schema":{"@context":"https:\/\/schema.org","@graph":[{"@type":"Article","@id":"https:\/\/eleicoes.apublica.org\/2018\/2018\/08\/armando-critica-superpopulacao-carceraria-de-pernambuco-mas-exagera\/#article","isPartOf":{"@id":"https:\/\/eleicoes.apublica.org\/2018\/2018\/08\/armando-critica-superpopulacao-carceraria-de-pernambuco-mas-exagera\/"},"author":{"name":"Ra\u00edssa Ebrahim","@id":"https:\/\/eleicoes.apublica.org\/2018\/#\/schema\/person\/3b4cc4687fe9c1ac4f43e81d143114e7"},"headline":"Armando critica superpopula\u00e7\u00e3o carcer\u00e1ria de Pernambuco, mas exagera","datePublished":"2018-08-30T12:00:12+00:00","mainEntityOfPage":{"@id":"https:\/\/eleicoes.apublica.org\/2018\/2018\/08\/armando-critica-superpopulacao-carceraria-de-pernambuco-mas-exagera\/"},"wordCount":323,"image":{"@id":"https:\/\/eleicoes.apublica.org\/2018\/2018\/08\/armando-critica-superpopulacao-carceraria-de-pernambuco-mas-exagera\/#primaryimage"},"thumbnailUrl":"https:\/\/i0.wp.com\/eleicoes.apublica.org\/2018\/wp-content\/uploads\/2018\/08\/fotoLuiz-SilveiraAg%C3%AAncia-CNJ.jpg?fit=1024%2C683&ssl=1","keywords":["Seguran\u00e7a P\u00fablica"],"articleSection":["Debate da R\u00e1dio Jornal em Pernambuco"],"inLanguage":"pt-BR"},{"@type":"WebPage","@id":"https:\/\/eleicoes.apublica.org\/2018\/2018\/08\/armando-critica-superpopulacao-carceraria-de-pernambuco-mas-exagera\/","url":"https:\/\/eleicoes.apublica.org\/2018\/2018\/08\/armando-critica-superpopulacao-carceraria-de-pernambuco-mas-exagera\/","name":"Armando critica superpopula\u00e7\u00e3o carcer\u00e1ria de Pernambuco, mas exagera - Truco2018","isPartOf":{"@id":"https:\/\/eleicoes.apublica.org\/2018\/#website"},"primaryImageOfPage":{"@id":"https:\/\/eleicoes.apublica.org\/2018\/2018\/08\/armando-critica-superpopulacao-carceraria-de-pernambuco-mas-exagera\/#primaryimage"},"image":{"@id":"https:\/\/eleicoes.apublica.org\/2018\/2018\/08\/armando-critica-superpopulacao-carceraria-de-pernambuco-mas-exagera\/#primaryimage"},"thumbnailUrl":"https:\/\/i0.wp.com\/eleicoes.apublica.org\/2018\/wp-content\/uploads\/2018\/08\/fotoLuiz-SilveiraAg%C3%AAncia-CNJ.jpg?fit=1024%2C683&ssl=1","datePublished":"2018-08-30T12:00:12+00:00","author":{"@id":"https:\/\/eleicoes.apublica.org\/2018\/#\/schema\/person\/3b4cc4687fe9c1ac4f43e81d143114e7"},"breadcrumb":{"@id":"https:\/\/eleicoes.apublica.org\/2018\/2018\/08\/armando-critica-superpopulacao-carceraria-de-pernambuco-mas-exagera\/#breadcrumb"},"inLanguage":"pt-BR","potentialAction":[{"@type":"ReadAction","target":["https:\/\/eleicoes.apublica.org\/2018\/2018\/08\/armando-critica-superpopulacao-carceraria-de-pernambuco-mas-exagera\/"]}]},{"@type":"ImageObject","inLanguage":"pt-BR","@id":"https:\/\/eleicoes.apublica.org\/2018\/2018\/08\/armando-critica-superpopulacao-carceraria-de-pernambuco-mas-exagera\/#primaryimage","url":"https:\/\/i0.wp.com\/eleicoes.apublica.org\/2018\/wp-content\/uploads\/2018\/08\/fotoLuiz-SilveiraAg%C3%AAncia-CNJ.jpg?fit=1024%2C683&ssl=1","contentUrl":"https:\/\/i0.wp.com\/eleicoes.apublica.org\/2018\/wp-content\/uploads\/2018\/08\/fotoLuiz-SilveiraAg%C3%AAncia-CNJ.jpg?fit=1024%2C683&ssl=1","width":1024,"height":683},{"@type":"BreadcrumbList","@id":"https:\/\/eleicoes.apublica.org\/2018\/2018\/08\/armando-critica-superpopulacao-carceraria-de-pernambuco-mas-exagera\/#breadcrumb","itemListElement":[{"@type":"ListItem","position":1,"name":"In\u00edcio","item":"https:\/\/eleicoes.apublica.org\/2018\/"},{"@type":"ListItem","position":2,"name":"Armando critica superpopula\u00e7\u00e3o carcer\u00e1ria de Pernambuco, mas exagera"}]},{"@type":"WebSite","@id":"https:\/\/eleicoes.apublica.org\/2018\/#website","url":"https:\/\/eleicoes.apublica.org\/2018\/","name":"Truco2018","description":"Truco nos estados - Checamos as declara\u00e7\u00f5es de candidatos e boatos que circulam sobre as elei\u00e7\u00f5es para o governo de Minas, Cear\u00e1, S\u00e3o Paulo, Rio Grande do Sul, Par\u00e1, Paran\u00e1, Pernambuco.","potentialAction":[{"@type":"SearchAction","target":{"@type":"EntryPoint","urlTemplate":"https:\/\/eleicoes.apublica.org\/2018\/?s={search_term_string}"},"query-input":{"@type":"PropertyValueSpecification","valueRequired":true,"valueName":"search_term_string"}}],"inLanguage":"pt-BR"},{"@type":"Person","@id":"https:\/\/eleicoes.apublica.org\/2018\/#\/schema\/person\/3b4cc4687fe9c1ac4f43e81d143114e7","name":"Ra\u00edssa Ebrahim","image":{"@type":"ImageObject","inLanguage":"pt-BR","@id":"https:\/\/secure.gravatar.com\/avatar\/771d80332968bc2d97308698dd32e9a04c9093a775577566fa629be3b4db6c43?s=96&d=mm&r=gc4c8e25b8090313838235b1c2a5291f0","url":"https:\/\/secure.gravatar.com\/avatar\/771d80332968bc2d97308698dd32e9a04c9093a775577566fa629be3b4db6c43?s=96&d=mm&r=g","contentUrl":"https:\/\/secure.gravatar.com\/avatar\/771d80332968bc2d97308698dd32e9a04c9093a775577566fa629be3b4db6c43?s=96&d=mm&r=g","caption":"Ra\u00edssa Ebrahim"},"url":"https:\/\/eleicoes.apublica.org\/2018\/author\/raissa-ebrahim\/"}]}},"jetpack_featured_media_url":"https:\/\/i0.wp.com\/eleicoes.apublica.org\/2018\/wp-content\/uploads\/2018\/08\/fotoLuiz-SilveiraAg%C3%AAncia-CNJ.jpg?fit=1024%2C683&ssl=1","jetpack_shortlink":"https:\/\/wp.me\/pbyYl8-tK","jetpack_sharing_enabled":true,"_links":{"self":[{"href":"https:\/\/eleicoes.apublica.org\/2018\/wp-json\/wp\/v2\/posts\/1844","targetHints":{"allow":["GET"]}}],"collection":[{"href":"https:\/\/eleicoes.apublica.org\/2018\/wp-json\/wp\/v2\/posts"}],"about":[{"href":"https:\/\/eleicoes.apublica.org\/2018\/wp-json\/wp\/v2\/types\/post"}],"author":[{"embeddable":true,"href":"https:\/\/eleicoes.apublica.org\/2018\/wp-json\/wp\/v2\/users\/40"}],"replies":[{"embeddable":true,"href":"https:\/\/eleicoes.apublica.org\/2018\/wp-json\/wp\/v2\/comments?post=1844"}],"version-history":[{"count":5,"href":"https:\/\/eleicoes.apublica.org\/2018\/wp-json\/wp\/v2\/posts\/1844\/revisions"}],"predecessor-version":[{"id":1855,"href":"https:\/\/eleicoes.apublica.org\/2018\/wp-json\/wp\/v2\/posts\/1844\/revisions\/1855"}],"wp:featuredmedia":[{"embeddable":true,"href":"https:\/\/eleicoes.apublica.org\/2018\/wp-json\/wp\/v2\/media\/1846"}],"wp:attachment":[{"href":"https:\/\/eleicoes.apublica.org\/2018\/wp-json\/wp\/v2\/media?parent=1844"}],"wp:term":[{"taxonomy":"category","embeddable":true,"href":"https:\/\/eleicoes.apublica.org\/2018\/wp-json\/wp\/v2\/categories?post=1844"},{"taxonomy":"post_tag","embeddable":true,"href":"https:\/\/eleicoes.apublica.org\/2018\/wp-json\/wp\/v2\/tags?post=1844"},{"taxonomy":"author","embeddable":true,"href":"https:\/\/eleicoes.apublica.org\/2018\/wp-json\/wp\/v2\/coauthors?post=1844"}],"curies":[{"name":"wp","href":"https:\/\/api.w.org\/{rel}","templated":true}]}}