{"id":1997,"date":"2018-09-03T18:00:23","date_gmt":"2018-09-03T21:00:23","guid":{"rendered":"https:\/\/truco2018.apublica.org\/?p=1997"},"modified":"2018-09-13T15:33:41","modified_gmt":"2018-09-13T18:33:41","slug":"camilo-acerta-ceara-lidera-investimentos-nos-ultimos-tres-anos","status":"publish","type":"post","link":"https:\/\/eleicoes.apublica.org\/2018\/2018\/09\/camilo-acerta-ceara-lidera-investimentos-nos-ultimos-tres-anos\/","title":{"rendered":"Camilo acerta: Cear\u00e1 lidera investimentos nos \u00faltimos tr\u00eas anos"},"content":{"rendered":"<p><strong>&#8220;O estado que mais fez investimento p\u00fablico do pa\u00eds nos \u00faltimos tr\u00eas anos tem sido o estado do Cear\u00e1&#8221;<\/strong>,\u00a0Camilo Santana (PT) em <a href=\"https:\/\/www.youtube.com\/watch?v=DgQ8vJkGz7g\">entrevista ao vivo para o Jornal da TVC 2\u00aa Edi\u00e7\u00e3o (TV Cear\u00e1)<\/a> no dia 23 de agosto.<\/p>\n<p>O candidato \u00e0 reelei\u00e7\u00e3o Camilo Santana (PT) acertou ao dizer que o Cear\u00e1 foi o estado brasileiro que mais fez investimentos nos \u00faltimos tr\u00eas anos, per\u00edodo que abarca a sua gest\u00e3o, entre 2015 e 2017. O petista destacou o equil\u00edbrio fiscal do estado em compara\u00e7\u00e3o com as demais unidades da federa\u00e7\u00e3o. A informa\u00e7\u00e3o foi confirmada a partir de levantamento realizado com dados da Secretaria do Tesouro Nacional, do Minist\u00e9rio da Fazenda.<\/p>\n<p>O<strong> Truco nos Estados<\/strong> &#8211; projeto de checagem da Ag\u00eancia P\u00fablica, realizado tamb\u00e9m no Cear\u00e1 &#8211; levantou os dados dos investimentos de todos os estados da federa\u00e7\u00e3o por meio do <a href=\"https:\/\/siconfi.tesouro.gov.br\/siconfi\/index.jsf\">Sistema de Informa\u00e7\u00f5es Cont\u00e1beis e Fiscais do Setor P\u00fablico Brasileiro (Siconfi)<\/a>, da Secretaria do Tesouro Nacional. Essa \u00e9 a ferramenta respons\u00e1vel por reunir e divulgar informa\u00e7\u00f5es fiscais e cont\u00e1beis dos estados brasileiros.<\/p>\n<p>Conforme metodologia indicada por t\u00e9cnicos da Secretaria do Tesouro Nacional, foram considerados os valores das despesas liquidadas em Investimento e Invers\u00f5es Financeiras nos anos de 2015, 2016 e 2017. A soma desses valores foi dividida pela Receita Corrente L\u00edquida respectiva ao ano de cada estado brasileiro.<\/p>\n<p>Conforme defini\u00e7\u00e3o do <a href=\"http:\/\/www.seplag.ce.gov.br\/wp-content\/uploads\/sites\/14\/2017\/08\/MANUAL_T%C3%89CNICO_DE_OR%C3%87AMENTO_2018.pdf\">Manual T\u00e9cnico de Or\u00e7amento da Secretaria do Planejamento e Gest\u00e3o do Cear\u00e1<\/a>, que detalha a classifica\u00e7\u00e3o das despesas do estado, s\u00e3o considerados na categoria \u201cinvestimentos\u201d despesas com softwares, planejamento e execu\u00e7\u00e3o de obras, aquisi\u00e7\u00e3o de instala\u00e7\u00f5es, equipamentos e material permanente. J\u00e1 em \u201cinvers\u00f5es financeiras\u201d est\u00e3o, entre outros gastos, despesas com aquisi\u00e7\u00e3o de im\u00f3veis ou outros bens j\u00e1 em utiliza\u00e7\u00e3o pelo Governo.<\/p>\n<p>Na rela\u00e7\u00e3o entre essas despesas proporcionais \u00e0 Receita Corrente L\u00edquida de cada estado, o Cear\u00e1 \u00e9 o que apresenta a melhor posi\u00e7\u00e3o nos tr\u00eas analisados. Em 2015, o estado alcan\u00e7a a propor\u00e7\u00e3o de 15,6% entre investimentos e a receita. Na sequ\u00eancia, est\u00e3o o Rio de Janeiro (12,9%) e Para\u00edba (10,1%).<\/p>\n<p>No ano seguinte, a diferen\u00e7a cai um pouco, mas o Cear\u00e1 ainda se mant\u00e9m no topo do ranking com 12,3%. <a href=\"http:\/\/g1.globo.com\/rio-de-janeiro\/noticia\/2016\/06\/governo-do-rj-decreta-estado-de-calamidade-publica-devido-crise.html\">Em 2016, a crise financeira do Rio de Janeiro fica exposta<\/a>, o estado fluminense passa a investir menos e salta para a 20\u00aa coloca\u00e7\u00e3o com propor\u00e7\u00e3o de 5,4%. O segundo lugar passa a ser ocupado pela Bahia (11,9%), seguido do Piau\u00ed (11%).<\/p>\n<p>Em 2017, o Cear\u00e1 atinge a propor\u00e7\u00e3o de 13%, ainda garantindo a lideran\u00e7a dos estados que mais investiram naquele ano. Os n\u00fameros destacam os investimentos cearenses com diferen\u00e7a de 3,2 pontos percentuais para o segundo estado mais bem colocado, Mato Grosso do Sul (9,8%), seguido do Piau\u00ed (9,4%).<\/p>\n<p>Como o Cear\u00e1, de fato, permaneceu como l\u00edder dos estados que mais fizeram investimentos p\u00fablicos proporcionais \u00e0 receita no consolidado dos \u00faltimos tr\u00eas anos, o<strong> Truco<\/strong> atribui o selo<strong> \u201cVerdadeiro\u201d<\/strong> \u00e0 declara\u00e7\u00e3o do governador Camilo Santana.<\/p>\n<p>Durante os dois primeiros anos da gest\u00e3o do petista &#8211; 2015 e 2016 -, os maiores investimentos foram em sa\u00fade, seguido das \u00e1reas de previd\u00eancia social, educa\u00e7\u00e3o e seguran\u00e7a p\u00fablica.<\/p>\n<p>As quatro \u00e1reas receberam incremento do or\u00e7amento entre 2015 e 2017. Em sa\u00fade, por exemplo, o investimento era de R$ 2,7 bi e aumentou para R$ 3 bi. Na \u00e1rea da educa\u00e7\u00e3o, o investimento saiu de R$ 2,5 bi, em 2015, para R$ 2,9 bi, em 2017. Seguran\u00e7a P\u00fablica o aumento foi de R$ 1,7 bi para R$ 2 bi.<\/p>\n<p>No ano de 2017, em compara\u00e7\u00e3o com os demais investimentos, os gastos com previd\u00eancia social &#8211; que ficavam no patamar de segundo maior investimento &#8211; superaram as despesas com sa\u00fade e alcan\u00e7aram o topo da lista. Em 2015, o governo gastava R$ 2,7 bi com a \u00e1rea e passou para R$ 3,1 bi, em 2017.<\/p>\n<p>O<strong> Truco<\/strong> entrou em contato com a assessoria de comunica\u00e7\u00e3o de Camilo Santana no come\u00e7o da checagem para saber qual foi a fonte usada pelo candidato para a afirma\u00e7\u00e3o acima. Ap\u00f3s a apura\u00e7\u00e3o, retomamos contato via e-mail para informar o resultado da checagem. A equipe n\u00e3o se pronunciou em nenhuma das etapas.<\/p>\n","protected":false},"excerpt":{"rendered":"<p>Entre 2015 e 2017, o estado liderou o ranking dos que mais fizeram investimentos p\u00fablicos proporcionais \u00e0 receita, segundo levantamento feito a partir de dados da Secretaria do Tesouro Nacional<\/p>\n","protected":false},"author":8,"featured_media":1998,"comment_status":"closed","ping_status":"open","sticky":false,"template":"","format":"standard","meta":{"_acf_changed":false,"_jetpack_memberships_contains_paid_content":false,"footnotes":""},"categories":[1],"tags":[80,65,124,60],"coauthors":[31,120,32],"class_list":["post-1997","post","type-post","status-publish","format-standard","has-post-thumbnail","hentry","category-sem-categoria","tag-desenvolvimento","tag-gestao-publica","tag-investimento","tag-orcamento"],"acf":{"truco":{"value":"verdadeiro","label":"Verdadeiro"},"resumido":"O estado que mais fez investimento p\u00fablico do pa\u00eds nos \u00faltimos tr\u00eas anos tem sido o estado do Cear\u00e1","descricao":"O governador Camilo Santana (PT) afirmou que o Cear\u00e1 foi o estado brasileiro que mais fez investimentos p\u00fablicos nos \u00faltimos tr\u00eas anos","autor":"Camilo Santana (PT)","candidato":{"ID":216,"post_author":"1","post_date":"2018-07-26 11:51:59","post_date_gmt":"2018-07-26 14:51:59","post_content":"Camilo Santana, 50 anos, \u00e9 o atual governador do Cear\u00e1 e concorre \u00e0 reelei\u00e7\u00e3o pelo Partido dos Trabalhadores (PT). Nasceu no Crato, na regi\u00e3o do Cariri, onde se formou engenheiro agr\u00f4nomo. \u00c9 mestre em Desenvolvimento e Meio Ambiente pela Universidade Federal do Cear\u00e1 (UFC).\r\n\r\nFilho do ex-deputado estadual Eudoro Santana, foi superintendente-adjunto estadual do Instituto Brasileiro do Meio Ambiente (Ibama), em 2003 e 2004. Atuou tamb\u00e9m como secret\u00e1rio estadual de Desenvolvimento Agr\u00e1rio e das Cidades na gest\u00e3o do ex-governador Cid Gomes. Em 2010, foi o deputado estadual eleito com o maior n\u00famero de votos - 131.171.\r\n\r\nPara a disputa deste ano, Camilo costurou a maior alian\u00e7a partid\u00e1ria do Estado, reunindo 24 legendas em torno da sua candidatura. Este ano, o petista surpreendeu ao apoiar a candidatura ao Senado de Eun\u00edcio Oliveira (MDB), ex-advers\u00e1rio nas elei\u00e7\u00f5es de 2014 e alvo de cr\u00edticas de Ciro Gomes (PDT), l\u00edder do grupo pol\u00edtico dos Ferreira Gomes, do qual faz parte.","post_title":"Camilo Santana","post_excerpt":"","post_status":"publish","comment_status":"closed","ping_status":"closed","post_password":"","post_name":"camilo-santana","to_ping":"","pinged":"","post_modified":"2018-09-13 15:38:00","post_modified_gmt":"2018-09-13 18:38:00","post_content_filtered":"","post_parent":0,"guid":"https:\/\/apublica.org\/truco2018\/?post_type=candidato&#038;p=31","menu_order":0,"post_type":"candidato","post_mime_type":"","comment_count":"0","filter":"raw"},"estado":{"term_id":7,"name":"Cear\u00e1","slug":"ceara","term_group":0,"term_taxonomy_id":7,"taxonomy":"estado","description":"","parent":0,"count":7,"filter":"raw"}},"yoast_head":"<!-- This site is optimized with the Yoast SEO plugin v27.5 - https:\/\/yoast.com\/product\/yoast-seo-wordpress\/ -->\n<title>Camilo acerta: Cear\u00e1 lidera investimentos nos \u00faltimos tr\u00eas anos - Truco2018<\/title>\n<meta name=\"robots\" content=\"index, follow, max-snippet:-1, max-image-preview:large, max-video-preview:-1\" \/>\n<link rel=\"canonical\" href=\"https:\/\/eleicoes.apublica.org\/2018\/2018\/09\/camilo-acerta-ceara-lidera-investimentos-nos-ultimos-tres-anos\/\" \/>\n<meta property=\"og:locale\" content=\"pt_BR\" \/>\n<meta property=\"og:type\" content=\"article\" \/>\n<meta property=\"og:title\" content=\"Camilo acerta: Cear\u00e1 lidera investimentos nos \u00faltimos tr\u00eas anos - Truco2018\" \/>\n<meta property=\"og:description\" content=\"Entre 2015 e 2017, o estado liderou o ranking dos que mais fizeram investimentos p\u00fablicos proporcionais \u00e0 receita, segundo levantamento feito a partir de dados da Secretaria do Tesouro Nacional\" \/>\n<meta property=\"og:url\" content=\"https:\/\/eleicoes.apublica.org\/2018\/2018\/09\/camilo-acerta-ceara-lidera-investimentos-nos-ultimos-tres-anos\/\" \/>\n<meta property=\"og:site_name\" content=\"Truco2018\" \/>\n<meta property=\"article:published_time\" content=\"2018-09-03T21:00:23+00:00\" \/>\n<meta property=\"article:modified_time\" content=\"2018-09-13T18:33:41+00:00\" \/>\n<meta property=\"og:image\" content=\"https:\/\/i0.wp.com\/eleicoes.apublica.org\/2018\/wp-content\/uploads\/2018\/09\/Camilo_Santana_TVC.png?fit=691%2C447&ssl=1\" \/>\n\t<meta property=\"og:image:width\" content=\"691\" \/>\n\t<meta property=\"og:image:height\" content=\"447\" \/>\n\t<meta property=\"og:image:type\" content=\"image\/png\" \/>\n<meta name=\"author\" content=\"R\u00f4mulo Costa, Thays Lavor, Carolina Capelo\" \/>\n<meta name=\"twitter:card\" content=\"summary_large_image\" \/>\n<meta name=\"twitter:label1\" content=\"Escrito por\" \/>\n\t<meta name=\"twitter:data1\" content=\"R\u00f4mulo Costa\" \/>\n\t<meta name=\"twitter:label2\" content=\"Est. tempo de leitura\" \/>\n\t<meta name=\"twitter:data2\" content=\"4 minutos\" \/>\n\t<meta name=\"twitter:label3\" content=\"Written by\" \/>\n\t<meta name=\"twitter:data3\" content=\"R\u00f4mulo Costa, Thays Lavor, Carolina Capelo\" \/>\n<script type=\"application\/ld+json\" class=\"yoast-schema-graph\">{\"@context\":\"https:\\\/\\\/schema.org\",\"@graph\":[{\"@type\":\"Article\",\"@id\":\"https:\\\/\\\/eleicoes.apublica.org\\\/2018\\\/2018\\\/09\\\/camilo-acerta-ceara-lidera-investimentos-nos-ultimos-tres-anos\\\/#article\",\"isPartOf\":{\"@id\":\"https:\\\/\\\/eleicoes.apublica.org\\\/2018\\\/2018\\\/09\\\/camilo-acerta-ceara-lidera-investimentos-nos-ultimos-tres-anos\\\/\"},\"author\":{\"name\":\"R\u00f4mulo Costa\",\"@id\":\"https:\\\/\\\/eleicoes.apublica.org\\\/2018\\\/#\\\/schema\\\/person\\\/8b9e41b7bcb4fcb1ac0b7edf01267e89\"},\"headline\":\"Camilo acerta: Cear\u00e1 lidera investimentos nos \u00faltimos tr\u00eas anos\",\"datePublished\":\"2018-09-03T21:00:23+00:00\",\"dateModified\":\"2018-09-13T18:33:41+00:00\",\"mainEntityOfPage\":{\"@id\":\"https:\\\/\\\/eleicoes.apublica.org\\\/2018\\\/2018\\\/09\\\/camilo-acerta-ceara-lidera-investimentos-nos-ultimos-tres-anos\\\/\"},\"wordCount\":723,\"image\":{\"@id\":\"https:\\\/\\\/eleicoes.apublica.org\\\/2018\\\/2018\\\/09\\\/camilo-acerta-ceara-lidera-investimentos-nos-ultimos-tres-anos\\\/#primaryimage\"},\"thumbnailUrl\":\"https:\\\/\\\/i0.wp.com\\\/eleicoes.apublica.org\\\/2018\\\/wp-content\\\/uploads\\\/2018\\\/09\\\/Camilo_Santana_TVC.png?fit=691%2C447&ssl=1\",\"keywords\":[\"Desenvolvimento\",\"Gest\u00e3o p\u00fablica\",\"Investimento\",\"Or\u00e7amento\"],\"inLanguage\":\"pt-BR\"},{\"@type\":\"WebPage\",\"@id\":\"https:\\\/\\\/eleicoes.apublica.org\\\/2018\\\/2018\\\/09\\\/camilo-acerta-ceara-lidera-investimentos-nos-ultimos-tres-anos\\\/\",\"url\":\"https:\\\/\\\/eleicoes.apublica.org\\\/2018\\\/2018\\\/09\\\/camilo-acerta-ceara-lidera-investimentos-nos-ultimos-tres-anos\\\/\",\"name\":\"Camilo acerta: Cear\u00e1 lidera investimentos nos \u00faltimos tr\u00eas anos - Truco2018\",\"isPartOf\":{\"@id\":\"https:\\\/\\\/eleicoes.apublica.org\\\/2018\\\/#website\"},\"primaryImageOfPage\":{\"@id\":\"https:\\\/\\\/eleicoes.apublica.org\\\/2018\\\/2018\\\/09\\\/camilo-acerta-ceara-lidera-investimentos-nos-ultimos-tres-anos\\\/#primaryimage\"},\"image\":{\"@id\":\"https:\\\/\\\/eleicoes.apublica.org\\\/2018\\\/2018\\\/09\\\/camilo-acerta-ceara-lidera-investimentos-nos-ultimos-tres-anos\\\/#primaryimage\"},\"thumbnailUrl\":\"https:\\\/\\\/i0.wp.com\\\/eleicoes.apublica.org\\\/2018\\\/wp-content\\\/uploads\\\/2018\\\/09\\\/Camilo_Santana_TVC.png?fit=691%2C447&ssl=1\",\"datePublished\":\"2018-09-03T21:00:23+00:00\",\"dateModified\":\"2018-09-13T18:33:41+00:00\",\"author\":{\"@id\":\"https:\\\/\\\/eleicoes.apublica.org\\\/2018\\\/#\\\/schema\\\/person\\\/8b9e41b7bcb4fcb1ac0b7edf01267e89\"},\"breadcrumb\":{\"@id\":\"https:\\\/\\\/eleicoes.apublica.org\\\/2018\\\/2018\\\/09\\\/camilo-acerta-ceara-lidera-investimentos-nos-ultimos-tres-anos\\\/#breadcrumb\"},\"inLanguage\":\"pt-BR\",\"potentialAction\":[{\"@type\":\"ReadAction\",\"target\":[\"https:\\\/\\\/eleicoes.apublica.org\\\/2018\\\/2018\\\/09\\\/camilo-acerta-ceara-lidera-investimentos-nos-ultimos-tres-anos\\\/\"]}]},{\"@type\":\"ImageObject\",\"inLanguage\":\"pt-BR\",\"@id\":\"https:\\\/\\\/eleicoes.apublica.org\\\/2018\\\/2018\\\/09\\\/camilo-acerta-ceara-lidera-investimentos-nos-ultimos-tres-anos\\\/#primaryimage\",\"url\":\"https:\\\/\\\/i0.wp.com\\\/eleicoes.apublica.org\\\/2018\\\/wp-content\\\/uploads\\\/2018\\\/09\\\/Camilo_Santana_TVC.png?fit=691%2C447&ssl=1\",\"contentUrl\":\"https:\\\/\\\/i0.wp.com\\\/eleicoes.apublica.org\\\/2018\\\/wp-content\\\/uploads\\\/2018\\\/09\\\/Camilo_Santana_TVC.png?fit=691%2C447&ssl=1\",\"width\":691,\"height\":447},{\"@type\":\"BreadcrumbList\",\"@id\":\"https:\\\/\\\/eleicoes.apublica.org\\\/2018\\\/2018\\\/09\\\/camilo-acerta-ceara-lidera-investimentos-nos-ultimos-tres-anos\\\/#breadcrumb\",\"itemListElement\":[{\"@type\":\"ListItem\",\"position\":1,\"name\":\"In\u00edcio\",\"item\":\"https:\\\/\\\/eleicoes.apublica.org\\\/2018\\\/\"},{\"@type\":\"ListItem\",\"position\":2,\"name\":\"Camilo acerta: Cear\u00e1 lidera investimentos nos \u00faltimos tr\u00eas anos\"}]},{\"@type\":\"WebSite\",\"@id\":\"https:\\\/\\\/eleicoes.apublica.org\\\/2018\\\/#website\",\"url\":\"https:\\\/\\\/eleicoes.apublica.org\\\/2018\\\/\",\"name\":\"Truco2018\",\"description\":\"Truco nos estados - Checamos as declara\u00e7\u00f5es de candidatos e boatos que circulam sobre as elei\u00e7\u00f5es para o governo de Minas, Cear\u00e1, S\u00e3o Paulo, Rio Grande do Sul, Par\u00e1, Paran\u00e1, Pernambuco.\",\"potentialAction\":[{\"@type\":\"SearchAction\",\"target\":{\"@type\":\"EntryPoint\",\"urlTemplate\":\"https:\\\/\\\/eleicoes.apublica.org\\\/2018\\\/?s={search_term_string}\"},\"query-input\":{\"@type\":\"PropertyValueSpecification\",\"valueRequired\":true,\"valueName\":\"search_term_string\"}}],\"inLanguage\":\"pt-BR\"},{\"@type\":\"Person\",\"@id\":\"https:\\\/\\\/eleicoes.apublica.org\\\/2018\\\/#\\\/schema\\\/person\\\/8b9e41b7bcb4fcb1ac0b7edf01267e89\",\"name\":\"R\u00f4mulo Costa\",\"image\":{\"@type\":\"ImageObject\",\"inLanguage\":\"pt-BR\",\"@id\":\"https:\\\/\\\/secure.gravatar.com\\\/avatar\\\/cdcde59971355eb3ad785a405c923dab8b7769cdc864d5bf26250451345750e0?s=96&d=mm&r=g72dbcdb2b6313642e98a71245be65b3b\",\"url\":\"https:\\\/\\\/secure.gravatar.com\\\/avatar\\\/cdcde59971355eb3ad785a405c923dab8b7769cdc864d5bf26250451345750e0?s=96&d=mm&r=g\",\"contentUrl\":\"https:\\\/\\\/secure.gravatar.com\\\/avatar\\\/cdcde59971355eb3ad785a405c923dab8b7769cdc864d5bf26250451345750e0?s=96&d=mm&r=g\",\"caption\":\"R\u00f4mulo Costa\"},\"description\":\"\u00c9 jornalista. Foi rep\u00f3rter de Cotidiano e Pol\u00edtica do jornal O Povo, em Fortaleza.\",\"url\":\"https:\\\/\\\/eleicoes.apublica.org\\\/2018\\\/author\\\/romulo-costa\\\/\"}]}<\/script>\n<!-- \/ Yoast SEO plugin. -->","yoast_head_json":{"title":"Camilo acerta: Cear\u00e1 lidera investimentos nos \u00faltimos tr\u00eas anos - Truco2018","robots":{"index":"index","follow":"follow","max-snippet":"max-snippet:-1","max-image-preview":"max-image-preview:large","max-video-preview":"max-video-preview:-1"},"canonical":"https:\/\/eleicoes.apublica.org\/2018\/2018\/09\/camilo-acerta-ceara-lidera-investimentos-nos-ultimos-tres-anos\/","og_locale":"pt_BR","og_type":"article","og_title":"Camilo acerta: Cear\u00e1 lidera investimentos nos \u00faltimos tr\u00eas anos - Truco2018","og_description":"Entre 2015 e 2017, o estado liderou o ranking dos que mais fizeram investimentos p\u00fablicos proporcionais \u00e0 receita, segundo levantamento feito a partir de dados da Secretaria do Tesouro Nacional","og_url":"https:\/\/eleicoes.apublica.org\/2018\/2018\/09\/camilo-acerta-ceara-lidera-investimentos-nos-ultimos-tres-anos\/","og_site_name":"Truco2018","article_published_time":"2018-09-03T21:00:23+00:00","article_modified_time":"2018-09-13T18:33:41+00:00","og_image":[{"width":691,"height":447,"url":"https:\/\/i0.wp.com\/eleicoes.apublica.org\/2018\/wp-content\/uploads\/2018\/09\/Camilo_Santana_TVC.png?fit=691%2C447&ssl=1","type":"image\/png"}],"author":"R\u00f4mulo Costa, Thays Lavor, Carolina Capelo","twitter_card":"summary_large_image","twitter_misc":{"Escrito por":"R\u00f4mulo Costa","Est. tempo de leitura":"4 minutos","Written by":"R\u00f4mulo Costa, Thays Lavor, Carolina Capelo"},"schema":{"@context":"https:\/\/schema.org","@graph":[{"@type":"Article","@id":"https:\/\/eleicoes.apublica.org\/2018\/2018\/09\/camilo-acerta-ceara-lidera-investimentos-nos-ultimos-tres-anos\/#article","isPartOf":{"@id":"https:\/\/eleicoes.apublica.org\/2018\/2018\/09\/camilo-acerta-ceara-lidera-investimentos-nos-ultimos-tres-anos\/"},"author":{"name":"R\u00f4mulo Costa","@id":"https:\/\/eleicoes.apublica.org\/2018\/#\/schema\/person\/8b9e41b7bcb4fcb1ac0b7edf01267e89"},"headline":"Camilo acerta: Cear\u00e1 lidera investimentos nos \u00faltimos tr\u00eas anos","datePublished":"2018-09-03T21:00:23+00:00","dateModified":"2018-09-13T18:33:41+00:00","mainEntityOfPage":{"@id":"https:\/\/eleicoes.apublica.org\/2018\/2018\/09\/camilo-acerta-ceara-lidera-investimentos-nos-ultimos-tres-anos\/"},"wordCount":723,"image":{"@id":"https:\/\/eleicoes.apublica.org\/2018\/2018\/09\/camilo-acerta-ceara-lidera-investimentos-nos-ultimos-tres-anos\/#primaryimage"},"thumbnailUrl":"https:\/\/i0.wp.com\/eleicoes.apublica.org\/2018\/wp-content\/uploads\/2018\/09\/Camilo_Santana_TVC.png?fit=691%2C447&ssl=1","keywords":["Desenvolvimento","Gest\u00e3o p\u00fablica","Investimento","Or\u00e7amento"],"inLanguage":"pt-BR"},{"@type":"WebPage","@id":"https:\/\/eleicoes.apublica.org\/2018\/2018\/09\/camilo-acerta-ceara-lidera-investimentos-nos-ultimos-tres-anos\/","url":"https:\/\/eleicoes.apublica.org\/2018\/2018\/09\/camilo-acerta-ceara-lidera-investimentos-nos-ultimos-tres-anos\/","name":"Camilo acerta: Cear\u00e1 lidera investimentos nos \u00faltimos tr\u00eas anos - Truco2018","isPartOf":{"@id":"https:\/\/eleicoes.apublica.org\/2018\/#website"},"primaryImageOfPage":{"@id":"https:\/\/eleicoes.apublica.org\/2018\/2018\/09\/camilo-acerta-ceara-lidera-investimentos-nos-ultimos-tres-anos\/#primaryimage"},"image":{"@id":"https:\/\/eleicoes.apublica.org\/2018\/2018\/09\/camilo-acerta-ceara-lidera-investimentos-nos-ultimos-tres-anos\/#primaryimage"},"thumbnailUrl":"https:\/\/i0.wp.com\/eleicoes.apublica.org\/2018\/wp-content\/uploads\/2018\/09\/Camilo_Santana_TVC.png?fit=691%2C447&ssl=1","datePublished":"2018-09-03T21:00:23+00:00","dateModified":"2018-09-13T18:33:41+00:00","author":{"@id":"https:\/\/eleicoes.apublica.org\/2018\/#\/schema\/person\/8b9e41b7bcb4fcb1ac0b7edf01267e89"},"breadcrumb":{"@id":"https:\/\/eleicoes.apublica.org\/2018\/2018\/09\/camilo-acerta-ceara-lidera-investimentos-nos-ultimos-tres-anos\/#breadcrumb"},"inLanguage":"pt-BR","potentialAction":[{"@type":"ReadAction","target":["https:\/\/eleicoes.apublica.org\/2018\/2018\/09\/camilo-acerta-ceara-lidera-investimentos-nos-ultimos-tres-anos\/"]}]},{"@type":"ImageObject","inLanguage":"pt-BR","@id":"https:\/\/eleicoes.apublica.org\/2018\/2018\/09\/camilo-acerta-ceara-lidera-investimentos-nos-ultimos-tres-anos\/#primaryimage","url":"https:\/\/i0.wp.com\/eleicoes.apublica.org\/2018\/wp-content\/uploads\/2018\/09\/Camilo_Santana_TVC.png?fit=691%2C447&ssl=1","contentUrl":"https:\/\/i0.wp.com\/eleicoes.apublica.org\/2018\/wp-content\/uploads\/2018\/09\/Camilo_Santana_TVC.png?fit=691%2C447&ssl=1","width":691,"height":447},{"@type":"BreadcrumbList","@id":"https:\/\/eleicoes.apublica.org\/2018\/2018\/09\/camilo-acerta-ceara-lidera-investimentos-nos-ultimos-tres-anos\/#breadcrumb","itemListElement":[{"@type":"ListItem","position":1,"name":"In\u00edcio","item":"https:\/\/eleicoes.apublica.org\/2018\/"},{"@type":"ListItem","position":2,"name":"Camilo acerta: Cear\u00e1 lidera investimentos nos \u00faltimos tr\u00eas anos"}]},{"@type":"WebSite","@id":"https:\/\/eleicoes.apublica.org\/2018\/#website","url":"https:\/\/eleicoes.apublica.org\/2018\/","name":"Truco2018","description":"Truco nos estados - Checamos as declara\u00e7\u00f5es de candidatos e boatos que circulam sobre as elei\u00e7\u00f5es para o governo de Minas, Cear\u00e1, S\u00e3o Paulo, Rio Grande do Sul, Par\u00e1, Paran\u00e1, Pernambuco.","potentialAction":[{"@type":"SearchAction","target":{"@type":"EntryPoint","urlTemplate":"https:\/\/eleicoes.apublica.org\/2018\/?s={search_term_string}"},"query-input":{"@type":"PropertyValueSpecification","valueRequired":true,"valueName":"search_term_string"}}],"inLanguage":"pt-BR"},{"@type":"Person","@id":"https:\/\/eleicoes.apublica.org\/2018\/#\/schema\/person\/8b9e41b7bcb4fcb1ac0b7edf01267e89","name":"R\u00f4mulo Costa","image":{"@type":"ImageObject","inLanguage":"pt-BR","@id":"https:\/\/secure.gravatar.com\/avatar\/cdcde59971355eb3ad785a405c923dab8b7769cdc864d5bf26250451345750e0?s=96&d=mm&r=g72dbcdb2b6313642e98a71245be65b3b","url":"https:\/\/secure.gravatar.com\/avatar\/cdcde59971355eb3ad785a405c923dab8b7769cdc864d5bf26250451345750e0?s=96&d=mm&r=g","contentUrl":"https:\/\/secure.gravatar.com\/avatar\/cdcde59971355eb3ad785a405c923dab8b7769cdc864d5bf26250451345750e0?s=96&d=mm&r=g","caption":"R\u00f4mulo Costa"},"description":"\u00c9 jornalista. Foi rep\u00f3rter de Cotidiano e Pol\u00edtica do jornal O Povo, em Fortaleza.","url":"https:\/\/eleicoes.apublica.org\/2018\/author\/romulo-costa\/"}]}},"jetpack_featured_media_url":"https:\/\/i0.wp.com\/eleicoes.apublica.org\/2018\/wp-content\/uploads\/2018\/09\/Camilo_Santana_TVC.png?fit=691%2C447&ssl=1","jetpack_shortlink":"https:\/\/wp.me\/pbyYl8-wd","jetpack_sharing_enabled":true,"_links":{"self":[{"href":"https:\/\/eleicoes.apublica.org\/2018\/wp-json\/wp\/v2\/posts\/1997","targetHints":{"allow":["GET"]}}],"collection":[{"href":"https:\/\/eleicoes.apublica.org\/2018\/wp-json\/wp\/v2\/posts"}],"about":[{"href":"https:\/\/eleicoes.apublica.org\/2018\/wp-json\/wp\/v2\/types\/post"}],"author":[{"embeddable":true,"href":"https:\/\/eleicoes.apublica.org\/2018\/wp-json\/wp\/v2\/users\/8"}],"replies":[{"embeddable":true,"href":"https:\/\/eleicoes.apublica.org\/2018\/wp-json\/wp\/v2\/comments?post=1997"}],"version-history":[{"count":6,"href":"https:\/\/eleicoes.apublica.org\/2018\/wp-json\/wp\/v2\/posts\/1997\/revisions"}],"predecessor-version":[{"id":2010,"href":"https:\/\/eleicoes.apublica.org\/2018\/wp-json\/wp\/v2\/posts\/1997\/revisions\/2010"}],"wp:featuredmedia":[{"embeddable":true,"href":"https:\/\/eleicoes.apublica.org\/2018\/wp-json\/wp\/v2\/media\/1998"}],"wp:attachment":[{"href":"https:\/\/eleicoes.apublica.org\/2018\/wp-json\/wp\/v2\/media?parent=1997"}],"wp:term":[{"taxonomy":"category","embeddable":true,"href":"https:\/\/eleicoes.apublica.org\/2018\/wp-json\/wp\/v2\/categories?post=1997"},{"taxonomy":"post_tag","embeddable":true,"href":"https:\/\/eleicoes.apublica.org\/2018\/wp-json\/wp\/v2\/tags?post=1997"},{"taxonomy":"author","embeddable":true,"href":"https:\/\/eleicoes.apublica.org\/2018\/wp-json\/wp\/v2\/coauthors?post=1997"}],"curies":[{"name":"wp","href":"https:\/\/api.w.org\/{rel}","templated":true}]}}