{"id":2207,"date":"2018-09-10T09:01:14","date_gmt":"2018-09-10T12:01:14","guid":{"rendered":"https:\/\/truco2018.apublica.org\/?p=2207"},"modified":"2018-09-06T20:15:03","modified_gmt":"2018-09-06T23:15:03","slug":"cida-borghetti-erra-ao-falar-da-geracao-de-empregos-no-parana","status":"publish","type":"post","link":"https:\/\/eleicoes.apublica.org\/2018\/2018\/09\/cida-borghetti-erra-ao-falar-da-geracao-de-empregos-no-parana\/","title":{"rendered":"Cida Borghetti erra ao falar da gera\u00e7\u00e3o de empregos no Paran\u00e1"},"content":{"rendered":"<p><b>&#8220;37 mil novos empregos foram criados no Paran\u00e1 nos \u00faltimos quatro meses. O Caged aponta isso&#8221;<\/b><span style=\"font-weight: 400;\">, afirmou a governadora e candidata \u00e0 reelei\u00e7\u00e3o Cida Borghetti (PP) durante sabatina promovida pela r\u00e1dio Bandnews no \u00faltimo dia 30.<\/span><\/p>\n<p><span style=\"font-weight: 400;\">De fato, o saldo na gera\u00e7\u00e3o de empregos no Paran\u00e1 em 2018 \u00e9 positivo, mas fica abaixo do que foi apontado pela candidata, que deixou de incluir em sua conta a perda de seis mil vagas em junho. <\/span><\/p>\n<p><span style=\"font-weight: 400;\">O Cadastro Geral de Empregados e Desempregados (Caged), do Minist\u00e9rio do Trabalho (MTE), mostra que 32,7 mil novos postos de trabalho foram criados no Paran\u00e1 entre janeiro e julho, \u00faltimo m\u00eas para o qual j\u00e1 h\u00e1 dados dispon\u00edveis. <\/span><\/p>\n<p><span style=\"font-weight: 400;\">Com isso, a afirma\u00e7\u00e3o da candidata foi considerada falsa pelo Truco nos Estados, projeto de fact-checking da <strong>Ag\u00eancia P\u00fablica<\/strong> feito no Paran\u00e1 em parceria com o <strong>Livre.jor<\/strong>.<\/span><\/p>\n<p><img data-recalc-dims=\"1\" loading=\"lazy\" decoding=\"async\" class=\"aligncenter wp-image-2208 size-full\" src=\"https:\/\/i0.wp.com\/truco2018.apublica.org\/wp-content\/uploads\/2018\/09\/Emprego_caged_jan-a-jul.png?resize=525%2C386&#038;ssl=1\" alt=\"\" width=\"525\" height=\"386\" srcset=\"https:\/\/i0.wp.com\/eleicoes.apublica.org\/2018\/wp-content\/uploads\/2018\/09\/Emprego_caged_jan-a-jul.png?w=727&amp;ssl=1 727w, https:\/\/i0.wp.com\/eleicoes.apublica.org\/2018\/wp-content\/uploads\/2018\/09\/Emprego_caged_jan-a-jul.png?resize=300%2C221&amp;ssl=1 300w\" sizes=\"auto, (max-width: 525px) 100vw, 525px\" \/><\/p>\n<p><span style=\"font-weight: 400;\">O n\u00famero brandido pela governadora, aparentemente, considera apenas os empregos criados no Paran\u00e1 entre janeiro e maio \u2013\u00a036,8 mil novas vagas, segundo o Caged. <\/span><\/p>\n<p><span style=\"font-weight: 400;\">Em junho, por\u00e9m, 6,6 mil postos de trabalho foram fechados no estado, sobretudo em ind\u00fastria de transforma\u00e7\u00e3o, constru\u00e7\u00e3o civil, com\u00e9rcio e servi\u00e7os. <\/span><\/p>\n<p><span style=\"font-weight: 400;\">Em julho, o n\u00famero voltou a ser positivo, com 2,5 mil novas vagas. Assim, o saldo do ano est\u00e1, atualmente, em 32,7 mil empregos. <\/span><\/p>\n<p><span style=\"font-weight: 400;\">A diferen\u00e7a \u00e9 pequena, o que poderia levar a fala da candidata a ser classificada como \u201cexagerada\u201d. <\/span><\/p>\n<p><span style=\"font-weight: 400;\">No entanto, se levarmos ao \u201cp\u00e9 da letra\u201d o que disse governadora \u2013\u00a0isto \u00e9, o saldo de empregos nos \u00faltimos quatro meses \u2013, ficamos com um saldo de apenas 6,9 mil postos de trabalho criados entre abril e julho, muito distante do que ela falou. <\/span><\/p>\n<p><span style=\"font-weight: 400;\">Portanto, a afirma\u00e7\u00e3o foi classificada como \u201cfalsa\u201d.<\/span><\/p>\n<p><img data-recalc-dims=\"1\" loading=\"lazy\" decoding=\"async\" class=\"aligncenter wp-image-2209 size-full\" src=\"https:\/\/i0.wp.com\/truco2018.apublica.org\/wp-content\/uploads\/2018\/09\/EmpregoCaged_2017-e-2018.png?resize=525%2C407&#038;ssl=1\" alt=\"\" width=\"525\" height=\"407\" srcset=\"https:\/\/i0.wp.com\/eleicoes.apublica.org\/2018\/wp-content\/uploads\/2018\/09\/EmpregoCaged_2017-e-2018.png?w=728&amp;ssl=1 728w, https:\/\/i0.wp.com\/eleicoes.apublica.org\/2018\/wp-content\/uploads\/2018\/09\/EmpregoCaged_2017-e-2018.png?resize=300%2C233&amp;ssl=1 300w\" sizes=\"auto, (max-width: 525px) 100vw, 525px\" \/><\/p>\n<p><span style=\"font-weight: 400;\">Mesmo com o resultado negativo de junho, o n\u00famero de novos empregos no Paran\u00e1 \u00e9 40% superior nos primeiros sete meses de 2018 na compara\u00e7\u00e3o com o mesmo per\u00edodo do ano passado.<\/span><\/p>\n<p><strong>Candidata n\u00e3o comenta<\/strong> \u2013 O Truco nos Estados informou \u00e0 assessoria de Cida Borghetti que a declara\u00e7\u00e3o dela sobre gera\u00e7\u00e3o de empregos foi considerada falsa, e abriu espa\u00e7o para que ela comentasse o selo.<\/p>\n<p>At\u00e9 a publica\u00e7\u00e3o deste texto, a campanha de Cida n\u00e3o havia se manifestado. Se ela o fizer, o texto ser\u00e1 atualizado.<\/p>\n","protected":false},"excerpt":{"rendered":"<p>N\u00famero usado pela candidata n\u00e3o bate com o real, mas estado de fato tem saldo de postos de trabalho em 2018<\/p>\n","protected":false},"author":25,"featured_media":2210,"comment_status":"closed","ping_status":"open","sticky":false,"template":"","format":"standard","meta":{"_acf_changed":false,"_jetpack_memberships_contains_paid_content":false,"footnotes":""},"categories":[1],"tags":[33,58],"coauthors":[108],"class_list":["post-2207","post","type-post","status-publish","format-standard","has-post-thumbnail","hentry","category-sem-categoria","tag-economia","tag-trabalho"],"acf":{"truco":{"value":"falso","label":"Falso"},"resumido":"Cida Borghetti diz que Paran\u00e1 criou 37 mil empregos nos \u00faltimos quatro meses","descricao":"\"37 mil novos empregos foram criados no Paran\u00e1 nos \u00faltimos quatro meses. O Caged aponta isso\", afirmou a governadora e candidata \u00e0 reelei\u00e7\u00e3o Cida Borghetti (PP) durante sabatina promovida pela r\u00e1dio BandNews","autor":"Cida Borghetti","candidato":{"ID":352,"post_author":"24","post_date":"2018-08-06 19:41:21","post_date_gmt":"2018-08-06 22:41:21","post_content":"Maria Aparecida Borghetti, 53 anos, filiada ao Partido Progressista, \u00e9 a atual governadora do Paran\u00e1 \u2013 herdou o cargo com a ren\u00fancia de Beto Richa (PSDB), que deixou o posto para concorrer ao Senado. Foi deputada estadual e federal.\r\n\r\nCida \u00e9 esposa do deputado federal e ex-ministro da Sa\u00fade Ricardo Barros, h\u00e1bil articulador pol\u00edtico e l\u00edder do cl\u00e3 pol\u00edtico que ainda inclui a filha do casal, a deputada estadual Maria Victoria. Ele costurou para ela a maior coliga\u00e7\u00e3o destas elei\u00e7\u00f5es, com PSDB, DEM, PTB, PSB, PROS, PMB e PMN \u2013 o que garante \u00e0 candidatura o maior tempo nos programas eleitorais de r\u00e1dio e televis\u00e3o.\r\n\r\nBarros, ministro da Sa\u00fade entre maio de 2016 e abril deste ano, viajou in\u00fameras vezes ao Paran\u00e1 para anunciar obras e investimentos da pasta \u2013 sempre ao lado de Maria Aparecida.","post_title":"Cida Borghetti","post_excerpt":"Atua governadora do Paran\u00e1, Cida Borghetti \u00e9 mulher do deputado federal e ex-ministro da Sa\u00fade Ricardo Barros, h\u00e1bil articulador pol\u00edtico e l\u00edder do cl\u00e3 pol\u00edtico.","post_status":"publish","comment_status":"closed","ping_status":"closed","post_password":"","post_name":"cida-borghetti-2","to_ping":"","pinged":"","post_modified":"2018-10-10 22:46:40","post_modified_gmt":"2018-10-11 01:46:40","post_content_filtered":"","post_parent":0,"guid":"https:\/\/truco2018.apublica.org\/?post_type=candidato&#038;p=352","menu_order":0,"post_type":"candidato","post_mime_type":"","comment_count":"0","filter":"raw"},"estado":{"term_id":12,"name":"Paran\u00e1","slug":"parana","term_group":0,"term_taxonomy_id":12,"taxonomy":"estado","description":"","parent":0,"count":11,"filter":"raw"}},"yoast_head":"<!-- This site is optimized with the Yoast SEO plugin v27.5 - https:\/\/yoast.com\/product\/yoast-seo-wordpress\/ -->\n<title>Cida Borghetti erra ao falar da gera\u00e7\u00e3o de empregos no Paran\u00e1 - Truco2018<\/title>\n<meta name=\"robots\" content=\"index, follow, max-snippet:-1, max-image-preview:large, max-video-preview:-1\" \/>\n<link rel=\"canonical\" href=\"https:\/\/eleicoes.apublica.org\/2018\/2018\/09\/cida-borghetti-erra-ao-falar-da-geracao-de-empregos-no-parana\/\" \/>\n<meta property=\"og:locale\" content=\"pt_BR\" \/>\n<meta property=\"og:type\" content=\"article\" \/>\n<meta property=\"og:title\" content=\"Cida Borghetti erra ao falar da gera\u00e7\u00e3o de empregos no Paran\u00e1 - Truco2018\" \/>\n<meta property=\"og:description\" content=\"N\u00famero usado pela candidata n\u00e3o bate com o real, mas estado de fato tem saldo de postos de trabalho em 2018\" \/>\n<meta property=\"og:url\" content=\"https:\/\/eleicoes.apublica.org\/2018\/2018\/09\/cida-borghetti-erra-ao-falar-da-geracao-de-empregos-no-parana\/\" \/>\n<meta property=\"og:site_name\" content=\"Truco2018\" \/>\n<meta property=\"article:published_time\" content=\"2018-09-10T12:01:14+00:00\" \/>\n<meta property=\"og:image\" content=\"https:\/\/i0.wp.com\/eleicoes.apublica.org\/2018\/wp-content\/uploads\/2018\/09\/1092628-dia-dde-inclusao-sociala81t4400.jpg?fit=1024%2C683&ssl=1\" \/>\n\t<meta property=\"og:image:width\" content=\"1024\" \/>\n\t<meta property=\"og:image:height\" content=\"683\" \/>\n\t<meta property=\"og:image:type\" content=\"image\/jpeg\" \/>\n<meta name=\"author\" content=\"Alexsandro Ribeiro\" \/>\n<meta name=\"twitter:card\" content=\"summary_large_image\" \/>\n<meta name=\"twitter:label1\" content=\"Escrito por\" \/>\n\t<meta name=\"twitter:data1\" content=\"Alexsandro Ribeiro\" \/>\n\t<meta name=\"twitter:label2\" content=\"Est. tempo de leitura\" \/>\n\t<meta name=\"twitter:data2\" content=\"2 minutos\" \/>\n\t<meta name=\"twitter:label3\" content=\"Written by\" \/>\n\t<meta name=\"twitter:data3\" content=\"Alexsandro Ribeiro\" \/>\n<script type=\"application\/ld+json\" class=\"yoast-schema-graph\">{\"@context\":\"https:\\\/\\\/schema.org\",\"@graph\":[{\"@type\":\"Article\",\"@id\":\"https:\\\/\\\/eleicoes.apublica.org\\\/2018\\\/2018\\\/09\\\/cida-borghetti-erra-ao-falar-da-geracao-de-empregos-no-parana\\\/#article\",\"isPartOf\":{\"@id\":\"https:\\\/\\\/eleicoes.apublica.org\\\/2018\\\/2018\\\/09\\\/cida-borghetti-erra-ao-falar-da-geracao-de-empregos-no-parana\\\/\"},\"author\":{\"name\":\"Alexsandro Ribeiro\",\"@id\":\"https:\\\/\\\/eleicoes.apublica.org\\\/2018\\\/#\\\/schema\\\/person\\\/8d9ff8f7af7e0d75059bd5519f5f4d8c\"},\"headline\":\"Cida Borghetti erra ao falar da gera\u00e7\u00e3o de empregos no Paran\u00e1\",\"datePublished\":\"2018-09-10T12:01:14+00:00\",\"mainEntityOfPage\":{\"@id\":\"https:\\\/\\\/eleicoes.apublica.org\\\/2018\\\/2018\\\/09\\\/cida-borghetti-erra-ao-falar-da-geracao-de-empregos-no-parana\\\/\"},\"wordCount\":387,\"image\":{\"@id\":\"https:\\\/\\\/eleicoes.apublica.org\\\/2018\\\/2018\\\/09\\\/cida-borghetti-erra-ao-falar-da-geracao-de-empregos-no-parana\\\/#primaryimage\"},\"thumbnailUrl\":\"https:\\\/\\\/i0.wp.com\\\/eleicoes.apublica.org\\\/2018\\\/wp-content\\\/uploads\\\/2018\\\/09\\\/1092628-dia-dde-inclusao-sociala81t4400.jpg?fit=1024%2C683&ssl=1\",\"keywords\":[\"Economia\",\"Trabalho\"],\"inLanguage\":\"pt-BR\"},{\"@type\":\"WebPage\",\"@id\":\"https:\\\/\\\/eleicoes.apublica.org\\\/2018\\\/2018\\\/09\\\/cida-borghetti-erra-ao-falar-da-geracao-de-empregos-no-parana\\\/\",\"url\":\"https:\\\/\\\/eleicoes.apublica.org\\\/2018\\\/2018\\\/09\\\/cida-borghetti-erra-ao-falar-da-geracao-de-empregos-no-parana\\\/\",\"name\":\"Cida Borghetti erra ao falar da gera\u00e7\u00e3o de empregos no Paran\u00e1 - Truco2018\",\"isPartOf\":{\"@id\":\"https:\\\/\\\/eleicoes.apublica.org\\\/2018\\\/#website\"},\"primaryImageOfPage\":{\"@id\":\"https:\\\/\\\/eleicoes.apublica.org\\\/2018\\\/2018\\\/09\\\/cida-borghetti-erra-ao-falar-da-geracao-de-empregos-no-parana\\\/#primaryimage\"},\"image\":{\"@id\":\"https:\\\/\\\/eleicoes.apublica.org\\\/2018\\\/2018\\\/09\\\/cida-borghetti-erra-ao-falar-da-geracao-de-empregos-no-parana\\\/#primaryimage\"},\"thumbnailUrl\":\"https:\\\/\\\/i0.wp.com\\\/eleicoes.apublica.org\\\/2018\\\/wp-content\\\/uploads\\\/2018\\\/09\\\/1092628-dia-dde-inclusao-sociala81t4400.jpg?fit=1024%2C683&ssl=1\",\"datePublished\":\"2018-09-10T12:01:14+00:00\",\"author\":{\"@id\":\"https:\\\/\\\/eleicoes.apublica.org\\\/2018\\\/#\\\/schema\\\/person\\\/8d9ff8f7af7e0d75059bd5519f5f4d8c\"},\"breadcrumb\":{\"@id\":\"https:\\\/\\\/eleicoes.apublica.org\\\/2018\\\/2018\\\/09\\\/cida-borghetti-erra-ao-falar-da-geracao-de-empregos-no-parana\\\/#breadcrumb\"},\"inLanguage\":\"pt-BR\",\"potentialAction\":[{\"@type\":\"ReadAction\",\"target\":[\"https:\\\/\\\/eleicoes.apublica.org\\\/2018\\\/2018\\\/09\\\/cida-borghetti-erra-ao-falar-da-geracao-de-empregos-no-parana\\\/\"]}]},{\"@type\":\"ImageObject\",\"inLanguage\":\"pt-BR\",\"@id\":\"https:\\\/\\\/eleicoes.apublica.org\\\/2018\\\/2018\\\/09\\\/cida-borghetti-erra-ao-falar-da-geracao-de-empregos-no-parana\\\/#primaryimage\",\"url\":\"https:\\\/\\\/i0.wp.com\\\/eleicoes.apublica.org\\\/2018\\\/wp-content\\\/uploads\\\/2018\\\/09\\\/1092628-dia-dde-inclusao-sociala81t4400.jpg?fit=1024%2C683&ssl=1\",\"contentUrl\":\"https:\\\/\\\/i0.wp.com\\\/eleicoes.apublica.org\\\/2018\\\/wp-content\\\/uploads\\\/2018\\\/09\\\/1092628-dia-dde-inclusao-sociala81t4400.jpg?fit=1024%2C683&ssl=1\",\"width\":1024,\"height\":683,\"caption\":\"Bras\u00edlia - Minist\u00e9rio do Trabalho promove a\u00e7\u00f5es, em homenagem ao Dia D de Inclus\u00e3o de Pessoas com Defici\u00eancia, em diversas cidades do pa\u00eds com o objetivo de inseri-los no mercado de Trabalho (Jos\u00e9 Cruz\\\/Ag\u00eancia Brasil)\"},{\"@type\":\"BreadcrumbList\",\"@id\":\"https:\\\/\\\/eleicoes.apublica.org\\\/2018\\\/2018\\\/09\\\/cida-borghetti-erra-ao-falar-da-geracao-de-empregos-no-parana\\\/#breadcrumb\",\"itemListElement\":[{\"@type\":\"ListItem\",\"position\":1,\"name\":\"In\u00edcio\",\"item\":\"https:\\\/\\\/eleicoes.apublica.org\\\/2018\\\/\"},{\"@type\":\"ListItem\",\"position\":2,\"name\":\"Cida Borghetti erra ao falar da gera\u00e7\u00e3o de empregos no Paran\u00e1\"}]},{\"@type\":\"WebSite\",\"@id\":\"https:\\\/\\\/eleicoes.apublica.org\\\/2018\\\/#website\",\"url\":\"https:\\\/\\\/eleicoes.apublica.org\\\/2018\\\/\",\"name\":\"Truco2018\",\"description\":\"Truco nos estados - Checamos as declara\u00e7\u00f5es de candidatos e boatos que circulam sobre as elei\u00e7\u00f5es para o governo de Minas, Cear\u00e1, S\u00e3o Paulo, Rio Grande do Sul, Par\u00e1, Paran\u00e1, Pernambuco.\",\"potentialAction\":[{\"@type\":\"SearchAction\",\"target\":{\"@type\":\"EntryPoint\",\"urlTemplate\":\"https:\\\/\\\/eleicoes.apublica.org\\\/2018\\\/?s={search_term_string}\"},\"query-input\":{\"@type\":\"PropertyValueSpecification\",\"valueRequired\":true,\"valueName\":\"search_term_string\"}}],\"inLanguage\":\"pt-BR\"},{\"@type\":\"Person\",\"@id\":\"https:\\\/\\\/eleicoes.apublica.org\\\/2018\\\/#\\\/schema\\\/person\\\/8d9ff8f7af7e0d75059bd5519f5f4d8c\",\"name\":\"Alexsandro Ribeiro\",\"image\":{\"@type\":\"ImageObject\",\"inLanguage\":\"pt-BR\",\"@id\":\"https:\\\/\\\/secure.gravatar.com\\\/avatar\\\/8ada628d3b2c612267f7d85903747783a1be2002b04744c074a56dac5d1e70f4?s=96&d=mm&r=gcb753517626539de91dd6ce2bfb27560\",\"url\":\"https:\\\/\\\/secure.gravatar.com\\\/avatar\\\/8ada628d3b2c612267f7d85903747783a1be2002b04744c074a56dac5d1e70f4?s=96&d=mm&r=g\",\"contentUrl\":\"https:\\\/\\\/secure.gravatar.com\\\/avatar\\\/8ada628d3b2c612267f7d85903747783a1be2002b04744c074a56dac5d1e70f4?s=96&d=mm&r=g\",\"caption\":\"Alexsandro Ribeiro\"},\"url\":\"https:\\\/\\\/eleicoes.apublica.org\\\/2018\\\/author\\\/alexsandro-ribeiro\\\/\"}]}<\/script>\n<!-- \/ Yoast SEO plugin. -->","yoast_head_json":{"title":"Cida Borghetti erra ao falar da gera\u00e7\u00e3o de empregos no Paran\u00e1 - Truco2018","robots":{"index":"index","follow":"follow","max-snippet":"max-snippet:-1","max-image-preview":"max-image-preview:large","max-video-preview":"max-video-preview:-1"},"canonical":"https:\/\/eleicoes.apublica.org\/2018\/2018\/09\/cida-borghetti-erra-ao-falar-da-geracao-de-empregos-no-parana\/","og_locale":"pt_BR","og_type":"article","og_title":"Cida Borghetti erra ao falar da gera\u00e7\u00e3o de empregos no Paran\u00e1 - Truco2018","og_description":"N\u00famero usado pela candidata n\u00e3o bate com o real, mas estado de fato tem saldo de postos de trabalho em 2018","og_url":"https:\/\/eleicoes.apublica.org\/2018\/2018\/09\/cida-borghetti-erra-ao-falar-da-geracao-de-empregos-no-parana\/","og_site_name":"Truco2018","article_published_time":"2018-09-10T12:01:14+00:00","og_image":[{"width":1024,"height":683,"url":"https:\/\/i0.wp.com\/eleicoes.apublica.org\/2018\/wp-content\/uploads\/2018\/09\/1092628-dia-dde-inclusao-sociala81t4400.jpg?fit=1024%2C683&ssl=1","type":"image\/jpeg"}],"author":"Alexsandro Ribeiro","twitter_card":"summary_large_image","twitter_misc":{"Escrito por":"Alexsandro Ribeiro","Est. tempo de leitura":"2 minutos","Written by":"Alexsandro Ribeiro"},"schema":{"@context":"https:\/\/schema.org","@graph":[{"@type":"Article","@id":"https:\/\/eleicoes.apublica.org\/2018\/2018\/09\/cida-borghetti-erra-ao-falar-da-geracao-de-empregos-no-parana\/#article","isPartOf":{"@id":"https:\/\/eleicoes.apublica.org\/2018\/2018\/09\/cida-borghetti-erra-ao-falar-da-geracao-de-empregos-no-parana\/"},"author":{"name":"Alexsandro Ribeiro","@id":"https:\/\/eleicoes.apublica.org\/2018\/#\/schema\/person\/8d9ff8f7af7e0d75059bd5519f5f4d8c"},"headline":"Cida Borghetti erra ao falar da gera\u00e7\u00e3o de empregos no Paran\u00e1","datePublished":"2018-09-10T12:01:14+00:00","mainEntityOfPage":{"@id":"https:\/\/eleicoes.apublica.org\/2018\/2018\/09\/cida-borghetti-erra-ao-falar-da-geracao-de-empregos-no-parana\/"},"wordCount":387,"image":{"@id":"https:\/\/eleicoes.apublica.org\/2018\/2018\/09\/cida-borghetti-erra-ao-falar-da-geracao-de-empregos-no-parana\/#primaryimage"},"thumbnailUrl":"https:\/\/i0.wp.com\/eleicoes.apublica.org\/2018\/wp-content\/uploads\/2018\/09\/1092628-dia-dde-inclusao-sociala81t4400.jpg?fit=1024%2C683&ssl=1","keywords":["Economia","Trabalho"],"inLanguage":"pt-BR"},{"@type":"WebPage","@id":"https:\/\/eleicoes.apublica.org\/2018\/2018\/09\/cida-borghetti-erra-ao-falar-da-geracao-de-empregos-no-parana\/","url":"https:\/\/eleicoes.apublica.org\/2018\/2018\/09\/cida-borghetti-erra-ao-falar-da-geracao-de-empregos-no-parana\/","name":"Cida Borghetti erra ao falar da gera\u00e7\u00e3o de empregos no Paran\u00e1 - Truco2018","isPartOf":{"@id":"https:\/\/eleicoes.apublica.org\/2018\/#website"},"primaryImageOfPage":{"@id":"https:\/\/eleicoes.apublica.org\/2018\/2018\/09\/cida-borghetti-erra-ao-falar-da-geracao-de-empregos-no-parana\/#primaryimage"},"image":{"@id":"https:\/\/eleicoes.apublica.org\/2018\/2018\/09\/cida-borghetti-erra-ao-falar-da-geracao-de-empregos-no-parana\/#primaryimage"},"thumbnailUrl":"https:\/\/i0.wp.com\/eleicoes.apublica.org\/2018\/wp-content\/uploads\/2018\/09\/1092628-dia-dde-inclusao-sociala81t4400.jpg?fit=1024%2C683&ssl=1","datePublished":"2018-09-10T12:01:14+00:00","author":{"@id":"https:\/\/eleicoes.apublica.org\/2018\/#\/schema\/person\/8d9ff8f7af7e0d75059bd5519f5f4d8c"},"breadcrumb":{"@id":"https:\/\/eleicoes.apublica.org\/2018\/2018\/09\/cida-borghetti-erra-ao-falar-da-geracao-de-empregos-no-parana\/#breadcrumb"},"inLanguage":"pt-BR","potentialAction":[{"@type":"ReadAction","target":["https:\/\/eleicoes.apublica.org\/2018\/2018\/09\/cida-borghetti-erra-ao-falar-da-geracao-de-empregos-no-parana\/"]}]},{"@type":"ImageObject","inLanguage":"pt-BR","@id":"https:\/\/eleicoes.apublica.org\/2018\/2018\/09\/cida-borghetti-erra-ao-falar-da-geracao-de-empregos-no-parana\/#primaryimage","url":"https:\/\/i0.wp.com\/eleicoes.apublica.org\/2018\/wp-content\/uploads\/2018\/09\/1092628-dia-dde-inclusao-sociala81t4400.jpg?fit=1024%2C683&ssl=1","contentUrl":"https:\/\/i0.wp.com\/eleicoes.apublica.org\/2018\/wp-content\/uploads\/2018\/09\/1092628-dia-dde-inclusao-sociala81t4400.jpg?fit=1024%2C683&ssl=1","width":1024,"height":683,"caption":"Bras\u00edlia - Minist\u00e9rio do Trabalho promove a\u00e7\u00f5es, em homenagem ao Dia D de Inclus\u00e3o de Pessoas com Defici\u00eancia, em diversas cidades do pa\u00eds com o objetivo de inseri-los no mercado de Trabalho (Jos\u00e9 Cruz\/Ag\u00eancia Brasil)"},{"@type":"BreadcrumbList","@id":"https:\/\/eleicoes.apublica.org\/2018\/2018\/09\/cida-borghetti-erra-ao-falar-da-geracao-de-empregos-no-parana\/#breadcrumb","itemListElement":[{"@type":"ListItem","position":1,"name":"In\u00edcio","item":"https:\/\/eleicoes.apublica.org\/2018\/"},{"@type":"ListItem","position":2,"name":"Cida Borghetti erra ao falar da gera\u00e7\u00e3o de empregos no Paran\u00e1"}]},{"@type":"WebSite","@id":"https:\/\/eleicoes.apublica.org\/2018\/#website","url":"https:\/\/eleicoes.apublica.org\/2018\/","name":"Truco2018","description":"Truco nos estados - Checamos as declara\u00e7\u00f5es de candidatos e boatos que circulam sobre as elei\u00e7\u00f5es para o governo de Minas, Cear\u00e1, S\u00e3o Paulo, Rio Grande do Sul, Par\u00e1, Paran\u00e1, Pernambuco.","potentialAction":[{"@type":"SearchAction","target":{"@type":"EntryPoint","urlTemplate":"https:\/\/eleicoes.apublica.org\/2018\/?s={search_term_string}"},"query-input":{"@type":"PropertyValueSpecification","valueRequired":true,"valueName":"search_term_string"}}],"inLanguage":"pt-BR"},{"@type":"Person","@id":"https:\/\/eleicoes.apublica.org\/2018\/#\/schema\/person\/8d9ff8f7af7e0d75059bd5519f5f4d8c","name":"Alexsandro Ribeiro","image":{"@type":"ImageObject","inLanguage":"pt-BR","@id":"https:\/\/secure.gravatar.com\/avatar\/8ada628d3b2c612267f7d85903747783a1be2002b04744c074a56dac5d1e70f4?s=96&d=mm&r=gcb753517626539de91dd6ce2bfb27560","url":"https:\/\/secure.gravatar.com\/avatar\/8ada628d3b2c612267f7d85903747783a1be2002b04744c074a56dac5d1e70f4?s=96&d=mm&r=g","contentUrl":"https:\/\/secure.gravatar.com\/avatar\/8ada628d3b2c612267f7d85903747783a1be2002b04744c074a56dac5d1e70f4?s=96&d=mm&r=g","caption":"Alexsandro Ribeiro"},"url":"https:\/\/eleicoes.apublica.org\/2018\/author\/alexsandro-ribeiro\/"}]}},"jetpack_featured_media_url":"https:\/\/i0.wp.com\/eleicoes.apublica.org\/2018\/wp-content\/uploads\/2018\/09\/1092628-dia-dde-inclusao-sociala81t4400.jpg?fit=1024%2C683&ssl=1","jetpack_shortlink":"https:\/\/wp.me\/pbyYl8-zB","jetpack_sharing_enabled":true,"_links":{"self":[{"href":"https:\/\/eleicoes.apublica.org\/2018\/wp-json\/wp\/v2\/posts\/2207","targetHints":{"allow":["GET"]}}],"collection":[{"href":"https:\/\/eleicoes.apublica.org\/2018\/wp-json\/wp\/v2\/posts"}],"about":[{"href":"https:\/\/eleicoes.apublica.org\/2018\/wp-json\/wp\/v2\/types\/post"}],"author":[{"embeddable":true,"href":"https:\/\/eleicoes.apublica.org\/2018\/wp-json\/wp\/v2\/users\/25"}],"replies":[{"embeddable":true,"href":"https:\/\/eleicoes.apublica.org\/2018\/wp-json\/wp\/v2\/comments?post=2207"}],"version-history":[{"count":4,"href":"https:\/\/eleicoes.apublica.org\/2018\/wp-json\/wp\/v2\/posts\/2207\/revisions"}],"predecessor-version":[{"id":2214,"href":"https:\/\/eleicoes.apublica.org\/2018\/wp-json\/wp\/v2\/posts\/2207\/revisions\/2214"}],"wp:featuredmedia":[{"embeddable":true,"href":"https:\/\/eleicoes.apublica.org\/2018\/wp-json\/wp\/v2\/media\/2210"}],"wp:attachment":[{"href":"https:\/\/eleicoes.apublica.org\/2018\/wp-json\/wp\/v2\/media?parent=2207"}],"wp:term":[{"taxonomy":"category","embeddable":true,"href":"https:\/\/eleicoes.apublica.org\/2018\/wp-json\/wp\/v2\/categories?post=2207"},{"taxonomy":"post_tag","embeddable":true,"href":"https:\/\/eleicoes.apublica.org\/2018\/wp-json\/wp\/v2\/tags?post=2207"},{"taxonomy":"author","embeddable":true,"href":"https:\/\/eleicoes.apublica.org\/2018\/wp-json\/wp\/v2\/coauthors?post=2207"}],"curies":[{"name":"wp","href":"https:\/\/api.w.org\/{rel}","templated":true}]}}