{"id":2703,"date":"2018-09-21T12:00:40","date_gmt":"2018-09-21T15:00:40","guid":{"rendered":"https:\/\/truco2018.apublica.org\/?p=2703"},"modified":"2018-09-21T16:35:44","modified_gmt":"2018-09-21T19:35:44","slug":"simone-interpreta-errado-dados-da-divida-publica","status":"publish","type":"post","link":"https:\/\/eleicoes.apublica.org\/2018\/2018\/09\/simone-interpreta-errado-dados-da-divida-publica\/","title":{"rendered":"Simone interpreta errado dados da d\u00edvida p\u00fablica"},"content":{"rendered":"<p><strong>\u201cHoje (&#8230;) 80% do PIB \u00e9 para pagamento da d\u00edvida p\u00fablica\u201d<\/strong> &#8211; sabatina Fora da Curva, na R\u00e1dio Universit\u00e1ria 99.9 FM, em 19 de setembro<\/p>\n<p>A candidata ao governo de Pernambuco pelo PSTU, Simone Fontana, errou ao falar sobre o pagamento da d\u00edvida p\u00fablica do Brasil. Ela abordou o assunto na inten\u00e7\u00e3o de criticar a rela\u00e7\u00e3o entre governo e bancos e empresas. E complementou: \u201c80% do que se produz de riqueza no pa\u00eds vai para as m\u00e3os dos banqueiros, vai para as m\u00e3os dos empres\u00e1rios\u201d.<\/p>\n<p>O Produto Interno Bruto (PIB) \u00e9 a soma, em valores monet\u00e1rios, da riqueza de um lugar, medida pelos bens e servi\u00e7os finais produzidos num determinado per\u00edodo. \u00c9 um indicador macroecon\u00f4mico. O or\u00e7amento p\u00fablico \u00e9 que estabelece o quanto se paga da d\u00edvida.<\/p>\n<p>Questionada sobre a fonte da informa\u00e7\u00e3o, Simone citou mat\u00e9rias veiculadas na imprensa nacional que apresentam o quanto a d\u00edvida equivale do PIB. Segundo o Banco Central, a D\u00edvida Bruta do Governo Geral (DBGG) &#8211; que compreende governo federal, INSS e governos estaduais e municipais &#8211; alcan\u00e7ou R$ 5,186 trilh\u00f5es em julho (dado mais atualizado), equivalente a 77% do PIB.<\/p>\n<p>Isso significa que, caso o Brasil fosse quitar essa d\u00edvida integralmente, de uma s\u00f3 vez, esse montante equivaleria a 77% das riquezas produzidas no Pa\u00eds. Essa equival\u00eancia \u00e9 feita para mostrar como anda o endividamento do governo. \u00c9 \u201cFalso\u201d, portanto, o selo atribu\u00eddo \u00e0 candidata pelo Truco nos Estados &#8211; projeto de fact-checking da Ag\u00eancia P\u00fablica que em Pernambuco tem parceria com a Marco Zero Conte\u00fado.<\/p>\n<p>Na proposta or\u00e7ament\u00e1ria de 2019, consta que, em 2020, a d\u00edvida bruta deve ultrapassar 80% do PIB. O Fundo Monet\u00e1rio Internacional (FMI) considera que a d\u00edvida bruta de pa\u00edses emergentes est\u00e1 em cerca de 50% do PIB. J\u00e1 as ag\u00eancias de classifica\u00e7\u00e3o de risco levam em considera\u00e7\u00e3o o patamar de 80% como refer\u00eancia. Acima disso, consideram que pode haver comprometimento da sustentabilidade da d\u00edvida do pa\u00eds.<\/p>\n<p>Desde 2014, a d\u00edvida p\u00fablica vem se acumulando uma vez que o pa\u00eds vive um cen\u00e1rio de d\u00e9ficit prim\u00e1rio, isto \u00e9, as receitas n\u00e3o t\u00eam sido suficientes para bancar as despesas, sem contar aqui com os juros da d\u00edvida, ent\u00e3o n\u00e3o sobra dinheiro para pagar a d\u00edvida.<\/p>\n<p><strong>Candidata diz que se expressou mal<\/strong><\/p>\n<p>Em resposta, Simone diz acreditar que se expressou mal na fala da sabatina. Confira o retorno dela na \u00edntegra:<\/p>\n<p><em>O mecanismo de pagamento da d\u00edvida \u00e9 extremamente perverso. O governo destinou em 2016 para pagamento de juros e amortiza\u00e7\u00f5es da d\u00edvida 44,94% do or\u00e7amento, um verdadeiro absurdo. A rela\u00e7\u00e3o com o PIB (80%)demonstra o quanto esta d\u00edvida compromete a soberania do pa\u00eds.<\/em><\/p>\n<p>Atualizado \u00e0s 16h35<\/p>\n","protected":false},"excerpt":{"rendered":"<p>N\u00fameros do Banco Central citados pela candidata do PSTU n\u00e3o se referem ao que \u00e9  pago pelo governo aos bancos<\/p>\n","protected":false},"author":40,"featured_media":2705,"comment_status":"closed","ping_status":"open","sticky":false,"template":"","format":"standard","meta":{"_acf_changed":false,"_jetpack_memberships_contains_paid_content":false,"footnotes":""},"categories":[162],"tags":[37,42],"coauthors":[118],"class_list":["post-2703","post","type-post","status-publish","format-standard","has-post-thumbnail","hentry","category-sabatina-do-programa-fora-da-curva","tag-contas-publicas","tag-divida-publica"],"acf":{"truco":{"value":"falso","label":"Falso"},"resumido":"N\u00fameros do Banco Central citados pela candidata do PSTU n\u00e3o se referem ao que \u00e9  pago pelo governo aos bancos","descricao":"\u201cHoje (...) 80% do PIB \u00e9 para pagamento da d\u00edvida p\u00fablica\u201d","autor":"Simone Fontana, candidata do PSTU ao governo de Pernambuco","candidato":{"ID":517,"post_author":"10","post_date":"2018-08-09 14:14:15","post_date_gmt":"2018-08-09 17:14:15","post_content":"<span style=\"font-weight: 400;\">Simone Fontana, 52 anos, \u00e9 candidata do PSTU ao governo de Pernambuco. Formada em Pedagogia pela Fafire (Faculdade Frassinetti do Recife), trabalhou durante 32 anos como professora nas redes estadual e municipal de ensino. Com longa trajet\u00f3ria no movimento sindical, foi uma das fundadoras do PSTU em Pernambuco e dirigente do Simpere (Sindicato Municipal dos Profissionais de Ensino da Rede Oficial do Recife). O candidato a vice \u00e9 o sindicalista Jair Pedro (PSTU).<\/span>\r\n\r\n<span style=\"font-weight: 400;\">Nascida em S\u00e3o Paulo, Simone j\u00e1 foi candidata em outras elei\u00e7\u00f5es em Pernambuco: prefeita do Recife, deputada e senadora. <\/span>","post_title":"Simone Fontana","post_excerpt":"","post_status":"publish","comment_status":"closed","ping_status":"closed","post_password":"","post_name":"simone-fontana","to_ping":"","pinged":"","post_modified":"2018-08-13 11:20:16","post_modified_gmt":"2018-08-13 14:20:16","post_content_filtered":"","post_parent":0,"guid":"https:\/\/truco2018.apublica.org\/?post_type=candidato&#038;p=517","menu_order":0,"post_type":"candidato","post_mime_type":"","comment_count":"0","filter":"raw"},"estado":{"term_id":13,"name":"Pernambuco","slug":"pernambuco","term_group":0,"term_taxonomy_id":13,"taxonomy":"estado","description":"A Marco Zero Conte\u00fado \u00e9 uma organiza\u00e7\u00e3o sem fins lucrativos baseada na cidade do Recife e que tem entre seus objetivos qualificar o debate p\u00fablico, praticando o jornalismo investigativo e independente.\r\n","parent":0,"count":8,"filter":"raw"},"pizza":"[]"},"yoast_head":"<!-- This site is optimized with the Yoast SEO plugin v27.5 - https:\/\/yoast.com\/product\/yoast-seo-wordpress\/ -->\n<title>Simone interpreta errado dados da d\u00edvida p\u00fablica - Truco2018<\/title>\n<meta name=\"robots\" content=\"index, follow, max-snippet:-1, max-image-preview:large, max-video-preview:-1\" \/>\n<link rel=\"canonical\" href=\"https:\/\/eleicoes.apublica.org\/2018\/2018\/09\/simone-interpreta-errado-dados-da-divida-publica\/\" \/>\n<meta property=\"og:locale\" content=\"pt_BR\" \/>\n<meta property=\"og:type\" content=\"article\" \/>\n<meta property=\"og:title\" content=\"Simone interpreta errado dados da d\u00edvida p\u00fablica - Truco2018\" \/>\n<meta property=\"og:description\" content=\"N\u00fameros do Banco Central citados pela candidata do PSTU n\u00e3o se referem ao que \u00e9 pago pelo governo aos bancos\" \/>\n<meta property=\"og:url\" content=\"https:\/\/eleicoes.apublica.org\/2018\/2018\/09\/simone-interpreta-errado-dados-da-divida-publica\/\" \/>\n<meta property=\"og:site_name\" content=\"Truco2018\" \/>\n<meta property=\"article:published_time\" content=\"2018-09-21T15:00:40+00:00\" \/>\n<meta property=\"article:modified_time\" content=\"2018-09-21T19:35:44+00:00\" \/>\n<meta property=\"og:image\" content=\"https:\/\/i0.wp.com\/eleicoes.apublica.org\/2018\/wp-content\/uploads\/2018\/09\/simonefontana_fotosines.jpg?fit=1600%2C1068&ssl=1\" \/>\n\t<meta property=\"og:image:width\" content=\"1600\" \/>\n\t<meta property=\"og:image:height\" content=\"1068\" \/>\n\t<meta property=\"og:image:type\" content=\"image\/jpeg\" \/>\n<meta name=\"author\" content=\"Ra\u00edssa Ebrahim\" \/>\n<meta name=\"twitter:card\" content=\"summary_large_image\" \/>\n<meta name=\"twitter:label1\" content=\"Escrito por\" \/>\n\t<meta name=\"twitter:data1\" content=\"Ra\u00edssa Ebrahim\" \/>\n\t<meta name=\"twitter:label2\" content=\"Est. tempo de leitura\" \/>\n\t<meta name=\"twitter:data2\" content=\"2 minutos\" \/>\n\t<meta name=\"twitter:label3\" content=\"Written by\" \/>\n\t<meta name=\"twitter:data3\" content=\"Ra\u00edssa Ebrahim\" \/>\n<script type=\"application\/ld+json\" class=\"yoast-schema-graph\">{\"@context\":\"https:\\\/\\\/schema.org\",\"@graph\":[{\"@type\":\"Article\",\"@id\":\"https:\\\/\\\/eleicoes.apublica.org\\\/2018\\\/2018\\\/09\\\/simone-interpreta-errado-dados-da-divida-publica\\\/#article\",\"isPartOf\":{\"@id\":\"https:\\\/\\\/eleicoes.apublica.org\\\/2018\\\/2018\\\/09\\\/simone-interpreta-errado-dados-da-divida-publica\\\/\"},\"author\":{\"name\":\"Ra\u00edssa Ebrahim\",\"@id\":\"https:\\\/\\\/eleicoes.apublica.org\\\/2018\\\/#\\\/schema\\\/person\\\/3b4cc4687fe9c1ac4f43e81d143114e7\"},\"headline\":\"Simone interpreta errado dados da d\u00edvida p\u00fablica\",\"datePublished\":\"2018-09-21T15:00:40+00:00\",\"dateModified\":\"2018-09-21T19:35:44+00:00\",\"mainEntityOfPage\":{\"@id\":\"https:\\\/\\\/eleicoes.apublica.org\\\/2018\\\/2018\\\/09\\\/simone-interpreta-errado-dados-da-divida-publica\\\/\"},\"wordCount\":483,\"image\":{\"@id\":\"https:\\\/\\\/eleicoes.apublica.org\\\/2018\\\/2018\\\/09\\\/simone-interpreta-errado-dados-da-divida-publica\\\/#primaryimage\"},\"thumbnailUrl\":\"https:\\\/\\\/i0.wp.com\\\/eleicoes.apublica.org\\\/2018\\\/wp-content\\\/uploads\\\/2018\\\/09\\\/simonefontana_fotosines.jpg?fit=1600%2C1068&ssl=1\",\"keywords\":[\"Contas P\u00fablicas\",\"D\u00edvida P\u00fablica\"],\"articleSection\":[\"Sabatina do Programa Fora da Curva\"],\"inLanguage\":\"pt-BR\"},{\"@type\":\"WebPage\",\"@id\":\"https:\\\/\\\/eleicoes.apublica.org\\\/2018\\\/2018\\\/09\\\/simone-interpreta-errado-dados-da-divida-publica\\\/\",\"url\":\"https:\\\/\\\/eleicoes.apublica.org\\\/2018\\\/2018\\\/09\\\/simone-interpreta-errado-dados-da-divida-publica\\\/\",\"name\":\"Simone interpreta errado dados da d\u00edvida p\u00fablica - Truco2018\",\"isPartOf\":{\"@id\":\"https:\\\/\\\/eleicoes.apublica.org\\\/2018\\\/#website\"},\"primaryImageOfPage\":{\"@id\":\"https:\\\/\\\/eleicoes.apublica.org\\\/2018\\\/2018\\\/09\\\/simone-interpreta-errado-dados-da-divida-publica\\\/#primaryimage\"},\"image\":{\"@id\":\"https:\\\/\\\/eleicoes.apublica.org\\\/2018\\\/2018\\\/09\\\/simone-interpreta-errado-dados-da-divida-publica\\\/#primaryimage\"},\"thumbnailUrl\":\"https:\\\/\\\/i0.wp.com\\\/eleicoes.apublica.org\\\/2018\\\/wp-content\\\/uploads\\\/2018\\\/09\\\/simonefontana_fotosines.jpg?fit=1600%2C1068&ssl=1\",\"datePublished\":\"2018-09-21T15:00:40+00:00\",\"dateModified\":\"2018-09-21T19:35:44+00:00\",\"author\":{\"@id\":\"https:\\\/\\\/eleicoes.apublica.org\\\/2018\\\/#\\\/schema\\\/person\\\/3b4cc4687fe9c1ac4f43e81d143114e7\"},\"breadcrumb\":{\"@id\":\"https:\\\/\\\/eleicoes.apublica.org\\\/2018\\\/2018\\\/09\\\/simone-interpreta-errado-dados-da-divida-publica\\\/#breadcrumb\"},\"inLanguage\":\"pt-BR\",\"potentialAction\":[{\"@type\":\"ReadAction\",\"target\":[\"https:\\\/\\\/eleicoes.apublica.org\\\/2018\\\/2018\\\/09\\\/simone-interpreta-errado-dados-da-divida-publica\\\/\"]}]},{\"@type\":\"ImageObject\",\"inLanguage\":\"pt-BR\",\"@id\":\"https:\\\/\\\/eleicoes.apublica.org\\\/2018\\\/2018\\\/09\\\/simone-interpreta-errado-dados-da-divida-publica\\\/#primaryimage\",\"url\":\"https:\\\/\\\/i0.wp.com\\\/eleicoes.apublica.org\\\/2018\\\/wp-content\\\/uploads\\\/2018\\\/09\\\/simonefontana_fotosines.jpg?fit=1600%2C1068&ssl=1\",\"contentUrl\":\"https:\\\/\\\/i0.wp.com\\\/eleicoes.apublica.org\\\/2018\\\/wp-content\\\/uploads\\\/2018\\\/09\\\/simonefontana_fotosines.jpg?fit=1600%2C1068&ssl=1\",\"width\":1600,\"height\":1068},{\"@type\":\"BreadcrumbList\",\"@id\":\"https:\\\/\\\/eleicoes.apublica.org\\\/2018\\\/2018\\\/09\\\/simone-interpreta-errado-dados-da-divida-publica\\\/#breadcrumb\",\"itemListElement\":[{\"@type\":\"ListItem\",\"position\":1,\"name\":\"In\u00edcio\",\"item\":\"https:\\\/\\\/eleicoes.apublica.org\\\/2018\\\/\"},{\"@type\":\"ListItem\",\"position\":2,\"name\":\"Simone interpreta errado dados da d\u00edvida p\u00fablica\"}]},{\"@type\":\"WebSite\",\"@id\":\"https:\\\/\\\/eleicoes.apublica.org\\\/2018\\\/#website\",\"url\":\"https:\\\/\\\/eleicoes.apublica.org\\\/2018\\\/\",\"name\":\"Truco2018\",\"description\":\"Truco nos estados - Checamos as declara\u00e7\u00f5es de candidatos e boatos que circulam sobre as elei\u00e7\u00f5es para o governo de Minas, Cear\u00e1, S\u00e3o Paulo, Rio Grande do Sul, Par\u00e1, Paran\u00e1, Pernambuco.\",\"potentialAction\":[{\"@type\":\"SearchAction\",\"target\":{\"@type\":\"EntryPoint\",\"urlTemplate\":\"https:\\\/\\\/eleicoes.apublica.org\\\/2018\\\/?s={search_term_string}\"},\"query-input\":{\"@type\":\"PropertyValueSpecification\",\"valueRequired\":true,\"valueName\":\"search_term_string\"}}],\"inLanguage\":\"pt-BR\"},{\"@type\":\"Person\",\"@id\":\"https:\\\/\\\/eleicoes.apublica.org\\\/2018\\\/#\\\/schema\\\/person\\\/3b4cc4687fe9c1ac4f43e81d143114e7\",\"name\":\"Ra\u00edssa Ebrahim\",\"image\":{\"@type\":\"ImageObject\",\"inLanguage\":\"pt-BR\",\"@id\":\"https:\\\/\\\/secure.gravatar.com\\\/avatar\\\/771d80332968bc2d97308698dd32e9a04c9093a775577566fa629be3b4db6c43?s=96&d=mm&r=gc4c8e25b8090313838235b1c2a5291f0\",\"url\":\"https:\\\/\\\/secure.gravatar.com\\\/avatar\\\/771d80332968bc2d97308698dd32e9a04c9093a775577566fa629be3b4db6c43?s=96&d=mm&r=g\",\"contentUrl\":\"https:\\\/\\\/secure.gravatar.com\\\/avatar\\\/771d80332968bc2d97308698dd32e9a04c9093a775577566fa629be3b4db6c43?s=96&d=mm&r=g\",\"caption\":\"Ra\u00edssa Ebrahim\"},\"url\":\"https:\\\/\\\/eleicoes.apublica.org\\\/2018\\\/author\\\/raissa-ebrahim\\\/\"}]}<\/script>\n<!-- \/ Yoast SEO plugin. -->","yoast_head_json":{"title":"Simone interpreta errado dados da d\u00edvida p\u00fablica - Truco2018","robots":{"index":"index","follow":"follow","max-snippet":"max-snippet:-1","max-image-preview":"max-image-preview:large","max-video-preview":"max-video-preview:-1"},"canonical":"https:\/\/eleicoes.apublica.org\/2018\/2018\/09\/simone-interpreta-errado-dados-da-divida-publica\/","og_locale":"pt_BR","og_type":"article","og_title":"Simone interpreta errado dados da d\u00edvida p\u00fablica - Truco2018","og_description":"N\u00fameros do Banco Central citados pela candidata do PSTU n\u00e3o se referem ao que \u00e9 pago pelo governo aos bancos","og_url":"https:\/\/eleicoes.apublica.org\/2018\/2018\/09\/simone-interpreta-errado-dados-da-divida-publica\/","og_site_name":"Truco2018","article_published_time":"2018-09-21T15:00:40+00:00","article_modified_time":"2018-09-21T19:35:44+00:00","og_image":[{"width":1600,"height":1068,"url":"https:\/\/i0.wp.com\/eleicoes.apublica.org\/2018\/wp-content\/uploads\/2018\/09\/simonefontana_fotosines.jpg?fit=1600%2C1068&ssl=1","type":"image\/jpeg"}],"author":"Ra\u00edssa Ebrahim","twitter_card":"summary_large_image","twitter_misc":{"Escrito por":"Ra\u00edssa Ebrahim","Est. tempo de leitura":"2 minutos","Written by":"Ra\u00edssa Ebrahim"},"schema":{"@context":"https:\/\/schema.org","@graph":[{"@type":"Article","@id":"https:\/\/eleicoes.apublica.org\/2018\/2018\/09\/simone-interpreta-errado-dados-da-divida-publica\/#article","isPartOf":{"@id":"https:\/\/eleicoes.apublica.org\/2018\/2018\/09\/simone-interpreta-errado-dados-da-divida-publica\/"},"author":{"name":"Ra\u00edssa Ebrahim","@id":"https:\/\/eleicoes.apublica.org\/2018\/#\/schema\/person\/3b4cc4687fe9c1ac4f43e81d143114e7"},"headline":"Simone interpreta errado dados da d\u00edvida p\u00fablica","datePublished":"2018-09-21T15:00:40+00:00","dateModified":"2018-09-21T19:35:44+00:00","mainEntityOfPage":{"@id":"https:\/\/eleicoes.apublica.org\/2018\/2018\/09\/simone-interpreta-errado-dados-da-divida-publica\/"},"wordCount":483,"image":{"@id":"https:\/\/eleicoes.apublica.org\/2018\/2018\/09\/simone-interpreta-errado-dados-da-divida-publica\/#primaryimage"},"thumbnailUrl":"https:\/\/i0.wp.com\/eleicoes.apublica.org\/2018\/wp-content\/uploads\/2018\/09\/simonefontana_fotosines.jpg?fit=1600%2C1068&ssl=1","keywords":["Contas P\u00fablicas","D\u00edvida P\u00fablica"],"articleSection":["Sabatina do Programa Fora da Curva"],"inLanguage":"pt-BR"},{"@type":"WebPage","@id":"https:\/\/eleicoes.apublica.org\/2018\/2018\/09\/simone-interpreta-errado-dados-da-divida-publica\/","url":"https:\/\/eleicoes.apublica.org\/2018\/2018\/09\/simone-interpreta-errado-dados-da-divida-publica\/","name":"Simone interpreta errado dados da d\u00edvida p\u00fablica - Truco2018","isPartOf":{"@id":"https:\/\/eleicoes.apublica.org\/2018\/#website"},"primaryImageOfPage":{"@id":"https:\/\/eleicoes.apublica.org\/2018\/2018\/09\/simone-interpreta-errado-dados-da-divida-publica\/#primaryimage"},"image":{"@id":"https:\/\/eleicoes.apublica.org\/2018\/2018\/09\/simone-interpreta-errado-dados-da-divida-publica\/#primaryimage"},"thumbnailUrl":"https:\/\/i0.wp.com\/eleicoes.apublica.org\/2018\/wp-content\/uploads\/2018\/09\/simonefontana_fotosines.jpg?fit=1600%2C1068&ssl=1","datePublished":"2018-09-21T15:00:40+00:00","dateModified":"2018-09-21T19:35:44+00:00","author":{"@id":"https:\/\/eleicoes.apublica.org\/2018\/#\/schema\/person\/3b4cc4687fe9c1ac4f43e81d143114e7"},"breadcrumb":{"@id":"https:\/\/eleicoes.apublica.org\/2018\/2018\/09\/simone-interpreta-errado-dados-da-divida-publica\/#breadcrumb"},"inLanguage":"pt-BR","potentialAction":[{"@type":"ReadAction","target":["https:\/\/eleicoes.apublica.org\/2018\/2018\/09\/simone-interpreta-errado-dados-da-divida-publica\/"]}]},{"@type":"ImageObject","inLanguage":"pt-BR","@id":"https:\/\/eleicoes.apublica.org\/2018\/2018\/09\/simone-interpreta-errado-dados-da-divida-publica\/#primaryimage","url":"https:\/\/i0.wp.com\/eleicoes.apublica.org\/2018\/wp-content\/uploads\/2018\/09\/simonefontana_fotosines.jpg?fit=1600%2C1068&ssl=1","contentUrl":"https:\/\/i0.wp.com\/eleicoes.apublica.org\/2018\/wp-content\/uploads\/2018\/09\/simonefontana_fotosines.jpg?fit=1600%2C1068&ssl=1","width":1600,"height":1068},{"@type":"BreadcrumbList","@id":"https:\/\/eleicoes.apublica.org\/2018\/2018\/09\/simone-interpreta-errado-dados-da-divida-publica\/#breadcrumb","itemListElement":[{"@type":"ListItem","position":1,"name":"In\u00edcio","item":"https:\/\/eleicoes.apublica.org\/2018\/"},{"@type":"ListItem","position":2,"name":"Simone interpreta errado dados da d\u00edvida p\u00fablica"}]},{"@type":"WebSite","@id":"https:\/\/eleicoes.apublica.org\/2018\/#website","url":"https:\/\/eleicoes.apublica.org\/2018\/","name":"Truco2018","description":"Truco nos estados - Checamos as declara\u00e7\u00f5es de candidatos e boatos que circulam sobre as elei\u00e7\u00f5es para o governo de Minas, Cear\u00e1, S\u00e3o Paulo, Rio Grande do Sul, Par\u00e1, Paran\u00e1, Pernambuco.","potentialAction":[{"@type":"SearchAction","target":{"@type":"EntryPoint","urlTemplate":"https:\/\/eleicoes.apublica.org\/2018\/?s={search_term_string}"},"query-input":{"@type":"PropertyValueSpecification","valueRequired":true,"valueName":"search_term_string"}}],"inLanguage":"pt-BR"},{"@type":"Person","@id":"https:\/\/eleicoes.apublica.org\/2018\/#\/schema\/person\/3b4cc4687fe9c1ac4f43e81d143114e7","name":"Ra\u00edssa Ebrahim","image":{"@type":"ImageObject","inLanguage":"pt-BR","@id":"https:\/\/secure.gravatar.com\/avatar\/771d80332968bc2d97308698dd32e9a04c9093a775577566fa629be3b4db6c43?s=96&d=mm&r=gc4c8e25b8090313838235b1c2a5291f0","url":"https:\/\/secure.gravatar.com\/avatar\/771d80332968bc2d97308698dd32e9a04c9093a775577566fa629be3b4db6c43?s=96&d=mm&r=g","contentUrl":"https:\/\/secure.gravatar.com\/avatar\/771d80332968bc2d97308698dd32e9a04c9093a775577566fa629be3b4db6c43?s=96&d=mm&r=g","caption":"Ra\u00edssa Ebrahim"},"url":"https:\/\/eleicoes.apublica.org\/2018\/author\/raissa-ebrahim\/"}]}},"jetpack_featured_media_url":"https:\/\/i0.wp.com\/eleicoes.apublica.org\/2018\/wp-content\/uploads\/2018\/09\/simonefontana_fotosines.jpg?fit=1600%2C1068&ssl=1","jetpack_shortlink":"https:\/\/wp.me\/pbyYl8-HB","jetpack_sharing_enabled":true,"_links":{"self":[{"href":"https:\/\/eleicoes.apublica.org\/2018\/wp-json\/wp\/v2\/posts\/2703","targetHints":{"allow":["GET"]}}],"collection":[{"href":"https:\/\/eleicoes.apublica.org\/2018\/wp-json\/wp\/v2\/posts"}],"about":[{"href":"https:\/\/eleicoes.apublica.org\/2018\/wp-json\/wp\/v2\/types\/post"}],"author":[{"embeddable":true,"href":"https:\/\/eleicoes.apublica.org\/2018\/wp-json\/wp\/v2\/users\/40"}],"replies":[{"embeddable":true,"href":"https:\/\/eleicoes.apublica.org\/2018\/wp-json\/wp\/v2\/comments?post=2703"}],"version-history":[{"count":4,"href":"https:\/\/eleicoes.apublica.org\/2018\/wp-json\/wp\/v2\/posts\/2703\/revisions"}],"predecessor-version":[{"id":2744,"href":"https:\/\/eleicoes.apublica.org\/2018\/wp-json\/wp\/v2\/posts\/2703\/revisions\/2744"}],"wp:featuredmedia":[{"embeddable":true,"href":"https:\/\/eleicoes.apublica.org\/2018\/wp-json\/wp\/v2\/media\/2705"}],"wp:attachment":[{"href":"https:\/\/eleicoes.apublica.org\/2018\/wp-json\/wp\/v2\/media?parent=2703"}],"wp:term":[{"taxonomy":"category","embeddable":true,"href":"https:\/\/eleicoes.apublica.org\/2018\/wp-json\/wp\/v2\/categories?post=2703"},{"taxonomy":"post_tag","embeddable":true,"href":"https:\/\/eleicoes.apublica.org\/2018\/wp-json\/wp\/v2\/tags?post=2703"},{"taxonomy":"author","embeddable":true,"href":"https:\/\/eleicoes.apublica.org\/2018\/wp-json\/wp\/v2\/coauthors?post=2703"}],"curies":[{"name":"wp","href":"https:\/\/api.w.org\/{rel}","templated":true}]}}