{"id":2891,"date":"2018-09-25T17:42:33","date_gmt":"2018-09-25T20:42:33","guid":{"rendered":"https:\/\/truco2018.apublica.org\/?p=2891"},"modified":"2018-09-25T17:42:33","modified_gmt":"2018-09-25T20:42:33","slug":"lisete-usa-dado-falso-sobre-queda-no-atendimento-de-hospital-da-usp","status":"publish","type":"post","link":"https:\/\/eleicoes.apublica.org\/2018\/2018\/09\/lisete-usa-dado-falso-sobre-queda-no-atendimento-de-hospital-da-usp\/","title":{"rendered":"Lisete usa dado falso sobre queda no atendimento de hospital da USP"},"content":{"rendered":"<p><strong>&#8220;L\u00e1 [no Hospital Universit\u00e1rio da USP] estamos funcionando com 25% da capacidade.&#8221; \u2013 Lisete Arelaro (PSOL), no debate Universidade vai \u00e0s urnas.<\/strong><\/p>\n<p>Em sua participa\u00e7\u00e3o no debate organizado pelo Universidade vai \u00e0s urnas, que aconteceu no Teatro da Universidade Cat\u00f3lica de S\u00e3o Paulo, o Tuca, a candidata Lisete Arelaro (PSOL) afirmou que o Hospital Universit\u00e1rio da USP funciona com 25% de sua capacidade total. O <strong><a href=\"https:\/\/truco2018.apublica.org\/\">Truco nos Estados<\/a><\/strong> \u2013 projeto de checagem de fatos da <strong><a href=\"https:\/\/apublica.org\/\">Ag\u00eancia P\u00fablica <\/a><\/strong>\u2013 analisou a frase e concluiu que a afirma\u00e7\u00e3o \u00e9 falsa. Embora a quantidade de atendimentos tenha de fato diminu\u00eddo, isso n\u00e3o ocorreu na propor\u00e7\u00e3o citada pela candidata.<\/p>\n<p>A assessoria de imprensa da campanha de Lisete informou que se baseou em estudos do Conselho Regional de Medicina de S\u00e3o Paulo (Cremesp) e em informa\u00e7\u00f5es dadas em audi\u00eancias p\u00fablicas com o superintendente do Hospital Universit\u00e1rio e movimentos de defesa do hospital. A campanha da candidata, por\u00e9m, n\u00e3o especificou quais s\u00e3o os estudos, nem a que processo se referiram as audi\u00eancias p\u00fablicas citadas.<\/p>\n<p>Segundo Marilia Louvison, professora do Departamento de Pr\u00e1tica de Sa\u00fade P\u00fablica da Faculdade de Sa\u00fade P\u00fablica da USP, que pesquisa sistemas de sa\u00fade, h\u00e1 v\u00e1rias maneiras de verificar se um hospital tem funcionado adequadamente \u00e0 sua capacidade. Para al\u00e9m do n\u00famero de leitos dispon\u00edveis aos pacientes, \u00e9 preciso aferir e analisar dados sobre as quantidades de m\u00e9dicos trabalhando no hospital, consultas e exames realizados, interna\u00e7\u00f5es e cirurgias. \u201cUma coisa \u00e9 a estrutura dispon\u00edvel, outra coisa \u00e9 o funcionamento. O atendimento pode ter sido reduzido por conta da diminui\u00e7\u00e3o de recursos humanos e financeiros\u201d, explica.<\/p>\n<p>O <strong>Truco<\/strong> comparou a capacidade de atendimento em 2017 com a capacidade de atendimento do hospital h\u00e1 cinco anos, em 2013. De acordo com a assessoria de imprensa do Hospital Universit\u00e1rio, a capacidade de produ\u00e7\u00e3o do hospital se manteve est\u00e1vel at\u00e9 esse ano, antes que fosse lan\u00e7ado o programa de demiss\u00e3o volunt\u00e1rio da USP, em 2014.<\/p>\n<p>O Minist\u00e9rio da Sa\u00fade re\u00fane os n\u00fameros de atendimentos ambulatoriais e interna\u00e7\u00f5es realizadas por todos os hospitais que atendem o Sistema \u00danico de Sa\u00fade (SUS), como o Hospital Universit\u00e1rio. De acordo com os dados enviados pela pasta, houve 16.503 interna\u00e7\u00f5es e 1.261.235 de atendimentos ambulatoriais em 2013. Em 2017, os n\u00fameros ca\u00edram para 12.078 interna\u00e7\u00f5es e 858.061 atendimentos ambulatoriais. Ou seja, se comparado a 2013, no ano passado o hospital operou com 73,1% da capacidade de interna\u00e7\u00f5es e 68% da capacidade de atendimentos ambulatoriais.<\/p>\n<table class=\"table table-bordered\">\n<tbody>\n<tr>\n<td colspan=\"5\"><strong>Dados de interna\u00e7\u00f5es e atendimentos ambulatoriais do Hospital Universit\u00e1rio da USP<\/strong><\/td>\n<\/tr>\n<tr>\n<td rowspan=\"2\">\n<p style=\"text-align: center;\"><strong>Ano<\/strong><\/p>\n<\/td>\n<td style=\"text-align: center;\" colspan=\"2\"><strong>Interna\u00e7\u00e3o<\/strong><\/td>\n<td style=\"text-align: center;\" colspan=\"2\"><strong>Ambulatorial<\/strong><\/td>\n<\/tr>\n<tr>\n<td style=\"text-align: center;\"><strong>Frequ\u00eancia<\/strong><\/td>\n<td style=\"text-align: center;\"><strong>Valor<\/strong><\/td>\n<td style=\"text-align: center;\"><strong>Frequ\u00eancia<\/strong><\/td>\n<td>\n<p style=\"text-align: center;\"><strong>Valor<\/strong><\/p>\n<\/td>\n<\/tr>\n<tr>\n<td>2013<\/td>\n<td>\u00a0\u00a0\u00a0\u00a0\u00a0\u00a0\u00a0\u00a0\u00a0\u00a0\u00a0\u00a0\u00a0\u00a016.503<\/td>\n<td>\u00a0\u00a0\u00a0R$ 13.037.403,84<\/td>\n<td>\u00a0\u00a0\u00a0\u00a0\u00a0\u00a0\u00a0\u00a01.261.235<\/td>\n<td>\u00a0R$ 12.558.335,73<\/td>\n<\/tr>\n<tr>\n<td>2014<\/td>\n<td>\u00a0\u00a0\u00a0\u00a0\u00a0\u00a0\u00a0\u00a0\u00a0\u00a0\u00a0\u00a0\u00a0\u00a013.401<\/td>\n<td>\u00a0\u00a0\u00a0\u00a0R$ 10.278.131,04<\/td>\n<td>\u00a0\u00a0\u00a0\u00a0\u00a0\u00a0\u00a0\u00a01.125.973<\/td>\n<td>\u00a0\u00a0R$ 10.917.786,79<\/td>\n<\/tr>\n<tr>\n<td>2015<\/td>\n<td>\u00a0\u00a0\u00a0\u00a0\u00a0\u00a0\u00a0\u00a0\u00a0\u00a0\u00a0\u00a0\u00a0\u00a013.075<\/td>\n<td>\u00a0\u00a0\u00a0\u00a0R$ 10.255.307,61<\/td>\n<td>\u00a0\u00a0\u00a0\u00a0\u00a0\u00a0\u00a0\u00a01.224.019<\/td>\n<td>\u00a0\u00a0R$ 11.114.629,72<\/td>\n<\/tr>\n<tr>\n<td>2016<\/td>\n<td>\u00a0\u00a0\u00a0\u00a0\u00a0\u00a0\u00a0\u00a0\u00a0\u00a0\u00a0\u00a0\u00a0\u00a012.533<\/td>\n<td>\u00a0\u00a0\u00a0\u00a0R$ 10.452.972,12<\/td>\n<td>\u00a0\u00a0\u00a0\u00a0\u00a0\u00a0\u00a0\u00a0\u00a0\u00a0\u00a0999.407<\/td>\n<td>\u00a0\u00a0\u00a0\u00a0\u00a0R$ 9.570.425,05<\/td>\n<\/tr>\n<tr>\n<td>2017<\/td>\n<td>\u00a0\u00a0\u00a0\u00a0\u00a0\u00a0\u00a0\u00a0\u00a0\u00a0\u00a0\u00a0\u00a0\u00a012.078<\/td>\n<td>\u00a0\u00a0\u00a0\u00a0R$ 10.273.085,45<\/td>\n<td>\u00a0\u00a0\u00a0\u00a0\u00a0\u00a0\u00a0\u00a0\u00a0\u00a0\u00a0858.061<\/td>\n<td>\u00a0\u00a0\u00a0\u00a0\u00a0R$ 8.437.839,43<\/td>\n<\/tr>\n<\/tbody>\n<\/table>\n<p>Fonte: Minist\u00e9rio da Sa\u00fade<\/p>\n<p><strong>Crise na USP reduziu atendimento<\/strong><\/p>\n<p>No dia 30 de agosto, estudantes e moradores da regi\u00e3o do Butant\u00e3, bairro na zona oeste de S\u00e3o Paulo onde est\u00e1 localizada a USP, montaram um acampamento em frente ao Hospital Universit\u00e1rio <a href=\"https:\/\/www.adusp.org.br\/index.php\/defesauniv\/3122-estudantes-da-usp-e-moradores-do-butanta-montam-acampamento-em-defesa-do-hu\">como forma de protesto contra o desmonte dos servi\u00e7os que ocorre desde 2014, segundo denunciam<\/a>. A mobiliza\u00e7\u00e3o \u00e9 fruto da reuni\u00e3o entre o Diret\u00f3rio Central dos Estudantes da USP, o Coletivo Butant\u00e3 na Luta, a Associa\u00e7\u00e3o dos Docentes da USP (Adusp) e o Sindicato dos Trabalhadores da USP (Sintusp). Al\u00e9m desse ato, o Hospital Universit\u00e1rio foi pauta nos \u00faltimos anos de <a href=\"https:\/\/www.adusp.org.br\/index.php\/defesauniv\/2845-marcha-hu\">passeatas<\/a>, <a href=\"https:\/\/www.adusp.org.br\/index.php\/desvinculacao-hu-hrac\/2971-estudantes-de-medicina-e-enfermagem-entram-em-greve-por-contratacoes-no-hu\">greve<\/a>, outro <a href=\"https:\/\/www.adusp.org.br\/index.php\/desvinculacao-hu-hrac\/2983-colapso-do-hu-leva-ca-da-enfermagem-a-rasgar-diplomas-dos-medicos-zago-e-alckmin\">acampamento<\/a>, <a href=\"https:\/\/www.adusp.org.br\/index.php\/desvinculacao-hu-hrac\/3011-reitor-recusou-se-a-receber-manifestantes-que-entregariam-um-abaixo-assinado-em-defesa-do-hospital-universitario\">de um abaixo-assinado em sua defesa<\/a>, de <a href=\"https:\/\/www.adusp.org.br\/index.php\/defesauniv\/2586-apos-reuniao-com-simesp-sintusp-e-adusp-sobre-desmonte-e-caos-no-hu-promotoria-da-saude-decide-convocar-reitor-da-usp\">reuni\u00f5es no Minist\u00e9rio P\u00fablico<\/a> e <a href=\"https:\/\/www.adusp.org.br\/index.php\/defesauniv\/3065-na-alesp-inquirido-por-deputados-e-manifestantes-sobre-emenda-para-hu-vahan-opta-por-subterfugios\">audi\u00eancias na Assembleia Legislativa de S\u00e3o Paulo<\/a>. O hospital \u00e9 p\u00fablico e tamb\u00e9m funciona como escola para os estudantes da sa\u00fade da USP.<\/p>\n<p>A crise no hospital coincide com a crise econ\u00f4mica da Universidade de S\u00e3o Paulo, agravada em 2014 pela redu\u00e7\u00e3o da arrecada\u00e7\u00e3o do Imposto sobre Circula\u00e7\u00e3o de Mercadorias e Servi\u00e7os (ICMS), segundo informou a universidade. O ICMS \u00e9 a principal fonte de arrecada\u00e7\u00e3o de S\u00e3o Paulo e uma parcela do imposto vai para as universidades estaduais (USP, Unesp e Unicamp). <a href=\"http:\/\/www5.usp.br\/69729\/abertas-inscricoes-para-o-programa-de-incentivo-a-demissao-voluntaria-pidv\/\">Naquele ano, a universidade iniciou o Programa de Incentivo \u00e0 Demiss\u00e3o Volunt\u00e1ria (PIDV)<\/a>.<\/p>\n<p>Em raz\u00e3o da crise, o Cremesp realizou quatro fiscaliza\u00e7\u00f5es no Hospital Universit\u00e1rio desde 2015. A \u00faltima ocorreu dia 24 de novembro de 2017. <a href=\"https:\/\/truco2018.apublica.org\/wp-content\/uploads\/2018\/09\/Relat%C3%B3rio-HU.pdf\">De acordo com as informa\u00e7\u00f5es reunidas pelo Conselho<\/a>, o programa de demiss\u00e3o volunt\u00e1ria ocasionou a sa\u00edda de 393 (21,68%) funcion\u00e1rios do HU. O hospital perdeu 42,24% dos profissionais de auxiliares de enfermagem, 19,89% dos t\u00e9cnicos e t\u00e9cnicas de enfermagem, 14,72% dos m\u00e9dicos e m\u00e9dicas e 8,04% das enfermeiras.<\/p>\n<p>As fiscaliza\u00e7\u00f5es tamb\u00e9m constataram a redu\u00e7\u00e3o de 33 leitos (15,64%) nas unidades de terapia intensiva, semi-intensiva, ber\u00e7\u00e1rio, obstetr\u00edcia e pediatria. Houve redu\u00e7\u00e3o de 11% das interna\u00e7\u00f5es, 6,88% das cirurgias e 9,86% dos partos. <a href=\"https:\/\/www1.folha.uol.com.br\/cotidiano\/2017\/11\/1936925-em-crise-financeira-hospital-da-usp-fecha-pronto-socorro-infantil.shtml\">No final de 2017, o pronto-socorro infantil foi desativado<\/a>. <a href=\"https:\/\/www1.folha.uol.com.br\/cotidiano\/2017\/12\/1943527-pronto-socorro-adulto-de-hospital-da-usp-e-fechado-por-falta-de-medicos.shtml\">Em dezembro, foi a vez do pronto-socorro adulto.<\/a> \u201cAs vistorias anteriores evidenciaram a progressiva desativa\u00e7\u00e3o do Hospital Universit\u00e1rio, desde 2014, e testemunhada em reuni\u00e3o do presidente do Cremesp, em 2015, com o reitor da Universidade de S\u00e3o Paulo\u201d, concluiu o relat\u00f3rio. Atualmente, <a href=\"http:\/\/www.hu.usp.br\/pronto-socorro-referenciado\/\">o pronto-socorro do HU atende somente pacientes encaminhados<\/a> por outros prontos-socorros da regi\u00e3o.<\/p>\n","protected":false},"excerpt":{"rendered":"<p>Funcionamento de fato caiu nos \u00faltimos anos devido \u00e0 crise na universidade, mas em porcentual muito inferior ao citado pela candidata do PSOL<\/p>\n","protected":false},"author":34,"featured_media":2893,"comment_status":"closed","ping_status":"open","sticky":false,"template":"","format":"standard","meta":{"_acf_changed":false,"_jetpack_memberships_contains_paid_content":false,"footnotes":""},"categories":[1],"tags":[34],"coauthors":[137],"class_list":["post-2891","post","type-post","status-publish","format-standard","has-post-thumbnail","hentry","category-sem-categoria","tag-saude"],"acf":{"truco":{"value":"falso","label":"Falso"},"resumido":"\"O Hospital Universit\u00e1rio da USP est\u00e1 funcionando com 25% da capacidade.\"","descricao":"Lisete Arelaro (PSOL), no debate Universidade vai \u00e0s urnas, afirmou que o Hospital Universit\u00e1rio da USP est\u00e1 funcionando com 25% da capacidade.","autor":"Lisete Arelaro (PSOL), candidata a governadora de S\u00e3o Paulo","candidato":{"ID":195,"post_author":"1","post_date":"2018-07-30 18:48:49","post_date_gmt":"2018-07-30 21:48:49","post_content":"<span style=\"font-weight: 400;\">Lisete Arelaro, de 73 anos, \u00e9 pedagoga e doutora em educa\u00e7\u00e3o. Candidata ao governo de S\u00e3o Paulo pelo PSOL, trabalhou na equipe de Paulo Freire na Secretaria Municipal de Educa\u00e7\u00e3o de S\u00e3o Paulo (1989-1992) e foi secret\u00e1ria de Educa\u00e7\u00e3o, Cultura, Esporte e Lazer em Diadema (1993-1996 e 2001-2002). <\/span>\r\n\r\n<span style=\"font-weight: 400;\">Entre 2010 e 2014, ocupou o cargo de diretora da Faculdade de Educa\u00e7\u00e3o da Universidade de S\u00e3o Paulo (USP). Atualmente \u00e9 professora titular s\u00eanior da Faculdade de Educa\u00e7\u00e3o da USP e pesquisadora na \u00e1rea de Pol\u00edtica Educacional, Planejamento e Avalia\u00e7\u00e3o Educacional, Financiamento da Educa\u00e7\u00e3o B\u00e1sica e Educa\u00e7\u00e3o Popular.<\/span>","post_title":"Lisete Arelaro","post_excerpt":"","post_status":"publish","comment_status":"closed","ping_status":"closed","post_password":"","post_name":"lisete-arelaro","to_ping":"","pinged":"","post_modified":"2018-10-18 17:37:02","post_modified_gmt":"2018-10-18 20:37:02","post_content_filtered":"","post_parent":0,"guid":"https:\/\/apublica.org\/truco2018\/?post_type=candidato&#038;p=195","menu_order":0,"post_type":"candidato","post_mime_type":"","comment_count":"0","filter":"raw"},"estado":{"term_id":15,"name":"S\u00e3o Paulo","slug":"sao-paulo","term_group":0,"term_taxonomy_id":15,"taxonomy":"estado","description":"","parent":0,"count":13,"filter":"raw"}},"yoast_head":"<!-- This site is optimized with the Yoast SEO plugin v27.5 - https:\/\/yoast.com\/product\/yoast-seo-wordpress\/ -->\n<title>Lisete usa dado falso sobre queda no atendimento de hospital da USP - Truco2018<\/title>\n<meta name=\"robots\" content=\"index, follow, max-snippet:-1, max-image-preview:large, max-video-preview:-1\" \/>\n<link rel=\"canonical\" href=\"https:\/\/eleicoes.apublica.org\/2018\/2018\/09\/lisete-usa-dado-falso-sobre-queda-no-atendimento-de-hospital-da-usp\/\" \/>\n<meta property=\"og:locale\" content=\"pt_BR\" \/>\n<meta property=\"og:type\" content=\"article\" \/>\n<meta property=\"og:title\" content=\"Lisete usa dado falso sobre queda no atendimento de hospital da USP - Truco2018\" \/>\n<meta property=\"og:description\" content=\"Funcionamento de fato caiu nos \u00faltimos anos devido \u00e0 crise na universidade, mas em porcentual muito inferior ao citado pela candidata do PSOL\" \/>\n<meta property=\"og:url\" content=\"https:\/\/eleicoes.apublica.org\/2018\/2018\/09\/lisete-usa-dado-falso-sobre-queda-no-atendimento-de-hospital-da-usp\/\" \/>\n<meta property=\"og:site_name\" content=\"Truco2018\" \/>\n<meta property=\"article:published_time\" content=\"2018-09-25T20:42:33+00:00\" \/>\n<meta property=\"og:image\" content=\"https:\/\/i0.wp.com\/eleicoes.apublica.org\/2018\/wp-content\/uploads\/2018\/09\/RR_atousp_hospital_universitario_05242016_1-1-1.jpg?fit=1028%2C681&ssl=1\" \/>\n\t<meta property=\"og:image:width\" content=\"1028\" \/>\n\t<meta property=\"og:image:height\" content=\"681\" \/>\n\t<meta property=\"og:image:type\" content=\"image\/jpeg\" \/>\n<meta name=\"author\" content=\"Jessica Mota\" \/>\n<meta name=\"twitter:card\" content=\"summary_large_image\" \/>\n<meta name=\"twitter:label1\" content=\"Escrito por\" \/>\n\t<meta name=\"twitter:data1\" content=\"Jessica Mota\" \/>\n\t<meta name=\"twitter:label2\" content=\"Est. tempo de leitura\" \/>\n\t<meta name=\"twitter:data2\" content=\"4 minutos\" \/>\n\t<meta name=\"twitter:label3\" content=\"Written by\" \/>\n\t<meta name=\"twitter:data3\" content=\"Jessica Mota\" \/>\n<script type=\"application\/ld+json\" class=\"yoast-schema-graph\">{\"@context\":\"https:\\\/\\\/schema.org\",\"@graph\":[{\"@type\":\"Article\",\"@id\":\"https:\\\/\\\/eleicoes.apublica.org\\\/2018\\\/2018\\\/09\\\/lisete-usa-dado-falso-sobre-queda-no-atendimento-de-hospital-da-usp\\\/#article\",\"isPartOf\":{\"@id\":\"https:\\\/\\\/eleicoes.apublica.org\\\/2018\\\/2018\\\/09\\\/lisete-usa-dado-falso-sobre-queda-no-atendimento-de-hospital-da-usp\\\/\"},\"author\":{\"name\":\"Jessica Mota\",\"@id\":\"https:\\\/\\\/eleicoes.apublica.org\\\/2018\\\/#\\\/schema\\\/person\\\/4be86770c60bb1a999813843c7a2edee\"},\"headline\":\"Lisete usa dado falso sobre queda no atendimento de hospital da USP\",\"datePublished\":\"2018-09-25T20:42:33+00:00\",\"mainEntityOfPage\":{\"@id\":\"https:\\\/\\\/eleicoes.apublica.org\\\/2018\\\/2018\\\/09\\\/lisete-usa-dado-falso-sobre-queda-no-atendimento-de-hospital-da-usp\\\/\"},\"wordCount\":890,\"image\":{\"@id\":\"https:\\\/\\\/eleicoes.apublica.org\\\/2018\\\/2018\\\/09\\\/lisete-usa-dado-falso-sobre-queda-no-atendimento-de-hospital-da-usp\\\/#primaryimage\"},\"thumbnailUrl\":\"https:\\\/\\\/i0.wp.com\\\/eleicoes.apublica.org\\\/2018\\\/wp-content\\\/uploads\\\/2018\\\/09\\\/RR_atousp_hospital_universitario_05242016_1-1-1.jpg?fit=1028%2C681&ssl=1\",\"keywords\":[\"Sa\u00fade\"],\"inLanguage\":\"pt-BR\"},{\"@type\":\"WebPage\",\"@id\":\"https:\\\/\\\/eleicoes.apublica.org\\\/2018\\\/2018\\\/09\\\/lisete-usa-dado-falso-sobre-queda-no-atendimento-de-hospital-da-usp\\\/\",\"url\":\"https:\\\/\\\/eleicoes.apublica.org\\\/2018\\\/2018\\\/09\\\/lisete-usa-dado-falso-sobre-queda-no-atendimento-de-hospital-da-usp\\\/\",\"name\":\"Lisete usa dado falso sobre queda no atendimento de hospital da USP - Truco2018\",\"isPartOf\":{\"@id\":\"https:\\\/\\\/eleicoes.apublica.org\\\/2018\\\/#website\"},\"primaryImageOfPage\":{\"@id\":\"https:\\\/\\\/eleicoes.apublica.org\\\/2018\\\/2018\\\/09\\\/lisete-usa-dado-falso-sobre-queda-no-atendimento-de-hospital-da-usp\\\/#primaryimage\"},\"image\":{\"@id\":\"https:\\\/\\\/eleicoes.apublica.org\\\/2018\\\/2018\\\/09\\\/lisete-usa-dado-falso-sobre-queda-no-atendimento-de-hospital-da-usp\\\/#primaryimage\"},\"thumbnailUrl\":\"https:\\\/\\\/i0.wp.com\\\/eleicoes.apublica.org\\\/2018\\\/wp-content\\\/uploads\\\/2018\\\/09\\\/RR_atousp_hospital_universitario_05242016_1-1-1.jpg?fit=1028%2C681&ssl=1\",\"datePublished\":\"2018-09-25T20:42:33+00:00\",\"author\":{\"@id\":\"https:\\\/\\\/eleicoes.apublica.org\\\/2018\\\/#\\\/schema\\\/person\\\/4be86770c60bb1a999813843c7a2edee\"},\"breadcrumb\":{\"@id\":\"https:\\\/\\\/eleicoes.apublica.org\\\/2018\\\/2018\\\/09\\\/lisete-usa-dado-falso-sobre-queda-no-atendimento-de-hospital-da-usp\\\/#breadcrumb\"},\"inLanguage\":\"pt-BR\",\"potentialAction\":[{\"@type\":\"ReadAction\",\"target\":[\"https:\\\/\\\/eleicoes.apublica.org\\\/2018\\\/2018\\\/09\\\/lisete-usa-dado-falso-sobre-queda-no-atendimento-de-hospital-da-usp\\\/\"]}]},{\"@type\":\"ImageObject\",\"inLanguage\":\"pt-BR\",\"@id\":\"https:\\\/\\\/eleicoes.apublica.org\\\/2018\\\/2018\\\/09\\\/lisete-usa-dado-falso-sobre-queda-no-atendimento-de-hospital-da-usp\\\/#primaryimage\",\"url\":\"https:\\\/\\\/i0.wp.com\\\/eleicoes.apublica.org\\\/2018\\\/wp-content\\\/uploads\\\/2018\\\/09\\\/RR_atousp_hospital_universitario_05242016_1-1-1.jpg?fit=1028%2C681&ssl=1\",\"contentUrl\":\"https:\\\/\\\/i0.wp.com\\\/eleicoes.apublica.org\\\/2018\\\/wp-content\\\/uploads\\\/2018\\\/09\\\/RR_atousp_hospital_universitario_05242016_1-1-1.jpg?fit=1028%2C681&ssl=1\",\"width\":1028,\"height\":681,\"caption\":\"Ato na USP em defesa do Hospital Universit\u00e1rio em maio de 2016.\"},{\"@type\":\"BreadcrumbList\",\"@id\":\"https:\\\/\\\/eleicoes.apublica.org\\\/2018\\\/2018\\\/09\\\/lisete-usa-dado-falso-sobre-queda-no-atendimento-de-hospital-da-usp\\\/#breadcrumb\",\"itemListElement\":[{\"@type\":\"ListItem\",\"position\":1,\"name\":\"In\u00edcio\",\"item\":\"https:\\\/\\\/eleicoes.apublica.org\\\/2018\\\/\"},{\"@type\":\"ListItem\",\"position\":2,\"name\":\"Lisete usa dado falso sobre queda no atendimento de hospital da USP\"}]},{\"@type\":\"WebSite\",\"@id\":\"https:\\\/\\\/eleicoes.apublica.org\\\/2018\\\/#website\",\"url\":\"https:\\\/\\\/eleicoes.apublica.org\\\/2018\\\/\",\"name\":\"Truco2018\",\"description\":\"Truco nos estados - Checamos as declara\u00e7\u00f5es de candidatos e boatos que circulam sobre as elei\u00e7\u00f5es para o governo de Minas, Cear\u00e1, S\u00e3o Paulo, Rio Grande do Sul, Par\u00e1, Paran\u00e1, Pernambuco.\",\"potentialAction\":[{\"@type\":\"SearchAction\",\"target\":{\"@type\":\"EntryPoint\",\"urlTemplate\":\"https:\\\/\\\/eleicoes.apublica.org\\\/2018\\\/?s={search_term_string}\"},\"query-input\":{\"@type\":\"PropertyValueSpecification\",\"valueRequired\":true,\"valueName\":\"search_term_string\"}}],\"inLanguage\":\"pt-BR\"},{\"@type\":\"Person\",\"@id\":\"https:\\\/\\\/eleicoes.apublica.org\\\/2018\\\/#\\\/schema\\\/person\\\/4be86770c60bb1a999813843c7a2edee\",\"name\":\"Jessica Mota\",\"image\":{\"@type\":\"ImageObject\",\"inLanguage\":\"pt-BR\",\"@id\":\"https:\\\/\\\/secure.gravatar.com\\\/avatar\\\/a50ac3281c0205e8669ddaa1f39cbf6232de24adb2563dc0db416b719ceea457?s=96&d=mm&r=gc77402c2822b29c594839057fdc9ad9a\",\"url\":\"https:\\\/\\\/secure.gravatar.com\\\/avatar\\\/a50ac3281c0205e8669ddaa1f39cbf6232de24adb2563dc0db416b719ceea457?s=96&d=mm&r=g\",\"contentUrl\":\"https:\\\/\\\/secure.gravatar.com\\\/avatar\\\/a50ac3281c0205e8669ddaa1f39cbf6232de24adb2563dc0db416b719ceea457?s=96&d=mm&r=g\",\"caption\":\"Jessica Mota\"},\"description\":\"Produziu reportagens investigativas focadas em viola\u00e7\u00f5es de direitos pela Ag\u00eancia P\u00fablica e pela Rep\u00f3rter Brasil, republicadas em diversos ve\u00edculos nacionais. Junto da cineasta Alice Riff, co-dirigiu o curta Beirad\u00e3o\\\/Hup Boyoh. Teve trabalhos de reportagem premiados pelo Pr\u00eamio Vladimir Herzog de Anistia e Direitos Humanos (2016), Pr\u00eamio Petrobras de Jornalismo (2015), 31\u00ba Pr\u00eamio de Direitos Humanos e Jornalismo da OAB\\\/RS e 4\u00ba Pr\u00eamio Jovem Jornalista Fernando Pacheco Jord\u00e3o. \u00c9 formada em Comunica\u00e7\u00e3o Social (Mackenzie) e p\u00f3s-graduada em Estudos Brasileiros (FespSP).\",\"url\":\"https:\\\/\\\/eleicoes.apublica.org\\\/2018\\\/author\\\/jessica-mota\\\/\"}]}<\/script>\n<!-- \/ Yoast SEO plugin. -->","yoast_head_json":{"title":"Lisete usa dado falso sobre queda no atendimento de hospital da USP - Truco2018","robots":{"index":"index","follow":"follow","max-snippet":"max-snippet:-1","max-image-preview":"max-image-preview:large","max-video-preview":"max-video-preview:-1"},"canonical":"https:\/\/eleicoes.apublica.org\/2018\/2018\/09\/lisete-usa-dado-falso-sobre-queda-no-atendimento-de-hospital-da-usp\/","og_locale":"pt_BR","og_type":"article","og_title":"Lisete usa dado falso sobre queda no atendimento de hospital da USP - Truco2018","og_description":"Funcionamento de fato caiu nos \u00faltimos anos devido \u00e0 crise na universidade, mas em porcentual muito inferior ao citado pela candidata do PSOL","og_url":"https:\/\/eleicoes.apublica.org\/2018\/2018\/09\/lisete-usa-dado-falso-sobre-queda-no-atendimento-de-hospital-da-usp\/","og_site_name":"Truco2018","article_published_time":"2018-09-25T20:42:33+00:00","og_image":[{"width":1028,"height":681,"url":"https:\/\/i0.wp.com\/eleicoes.apublica.org\/2018\/wp-content\/uploads\/2018\/09\/RR_atousp_hospital_universitario_05242016_1-1-1.jpg?fit=1028%2C681&ssl=1","type":"image\/jpeg"}],"author":"Jessica Mota","twitter_card":"summary_large_image","twitter_misc":{"Escrito por":"Jessica Mota","Est. tempo de leitura":"4 minutos","Written by":"Jessica Mota"},"schema":{"@context":"https:\/\/schema.org","@graph":[{"@type":"Article","@id":"https:\/\/eleicoes.apublica.org\/2018\/2018\/09\/lisete-usa-dado-falso-sobre-queda-no-atendimento-de-hospital-da-usp\/#article","isPartOf":{"@id":"https:\/\/eleicoes.apublica.org\/2018\/2018\/09\/lisete-usa-dado-falso-sobre-queda-no-atendimento-de-hospital-da-usp\/"},"author":{"name":"Jessica Mota","@id":"https:\/\/eleicoes.apublica.org\/2018\/#\/schema\/person\/4be86770c60bb1a999813843c7a2edee"},"headline":"Lisete usa dado falso sobre queda no atendimento de hospital da USP","datePublished":"2018-09-25T20:42:33+00:00","mainEntityOfPage":{"@id":"https:\/\/eleicoes.apublica.org\/2018\/2018\/09\/lisete-usa-dado-falso-sobre-queda-no-atendimento-de-hospital-da-usp\/"},"wordCount":890,"image":{"@id":"https:\/\/eleicoes.apublica.org\/2018\/2018\/09\/lisete-usa-dado-falso-sobre-queda-no-atendimento-de-hospital-da-usp\/#primaryimage"},"thumbnailUrl":"https:\/\/i0.wp.com\/eleicoes.apublica.org\/2018\/wp-content\/uploads\/2018\/09\/RR_atousp_hospital_universitario_05242016_1-1-1.jpg?fit=1028%2C681&ssl=1","keywords":["Sa\u00fade"],"inLanguage":"pt-BR"},{"@type":"WebPage","@id":"https:\/\/eleicoes.apublica.org\/2018\/2018\/09\/lisete-usa-dado-falso-sobre-queda-no-atendimento-de-hospital-da-usp\/","url":"https:\/\/eleicoes.apublica.org\/2018\/2018\/09\/lisete-usa-dado-falso-sobre-queda-no-atendimento-de-hospital-da-usp\/","name":"Lisete usa dado falso sobre queda no atendimento de hospital da USP - Truco2018","isPartOf":{"@id":"https:\/\/eleicoes.apublica.org\/2018\/#website"},"primaryImageOfPage":{"@id":"https:\/\/eleicoes.apublica.org\/2018\/2018\/09\/lisete-usa-dado-falso-sobre-queda-no-atendimento-de-hospital-da-usp\/#primaryimage"},"image":{"@id":"https:\/\/eleicoes.apublica.org\/2018\/2018\/09\/lisete-usa-dado-falso-sobre-queda-no-atendimento-de-hospital-da-usp\/#primaryimage"},"thumbnailUrl":"https:\/\/i0.wp.com\/eleicoes.apublica.org\/2018\/wp-content\/uploads\/2018\/09\/RR_atousp_hospital_universitario_05242016_1-1-1.jpg?fit=1028%2C681&ssl=1","datePublished":"2018-09-25T20:42:33+00:00","author":{"@id":"https:\/\/eleicoes.apublica.org\/2018\/#\/schema\/person\/4be86770c60bb1a999813843c7a2edee"},"breadcrumb":{"@id":"https:\/\/eleicoes.apublica.org\/2018\/2018\/09\/lisete-usa-dado-falso-sobre-queda-no-atendimento-de-hospital-da-usp\/#breadcrumb"},"inLanguage":"pt-BR","potentialAction":[{"@type":"ReadAction","target":["https:\/\/eleicoes.apublica.org\/2018\/2018\/09\/lisete-usa-dado-falso-sobre-queda-no-atendimento-de-hospital-da-usp\/"]}]},{"@type":"ImageObject","inLanguage":"pt-BR","@id":"https:\/\/eleicoes.apublica.org\/2018\/2018\/09\/lisete-usa-dado-falso-sobre-queda-no-atendimento-de-hospital-da-usp\/#primaryimage","url":"https:\/\/i0.wp.com\/eleicoes.apublica.org\/2018\/wp-content\/uploads\/2018\/09\/RR_atousp_hospital_universitario_05242016_1-1-1.jpg?fit=1028%2C681&ssl=1","contentUrl":"https:\/\/i0.wp.com\/eleicoes.apublica.org\/2018\/wp-content\/uploads\/2018\/09\/RR_atousp_hospital_universitario_05242016_1-1-1.jpg?fit=1028%2C681&ssl=1","width":1028,"height":681,"caption":"Ato na USP em defesa do Hospital Universit\u00e1rio em maio de 2016."},{"@type":"BreadcrumbList","@id":"https:\/\/eleicoes.apublica.org\/2018\/2018\/09\/lisete-usa-dado-falso-sobre-queda-no-atendimento-de-hospital-da-usp\/#breadcrumb","itemListElement":[{"@type":"ListItem","position":1,"name":"In\u00edcio","item":"https:\/\/eleicoes.apublica.org\/2018\/"},{"@type":"ListItem","position":2,"name":"Lisete usa dado falso sobre queda no atendimento de hospital da USP"}]},{"@type":"WebSite","@id":"https:\/\/eleicoes.apublica.org\/2018\/#website","url":"https:\/\/eleicoes.apublica.org\/2018\/","name":"Truco2018","description":"Truco nos estados - Checamos as declara\u00e7\u00f5es de candidatos e boatos que circulam sobre as elei\u00e7\u00f5es para o governo de Minas, Cear\u00e1, S\u00e3o Paulo, Rio Grande do Sul, Par\u00e1, Paran\u00e1, Pernambuco.","potentialAction":[{"@type":"SearchAction","target":{"@type":"EntryPoint","urlTemplate":"https:\/\/eleicoes.apublica.org\/2018\/?s={search_term_string}"},"query-input":{"@type":"PropertyValueSpecification","valueRequired":true,"valueName":"search_term_string"}}],"inLanguage":"pt-BR"},{"@type":"Person","@id":"https:\/\/eleicoes.apublica.org\/2018\/#\/schema\/person\/4be86770c60bb1a999813843c7a2edee","name":"Jessica Mota","image":{"@type":"ImageObject","inLanguage":"pt-BR","@id":"https:\/\/secure.gravatar.com\/avatar\/a50ac3281c0205e8669ddaa1f39cbf6232de24adb2563dc0db416b719ceea457?s=96&d=mm&r=gc77402c2822b29c594839057fdc9ad9a","url":"https:\/\/secure.gravatar.com\/avatar\/a50ac3281c0205e8669ddaa1f39cbf6232de24adb2563dc0db416b719ceea457?s=96&d=mm&r=g","contentUrl":"https:\/\/secure.gravatar.com\/avatar\/a50ac3281c0205e8669ddaa1f39cbf6232de24adb2563dc0db416b719ceea457?s=96&d=mm&r=g","caption":"Jessica Mota"},"description":"Produziu reportagens investigativas focadas em viola\u00e7\u00f5es de direitos pela Ag\u00eancia P\u00fablica e pela Rep\u00f3rter Brasil, republicadas em diversos ve\u00edculos nacionais. Junto da cineasta Alice Riff, co-dirigiu o curta Beirad\u00e3o\/Hup Boyoh. Teve trabalhos de reportagem premiados pelo Pr\u00eamio Vladimir Herzog de Anistia e Direitos Humanos (2016), Pr\u00eamio Petrobras de Jornalismo (2015), 31\u00ba Pr\u00eamio de Direitos Humanos e Jornalismo da OAB\/RS e 4\u00ba Pr\u00eamio Jovem Jornalista Fernando Pacheco Jord\u00e3o. \u00c9 formada em Comunica\u00e7\u00e3o Social (Mackenzie) e p\u00f3s-graduada em Estudos Brasileiros (FespSP).","url":"https:\/\/eleicoes.apublica.org\/2018\/author\/jessica-mota\/"}]}},"jetpack_featured_media_url":"https:\/\/i0.wp.com\/eleicoes.apublica.org\/2018\/wp-content\/uploads\/2018\/09\/RR_atousp_hospital_universitario_05242016_1-1-1.jpg?fit=1028%2C681&ssl=1","jetpack_shortlink":"https:\/\/wp.me\/pbyYl8-KD","jetpack_sharing_enabled":true,"_links":{"self":[{"href":"https:\/\/eleicoes.apublica.org\/2018\/wp-json\/wp\/v2\/posts\/2891","targetHints":{"allow":["GET"]}}],"collection":[{"href":"https:\/\/eleicoes.apublica.org\/2018\/wp-json\/wp\/v2\/posts"}],"about":[{"href":"https:\/\/eleicoes.apublica.org\/2018\/wp-json\/wp\/v2\/types\/post"}],"author":[{"embeddable":true,"href":"https:\/\/eleicoes.apublica.org\/2018\/wp-json\/wp\/v2\/users\/34"}],"replies":[{"embeddable":true,"href":"https:\/\/eleicoes.apublica.org\/2018\/wp-json\/wp\/v2\/comments?post=2891"}],"version-history":[{"count":2,"href":"https:\/\/eleicoes.apublica.org\/2018\/wp-json\/wp\/v2\/posts\/2891\/revisions"}],"predecessor-version":[{"id":2896,"href":"https:\/\/eleicoes.apublica.org\/2018\/wp-json\/wp\/v2\/posts\/2891\/revisions\/2896"}],"wp:featuredmedia":[{"embeddable":true,"href":"https:\/\/eleicoes.apublica.org\/2018\/wp-json\/wp\/v2\/media\/2893"}],"wp:attachment":[{"href":"https:\/\/eleicoes.apublica.org\/2018\/wp-json\/wp\/v2\/media?parent=2891"}],"wp:term":[{"taxonomy":"category","embeddable":true,"href":"https:\/\/eleicoes.apublica.org\/2018\/wp-json\/wp\/v2\/categories?post=2891"},{"taxonomy":"post_tag","embeddable":true,"href":"https:\/\/eleicoes.apublica.org\/2018\/wp-json\/wp\/v2\/tags?post=2891"},{"taxonomy":"author","embeddable":true,"href":"https:\/\/eleicoes.apublica.org\/2018\/wp-json\/wp\/v2\/coauthors?post=2891"}],"curies":[{"name":"wp","href":"https:\/\/api.w.org\/{rel}","templated":true}]}}