{"id":3081,"date":"2018-10-02T22:00:33","date_gmt":"2018-10-03T01:00:33","guid":{"rendered":"https:\/\/truco2018.apublica.org\/?p=3081"},"modified":"2018-10-02T18:57:53","modified_gmt":"2018-10-02T21:57:53","slug":"quase-la-zema-cada-vereador-em-bh-pode-ter-ate-18-assessores","status":"publish","type":"post","link":"https:\/\/eleicoes.apublica.org\/2018\/2018\/10\/quase-la-zema-cada-vereador-em-bh-pode-ter-ate-18-assessores\/","title":{"rendered":"Quase l\u00e1, Zema: cada vereador em BH pode ter at\u00e9 18 assessores"},"content":{"rendered":"<p><strong>\u201cVamos pegar o caso de Belo Horizonte. Cada vereador tem 21 assessores\u201d<\/strong>, Romeu Zema, do NOVO, <a href=\"https:\/\/noticias.r7.com\/minas-gerais\/romeu-zema-diz-que-nao-quer-os-filhos-vivendo-em-uma-venezuela-31082018\">em entrevista \u00e0 Record Minas<\/a>.<\/p>\n<p>A afirma\u00e7\u00e3o de Romeu Zema, que critica os gastos com a C\u00e2mara de Vereadores de Belo Horizonte, \u00e9 pr\u00f3xima, por\u00e9m maior que a realidade. O n\u00famero m\u00e1ximo de assessores que cada vereador pode ter na casa \u00e9 18, n\u00e3o 21, como disse o pol\u00edtico.<\/p>\n<p>Por isso, o <strong>Truco<\/strong> \u2014 projeto de checagens da <strong>Ag\u00eancia P\u00fablica<\/strong> \u2014 classificou a fala do candidato como exagerada.<\/p>\n<p>Segundo a assessoria da C\u00e2mara de Vereadores de BH, cada vereador pode ter, no m\u00e1ximo, 18 assessores trabalhando em seu gabinete: s\u00e3o at\u00e9 15 servidores para apoio ao desenvolvimento de atividades institucionais e de mandato, al\u00e9m de um atendente parlamentar, um auxiliar legislativo e um chefe de gabinete. Esses funcion\u00e1rios s\u00e3o pagos pela C\u00e2mara.<\/p>\n<p>Atualmente,<a href=\"https:\/\/www.cmbh.mg.gov.br\/transparencia\/pessoal\/relacao-nominal\"> a C\u00e2mara emprega 712 servidores comissionados<\/a>, o que d\u00e1 a m\u00e9dia de 17 servidores por vereador. Desde 2015, <a href=\"https:\/\/www.cmbh.mg.gov.br\/atividade-legislativa\/pesquisar-legislacao\/resolucao\/2076\/2015\">a casa extinguiu a verba indenizat\u00f3ria<\/a>.<\/p>\n<p>O <strong>Truco<\/strong> procurou a assessoria de Romeu Zema, que n\u00e3o respondeu at\u00e9 a publica\u00e7\u00e3o da checagem.<\/p>\n","protected":false},"excerpt":{"rendered":"<p>Candidato critica quantidade de funcion\u00e1rios na C\u00e2mara, mas aumenta o limite permitido por vereador<\/p>\n","protected":false},"author":17,"featured_media":3084,"comment_status":"closed","ping_status":"open","sticky":false,"template":"","format":"standard","meta":{"_acf_changed":false,"_jetpack_memberships_contains_paid_content":false,"footnotes":""},"categories":[1],"tags":[37,65],"coauthors":[98],"class_list":["post-3081","post","type-post","status-publish","format-standard","has-post-thumbnail","hentry","category-sem-categoria","tag-contas-publicas","tag-gestao-publica"],"acf":{"truco":{"value":"exagerado","label":"Exagerado"},"resumido":"Vamos pegar o caso de Belo Horizonte. Cada vereador tem 21 assessores","descricao":"Romeu Zema, do NOVO, afirma que cada vereador em Belo Horizonte tem 21 assessores","autor":"Romeu Zema (Novo), candidato a governador","candidato":{"ID":67,"post_author":"1","post_date":"2018-07-26 13:36:28","post_date_gmt":"2018-07-26 16:36:28","post_content":"<span style=\"font-weight: 400;\">Romeu Zema Neto, administrador de 53 anos, \u00e9 empres\u00e1rio de Arax\u00e1 e atual presidente do conselho do Grupo Zema. A empresa tem 95 anos, \u00e9 atuante no setor do varejo e na distribui\u00e7\u00e3o de combust\u00edveis e est\u00e1 presente em mais de 400 lojas em Minas Gerais, Goi\u00e1s, Esp\u00edrito Santo, S\u00e3o Paulo, Mato Grosso do Sul e Bahia.<\/span>\r\n\r\n<span style=\"font-weight: 400;\">O candidato do partido NOVO declarou ter\u00a0R$ 69,7 milh\u00f5es em bens ao Tribunal Superior Eleitoral (TSE). Zema nunca ocupou cargo pol\u00edtico ou se candidatou a elei\u00e7\u00f5es. <\/span>\r\n\r\n<span style=\"font-weight: 400;\">Seu vice, o tamb\u00e9m empres\u00e1rio Paulo Brant, do mesmo partido, foi pr\u00e9-candidato \u00e0 Prefeitura de Belo Horizonte em 2014 pelo ent\u00e3o prefeito M\u00e1rcio Lacerda (PSB). Contudo, na semana de registro da chapa, Brant foi preterido por D\u00e9lio Malheiros (PV) como o candidato oficial do ex-prefeito.<\/span>\r\n\r\n&nbsp;\r\n\r\n&nbsp;","post_title":"Romeu Zema","post_excerpt":"","post_status":"publish","comment_status":"closed","ping_status":"closed","post_password":"","post_name":"romeu-zema","to_ping":"","pinged":"","post_modified":"2018-08-13 12:10:10","post_modified_gmt":"2018-08-13 15:10:10","post_content_filtered":"","post_parent":0,"guid":"https:\/\/apublica.org\/truco2018\/?post_type=candidato&#038;p=67","menu_order":0,"post_type":"candidato","post_mime_type":"","comment_count":"0","filter":"raw"},"estado":{"term_id":9,"name":"Minas Gerais","slug":"minas-gerais","term_group":0,"term_taxonomy_id":9,"taxonomy":"estado","description":"","parent":0,"count":14,"filter":"raw"},"pizza":"[]"},"yoast_head":"<!-- This site is optimized with the Yoast SEO plugin v27.5 - https:\/\/yoast.com\/product\/yoast-seo-wordpress\/ -->\n<title>Quase l\u00e1, Zema: cada vereador em BH pode ter at\u00e9 18 assessores - Truco2018<\/title>\n<meta name=\"robots\" content=\"index, follow, max-snippet:-1, max-image-preview:large, max-video-preview:-1\" \/>\n<link rel=\"canonical\" href=\"https:\/\/eleicoes.apublica.org\/2018\/2018\/10\/quase-la-zema-cada-vereador-em-bh-pode-ter-ate-18-assessores\/\" \/>\n<meta property=\"og:locale\" content=\"pt_BR\" \/>\n<meta property=\"og:type\" content=\"article\" \/>\n<meta property=\"og:title\" content=\"Quase l\u00e1, Zema: cada vereador em BH pode ter at\u00e9 18 assessores - Truco2018\" \/>\n<meta property=\"og:description\" content=\"Candidato critica quantidade de funcion\u00e1rios na C\u00e2mara, mas aumenta o limite permitido por vereador\" \/>\n<meta property=\"og:url\" content=\"https:\/\/eleicoes.apublica.org\/2018\/2018\/10\/quase-la-zema-cada-vereador-em-bh-pode-ter-ate-18-assessores\/\" \/>\n<meta property=\"og:site_name\" content=\"Truco2018\" \/>\n<meta property=\"article:published_time\" content=\"2018-10-03T01:00:33+00:00\" \/>\n<meta property=\"og:image\" content=\"https:\/\/i0.wp.com\/eleicoes.apublica.org\/2018\/wp-content\/uploads\/2018\/10\/camara-vereadores-BH.jpg?fit=800%2C629&ssl=1\" \/>\n\t<meta property=\"og:image:width\" content=\"800\" \/>\n\t<meta property=\"og:image:height\" content=\"629\" \/>\n\t<meta property=\"og:image:type\" content=\"image\/jpeg\" \/>\n<meta name=\"author\" content=\"Bruno Fonseca\" \/>\n<meta name=\"twitter:card\" content=\"summary_large_image\" \/>\n<meta name=\"twitter:label1\" content=\"Escrito por\" \/>\n\t<meta name=\"twitter:data1\" content=\"Bruno Fonseca\" \/>\n\t<meta name=\"twitter:label2\" content=\"Est. tempo de leitura\" \/>\n\t<meta name=\"twitter:data2\" content=\"1 minuto\" \/>\n\t<meta name=\"twitter:label3\" content=\"Written by\" \/>\n\t<meta name=\"twitter:data3\" content=\"Bruno Fonseca\" \/>\n<script type=\"application\/ld+json\" class=\"yoast-schema-graph\">{\"@context\":\"https:\\\/\\\/schema.org\",\"@graph\":[{\"@type\":\"Article\",\"@id\":\"https:\\\/\\\/eleicoes.apublica.org\\\/2018\\\/2018\\\/10\\\/quase-la-zema-cada-vereador-em-bh-pode-ter-ate-18-assessores\\\/#article\",\"isPartOf\":{\"@id\":\"https:\\\/\\\/eleicoes.apublica.org\\\/2018\\\/2018\\\/10\\\/quase-la-zema-cada-vereador-em-bh-pode-ter-ate-18-assessores\\\/\"},\"author\":{\"name\":\"Bruno Fonseca\",\"@id\":\"https:\\\/\\\/eleicoes.apublica.org\\\/2018\\\/#\\\/schema\\\/person\\\/6a46facdb1f26c4af724d4ac29c7c281\"},\"headline\":\"Quase l\u00e1, Zema: cada vereador em BH pode ter at\u00e9 18 assessores\",\"datePublished\":\"2018-10-03T01:00:33+00:00\",\"mainEntityOfPage\":{\"@id\":\"https:\\\/\\\/eleicoes.apublica.org\\\/2018\\\/2018\\\/10\\\/quase-la-zema-cada-vereador-em-bh-pode-ter-ate-18-assessores\\\/\"},\"wordCount\":199,\"image\":{\"@id\":\"https:\\\/\\\/eleicoes.apublica.org\\\/2018\\\/2018\\\/10\\\/quase-la-zema-cada-vereador-em-bh-pode-ter-ate-18-assessores\\\/#primaryimage\"},\"thumbnailUrl\":\"https:\\\/\\\/i0.wp.com\\\/eleicoes.apublica.org\\\/2018\\\/wp-content\\\/uploads\\\/2018\\\/10\\\/camara-vereadores-BH.jpg?fit=800%2C629&ssl=1\",\"keywords\":[\"Contas P\u00fablicas\",\"Gest\u00e3o p\u00fablica\"],\"inLanguage\":\"pt-BR\"},{\"@type\":\"WebPage\",\"@id\":\"https:\\\/\\\/eleicoes.apublica.org\\\/2018\\\/2018\\\/10\\\/quase-la-zema-cada-vereador-em-bh-pode-ter-ate-18-assessores\\\/\",\"url\":\"https:\\\/\\\/eleicoes.apublica.org\\\/2018\\\/2018\\\/10\\\/quase-la-zema-cada-vereador-em-bh-pode-ter-ate-18-assessores\\\/\",\"name\":\"Quase l\u00e1, Zema: cada vereador em BH pode ter at\u00e9 18 assessores - Truco2018\",\"isPartOf\":{\"@id\":\"https:\\\/\\\/eleicoes.apublica.org\\\/2018\\\/#website\"},\"primaryImageOfPage\":{\"@id\":\"https:\\\/\\\/eleicoes.apublica.org\\\/2018\\\/2018\\\/10\\\/quase-la-zema-cada-vereador-em-bh-pode-ter-ate-18-assessores\\\/#primaryimage\"},\"image\":{\"@id\":\"https:\\\/\\\/eleicoes.apublica.org\\\/2018\\\/2018\\\/10\\\/quase-la-zema-cada-vereador-em-bh-pode-ter-ate-18-assessores\\\/#primaryimage\"},\"thumbnailUrl\":\"https:\\\/\\\/i0.wp.com\\\/eleicoes.apublica.org\\\/2018\\\/wp-content\\\/uploads\\\/2018\\\/10\\\/camara-vereadores-BH.jpg?fit=800%2C629&ssl=1\",\"datePublished\":\"2018-10-03T01:00:33+00:00\",\"author\":{\"@id\":\"https:\\\/\\\/eleicoes.apublica.org\\\/2018\\\/#\\\/schema\\\/person\\\/6a46facdb1f26c4af724d4ac29c7c281\"},\"breadcrumb\":{\"@id\":\"https:\\\/\\\/eleicoes.apublica.org\\\/2018\\\/2018\\\/10\\\/quase-la-zema-cada-vereador-em-bh-pode-ter-ate-18-assessores\\\/#breadcrumb\"},\"inLanguage\":\"pt-BR\",\"potentialAction\":[{\"@type\":\"ReadAction\",\"target\":[\"https:\\\/\\\/eleicoes.apublica.org\\\/2018\\\/2018\\\/10\\\/quase-la-zema-cada-vereador-em-bh-pode-ter-ate-18-assessores\\\/\"]}]},{\"@type\":\"ImageObject\",\"inLanguage\":\"pt-BR\",\"@id\":\"https:\\\/\\\/eleicoes.apublica.org\\\/2018\\\/2018\\\/10\\\/quase-la-zema-cada-vereador-em-bh-pode-ter-ate-18-assessores\\\/#primaryimage\",\"url\":\"https:\\\/\\\/i0.wp.com\\\/eleicoes.apublica.org\\\/2018\\\/wp-content\\\/uploads\\\/2018\\\/10\\\/camara-vereadores-BH.jpg?fit=800%2C629&ssl=1\",\"contentUrl\":\"https:\\\/\\\/i0.wp.com\\\/eleicoes.apublica.org\\\/2018\\\/wp-content\\\/uploads\\\/2018\\\/10\\\/camara-vereadores-BH.jpg?fit=800%2C629&ssl=1\",\"width\":800,\"height\":629},{\"@type\":\"BreadcrumbList\",\"@id\":\"https:\\\/\\\/eleicoes.apublica.org\\\/2018\\\/2018\\\/10\\\/quase-la-zema-cada-vereador-em-bh-pode-ter-ate-18-assessores\\\/#breadcrumb\",\"itemListElement\":[{\"@type\":\"ListItem\",\"position\":1,\"name\":\"In\u00edcio\",\"item\":\"https:\\\/\\\/eleicoes.apublica.org\\\/2018\\\/\"},{\"@type\":\"ListItem\",\"position\":2,\"name\":\"Quase l\u00e1, Zema: cada vereador em BH pode ter at\u00e9 18 assessores\"}]},{\"@type\":\"WebSite\",\"@id\":\"https:\\\/\\\/eleicoes.apublica.org\\\/2018\\\/#website\",\"url\":\"https:\\\/\\\/eleicoes.apublica.org\\\/2018\\\/\",\"name\":\"Truco2018\",\"description\":\"Truco nos estados - Checamos as declara\u00e7\u00f5es de candidatos e boatos que circulam sobre as elei\u00e7\u00f5es para o governo de Minas, Cear\u00e1, S\u00e3o Paulo, Rio Grande do Sul, Par\u00e1, Paran\u00e1, Pernambuco.\",\"potentialAction\":[{\"@type\":\"SearchAction\",\"target\":{\"@type\":\"EntryPoint\",\"urlTemplate\":\"https:\\\/\\\/eleicoes.apublica.org\\\/2018\\\/?s={search_term_string}\"},\"query-input\":{\"@type\":\"PropertyValueSpecification\",\"valueRequired\":true,\"valueName\":\"search_term_string\"}}],\"inLanguage\":\"pt-BR\"},{\"@type\":\"Person\",\"@id\":\"https:\\\/\\\/eleicoes.apublica.org\\\/2018\\\/#\\\/schema\\\/person\\\/6a46facdb1f26c4af724d4ac29c7c281\",\"name\":\"Bruno Fonseca\",\"image\":{\"@type\":\"ImageObject\",\"inLanguage\":\"pt-BR\",\"@id\":\"https:\\\/\\\/secure.gravatar.com\\\/avatar\\\/17fdddc9265a581079e1be5f132c0a75125193bb0b51a47a52bc59aaad747de7?s=96&d=mm&r=g20a3aa3113227c52258c5644a743c4a9\",\"url\":\"https:\\\/\\\/secure.gravatar.com\\\/avatar\\\/17fdddc9265a581079e1be5f132c0a75125193bb0b51a47a52bc59aaad747de7?s=96&d=mm&r=g\",\"contentUrl\":\"https:\\\/\\\/secure.gravatar.com\\\/avatar\\\/17fdddc9265a581079e1be5f132c0a75125193bb0b51a47a52bc59aaad747de7?s=96&d=mm&r=g\",\"caption\":\"Bruno Fonseca\"},\"url\":\"https:\\\/\\\/eleicoes.apublica.org\\\/2018\\\/author\\\/bruno-fonseca\\\/\"}]}<\/script>\n<!-- \/ Yoast SEO plugin. -->","yoast_head_json":{"title":"Quase l\u00e1, Zema: cada vereador em BH pode ter at\u00e9 18 assessores - Truco2018","robots":{"index":"index","follow":"follow","max-snippet":"max-snippet:-1","max-image-preview":"max-image-preview:large","max-video-preview":"max-video-preview:-1"},"canonical":"https:\/\/eleicoes.apublica.org\/2018\/2018\/10\/quase-la-zema-cada-vereador-em-bh-pode-ter-ate-18-assessores\/","og_locale":"pt_BR","og_type":"article","og_title":"Quase l\u00e1, Zema: cada vereador em BH pode ter at\u00e9 18 assessores - Truco2018","og_description":"Candidato critica quantidade de funcion\u00e1rios na C\u00e2mara, mas aumenta o limite permitido por vereador","og_url":"https:\/\/eleicoes.apublica.org\/2018\/2018\/10\/quase-la-zema-cada-vereador-em-bh-pode-ter-ate-18-assessores\/","og_site_name":"Truco2018","article_published_time":"2018-10-03T01:00:33+00:00","og_image":[{"width":800,"height":629,"url":"https:\/\/i0.wp.com\/eleicoes.apublica.org\/2018\/wp-content\/uploads\/2018\/10\/camara-vereadores-BH.jpg?fit=800%2C629&ssl=1","type":"image\/jpeg"}],"author":"Bruno Fonseca","twitter_card":"summary_large_image","twitter_misc":{"Escrito por":"Bruno Fonseca","Est. tempo de leitura":"1 minuto","Written by":"Bruno Fonseca"},"schema":{"@context":"https:\/\/schema.org","@graph":[{"@type":"Article","@id":"https:\/\/eleicoes.apublica.org\/2018\/2018\/10\/quase-la-zema-cada-vereador-em-bh-pode-ter-ate-18-assessores\/#article","isPartOf":{"@id":"https:\/\/eleicoes.apublica.org\/2018\/2018\/10\/quase-la-zema-cada-vereador-em-bh-pode-ter-ate-18-assessores\/"},"author":{"name":"Bruno Fonseca","@id":"https:\/\/eleicoes.apublica.org\/2018\/#\/schema\/person\/6a46facdb1f26c4af724d4ac29c7c281"},"headline":"Quase l\u00e1, Zema: cada vereador em BH pode ter at\u00e9 18 assessores","datePublished":"2018-10-03T01:00:33+00:00","mainEntityOfPage":{"@id":"https:\/\/eleicoes.apublica.org\/2018\/2018\/10\/quase-la-zema-cada-vereador-em-bh-pode-ter-ate-18-assessores\/"},"wordCount":199,"image":{"@id":"https:\/\/eleicoes.apublica.org\/2018\/2018\/10\/quase-la-zema-cada-vereador-em-bh-pode-ter-ate-18-assessores\/#primaryimage"},"thumbnailUrl":"https:\/\/i0.wp.com\/eleicoes.apublica.org\/2018\/wp-content\/uploads\/2018\/10\/camara-vereadores-BH.jpg?fit=800%2C629&ssl=1","keywords":["Contas P\u00fablicas","Gest\u00e3o p\u00fablica"],"inLanguage":"pt-BR"},{"@type":"WebPage","@id":"https:\/\/eleicoes.apublica.org\/2018\/2018\/10\/quase-la-zema-cada-vereador-em-bh-pode-ter-ate-18-assessores\/","url":"https:\/\/eleicoes.apublica.org\/2018\/2018\/10\/quase-la-zema-cada-vereador-em-bh-pode-ter-ate-18-assessores\/","name":"Quase l\u00e1, Zema: cada vereador em BH pode ter at\u00e9 18 assessores - Truco2018","isPartOf":{"@id":"https:\/\/eleicoes.apublica.org\/2018\/#website"},"primaryImageOfPage":{"@id":"https:\/\/eleicoes.apublica.org\/2018\/2018\/10\/quase-la-zema-cada-vereador-em-bh-pode-ter-ate-18-assessores\/#primaryimage"},"image":{"@id":"https:\/\/eleicoes.apublica.org\/2018\/2018\/10\/quase-la-zema-cada-vereador-em-bh-pode-ter-ate-18-assessores\/#primaryimage"},"thumbnailUrl":"https:\/\/i0.wp.com\/eleicoes.apublica.org\/2018\/wp-content\/uploads\/2018\/10\/camara-vereadores-BH.jpg?fit=800%2C629&ssl=1","datePublished":"2018-10-03T01:00:33+00:00","author":{"@id":"https:\/\/eleicoes.apublica.org\/2018\/#\/schema\/person\/6a46facdb1f26c4af724d4ac29c7c281"},"breadcrumb":{"@id":"https:\/\/eleicoes.apublica.org\/2018\/2018\/10\/quase-la-zema-cada-vereador-em-bh-pode-ter-ate-18-assessores\/#breadcrumb"},"inLanguage":"pt-BR","potentialAction":[{"@type":"ReadAction","target":["https:\/\/eleicoes.apublica.org\/2018\/2018\/10\/quase-la-zema-cada-vereador-em-bh-pode-ter-ate-18-assessores\/"]}]},{"@type":"ImageObject","inLanguage":"pt-BR","@id":"https:\/\/eleicoes.apublica.org\/2018\/2018\/10\/quase-la-zema-cada-vereador-em-bh-pode-ter-ate-18-assessores\/#primaryimage","url":"https:\/\/i0.wp.com\/eleicoes.apublica.org\/2018\/wp-content\/uploads\/2018\/10\/camara-vereadores-BH.jpg?fit=800%2C629&ssl=1","contentUrl":"https:\/\/i0.wp.com\/eleicoes.apublica.org\/2018\/wp-content\/uploads\/2018\/10\/camara-vereadores-BH.jpg?fit=800%2C629&ssl=1","width":800,"height":629},{"@type":"BreadcrumbList","@id":"https:\/\/eleicoes.apublica.org\/2018\/2018\/10\/quase-la-zema-cada-vereador-em-bh-pode-ter-ate-18-assessores\/#breadcrumb","itemListElement":[{"@type":"ListItem","position":1,"name":"In\u00edcio","item":"https:\/\/eleicoes.apublica.org\/2018\/"},{"@type":"ListItem","position":2,"name":"Quase l\u00e1, Zema: cada vereador em BH pode ter at\u00e9 18 assessores"}]},{"@type":"WebSite","@id":"https:\/\/eleicoes.apublica.org\/2018\/#website","url":"https:\/\/eleicoes.apublica.org\/2018\/","name":"Truco2018","description":"Truco nos estados - Checamos as declara\u00e7\u00f5es de candidatos e boatos que circulam sobre as elei\u00e7\u00f5es para o governo de Minas, Cear\u00e1, S\u00e3o Paulo, Rio Grande do Sul, Par\u00e1, Paran\u00e1, Pernambuco.","potentialAction":[{"@type":"SearchAction","target":{"@type":"EntryPoint","urlTemplate":"https:\/\/eleicoes.apublica.org\/2018\/?s={search_term_string}"},"query-input":{"@type":"PropertyValueSpecification","valueRequired":true,"valueName":"search_term_string"}}],"inLanguage":"pt-BR"},{"@type":"Person","@id":"https:\/\/eleicoes.apublica.org\/2018\/#\/schema\/person\/6a46facdb1f26c4af724d4ac29c7c281","name":"Bruno Fonseca","image":{"@type":"ImageObject","inLanguage":"pt-BR","@id":"https:\/\/secure.gravatar.com\/avatar\/17fdddc9265a581079e1be5f132c0a75125193bb0b51a47a52bc59aaad747de7?s=96&d=mm&r=g20a3aa3113227c52258c5644a743c4a9","url":"https:\/\/secure.gravatar.com\/avatar\/17fdddc9265a581079e1be5f132c0a75125193bb0b51a47a52bc59aaad747de7?s=96&d=mm&r=g","contentUrl":"https:\/\/secure.gravatar.com\/avatar\/17fdddc9265a581079e1be5f132c0a75125193bb0b51a47a52bc59aaad747de7?s=96&d=mm&r=g","caption":"Bruno Fonseca"},"url":"https:\/\/eleicoes.apublica.org\/2018\/author\/bruno-fonseca\/"}]}},"jetpack_featured_media_url":"https:\/\/i0.wp.com\/eleicoes.apublica.org\/2018\/wp-content\/uploads\/2018\/10\/camara-vereadores-BH.jpg?fit=800%2C629&ssl=1","jetpack_shortlink":"https:\/\/wp.me\/pbyYl8-NH","jetpack_sharing_enabled":true,"_links":{"self":[{"href":"https:\/\/eleicoes.apublica.org\/2018\/wp-json\/wp\/v2\/posts\/3081","targetHints":{"allow":["GET"]}}],"collection":[{"href":"https:\/\/eleicoes.apublica.org\/2018\/wp-json\/wp\/v2\/posts"}],"about":[{"href":"https:\/\/eleicoes.apublica.org\/2018\/wp-json\/wp\/v2\/types\/post"}],"author":[{"embeddable":true,"href":"https:\/\/eleicoes.apublica.org\/2018\/wp-json\/wp\/v2\/users\/17"}],"replies":[{"embeddable":true,"href":"https:\/\/eleicoes.apublica.org\/2018\/wp-json\/wp\/v2\/comments?post=3081"}],"version-history":[{"count":6,"href":"https:\/\/eleicoes.apublica.org\/2018\/wp-json\/wp\/v2\/posts\/3081\/revisions"}],"predecessor-version":[{"id":3171,"href":"https:\/\/eleicoes.apublica.org\/2018\/wp-json\/wp\/v2\/posts\/3081\/revisions\/3171"}],"wp:featuredmedia":[{"embeddable":true,"href":"https:\/\/eleicoes.apublica.org\/2018\/wp-json\/wp\/v2\/media\/3084"}],"wp:attachment":[{"href":"https:\/\/eleicoes.apublica.org\/2018\/wp-json\/wp\/v2\/media?parent=3081"}],"wp:term":[{"taxonomy":"category","embeddable":true,"href":"https:\/\/eleicoes.apublica.org\/2018\/wp-json\/wp\/v2\/categories?post=3081"},{"taxonomy":"post_tag","embeddable":true,"href":"https:\/\/eleicoes.apublica.org\/2018\/wp-json\/wp\/v2\/tags?post=3081"},{"taxonomy":"author","embeddable":true,"href":"https:\/\/eleicoes.apublica.org\/2018\/wp-json\/wp\/v2\/coauthors?post=3081"}],"curies":[{"name":"wp","href":"https:\/\/api.w.org\/{rel}","templated":true}]}}