{"id":3424,"date":"2018-10-05T19:50:59","date_gmt":"2018-10-05T22:50:59","guid":{"rendered":"https:\/\/truco2018.apublica.org\/?p=3424"},"modified":"2018-10-05T20:01:25","modified_gmt":"2018-10-05T23:01:25","slug":"doria-cita-dado-impossivel-de-provar-sobre-empresas-fechadas-em-governo-do-pt","status":"publish","type":"post","link":"https:\/\/eleicoes.apublica.org\/2018\/2018\/10\/doria-cita-dado-impossivel-de-provar-sobre-empresas-fechadas-em-governo-do-pt\/","title":{"rendered":"Doria cita dado imposs\u00edvel de provar sobre empresas fechadas em governo do PT"},"content":{"rendered":"<p><strong>&#8220;[O PT proporcionou o fechamento de] mais de 30 mil empresas de m\u00e9dio e grande porte (&#8230;) no Brasil.&#8221; \u2013 Jo\u00e3o Doria (PSDB), <a href=\"http:\/\/tv.r7.com\/record-tv\/videos\/assista-na-integra-ao-debate-com-os-candidatos-ao-governo-do-sao-paulo-o-voto-na-record-2018-29092018\">no debate da Rede Record<\/a>.<\/strong><\/p>\n<p>No debate promovido pela Rede Record, o pen\u00faltimo com os candidatos ao governo antes do primeiro turno, Jo\u00e3o Doria (PSDB) fez cr\u00edticas ao PT. De acordo com o pol\u00edtico, o partido foi respons\u00e1vel pelo fechamento de mais de 30 mil empresas de m\u00e9dio e grande porte no pa\u00eds. O <strong><a href=\"https:\/\/truco2018.apublica.org\/\">Truco nos Estados<\/a> <\/strong>\u2013 projeto de checagem de fatos da <strong><a href=\"https:\/\/apublica.org\/\">Ag\u00eancia P\u00fablica<\/a><\/strong> \u2013 verificou o dado e concluiu que \u00e9 imposs\u00edvel de ser provado.<\/p>\n<p>A assessoria de imprensa do tucano indicou duas reportagens como fontes da declara\u00e7\u00e3o: <a href=\"https:\/\/www.correiobraziliense.com.br\/app\/noticia\/economia\/2015\/08\/10\/internas_economia,493952\/no-primeiro-semestre-191-mil-empresas-deixaram-de-funcionar-no-pais.shtml\">uma do <em>Correio Braziliense<\/em><\/a><em>,<\/em> publicada em agosto de 2015, na qual consta que 191 mil empresas fecharam no Brasil durante o primeiro semestre daquele ano; e <a href=\"https:\/\/g1.globo.com\/economia\/noticia\/em-tres-anos-3416-mil-empresas-foram-fechadas-no-brasil-aponta-ibge.ghtml\">outra do portal G1<\/a>, divulgada em junho, segundo a qual 341,6 mil empresas finalizaram suas atividades no pa\u00eds de 2013 a 2016. Nenhuma das duas, entretanto, traz exatamente a informa\u00e7\u00e3o mencionada por Doria, com o recorte espec\u00edfico de m\u00e9dias e grandes empresas \u2013 apresentam somente o total de empresas encerradas em um determinado intervalo de tempo.<\/p>\n<p>No primeiro texto, os dados citados s\u00e3o atribu\u00eddos \u00e0 Secretaria da Micro e Pequena Empresa, vinculada ao Minist\u00e9rio da Ind\u00fastria, Com\u00e9rcio Exterior e Servi\u00e7os. O <strong>Truco<\/strong> pediu \u00e0 pasta n\u00fameros relativos aos anos em que Dilma Rousseff ocupou a Presid\u00eancia, de 2011 a 2015 \u2013 2016 foi desconsiderado porque, a partir de maio, Michel Temer passou a comandar o pa\u00eds. A decis\u00e3o de tomar como base os mandatos da petista se deve ao fato de que ambas as mat\u00e9rias enviadas pela equipe de Doria se referem a esse per\u00edodo \u2013 nenhuma alude aos anos de mandato de Luiz In\u00e1cio Lula da Silva.<\/p>\n<p>Contatado, o Minist\u00e9rio da Ind\u00fastria informou que sua base de dados n\u00e3o est\u00e1 mais acess\u00edvel devido a problemas t\u00e9cnicos e recomendou consulta ao DataSebrae, mantido pelo Servi\u00e7o Brasileiro de Apoio \u00e0s Micro e Pequenas Empresas (Sebrae). A entidade, no entanto, s\u00f3 disponibiliza indicadores relativos a micro e pequenas empresas, que s\u00e3o seu foco de atua\u00e7\u00e3o.<\/p>\n<p>O <strong>Truco,<\/strong> ent\u00e3o, procurou o Instituto Brasileiro de Geografia e Estat\u00edstica (IBGE), que tamb\u00e9m divulga n\u00fameros sobre empresas brasileiras do segmento formal. O \u00f3rg\u00e3o fornece a quantidade de companhias que deixaram de existir por ano segundo tr\u00eas faixas de pessoal ocupado: zero funcion\u00e1rios, de 1 a 9 funcion\u00e1rios e de 10 funcion\u00e1rios ou mais. Essa classifica\u00e7\u00e3o, no entanto, n\u00e3o corresponde \u00e0 utilizada pelo Sebrae e reiterada pelo IBGE.<\/p>\n<p>Conforme essa metodologia, para os setores de extrativismo mineral, ind\u00fastria e transforma\u00e7\u00e3o e constru\u00e7\u00e3o, m\u00e9dias empresas s\u00e3o aquelas que t\u00eam de 100 a 499 empregados; e grandes, as que possuem 500 ou mais. J\u00e1 para os setores de agropecu\u00e1ria, servi\u00e7os industriais de utilidade p\u00fablica (SIUP) e com\u00e9rcio e servi\u00e7os, s\u00e3o consideradas m\u00e9dias as empresas que empregam de 50 a 99 pessoas, e grandes as com 100 trabalhadores ou mais. Portanto, a partir dos dados existentes sobre a quest\u00e3o, \u00e9 imposs\u00edvel saber o n\u00famero exato de empresas de m\u00e9dio e grande porte cuja atividade foi encerrada durante a administra\u00e7\u00e3o de Dilma Rousseff.<\/p>\n<p>Comunicada sobre o resultado da checagem, a assessoria de imprensa de Doria n\u00e3o enviou contesta\u00e7\u00e3o no prazo estabelecido.<\/p>\n","protected":false},"excerpt":{"rendered":"<p>Candidato tucano fez refer\u00eancia \u00e0s m\u00e9dias e grandes empresas, por\u00e9m n\u00fameros dispon\u00edveis n\u00e3o usam essa classifica\u00e7\u00e3o<\/p>\n","protected":false},"author":32,"featured_media":3419,"comment_status":"closed","ping_status":"open","sticky":false,"template":"","format":"standard","meta":{"_acf_changed":false,"_jetpack_memberships_contains_paid_content":false,"footnotes":""},"categories":[1],"tags":[54,33,51],"coauthors":[135,137],"class_list":["post-3424","post","type-post","status-publish","format-standard","has-post-thumbnail","hentry","category-sem-categoria","tag-crise-economica","tag-economia","tag-empresas"],"acf":{"truco":{"value":"impossivel_provar","label":"Imposs\u00edvel provar"},"resumido":"\"O PT proporcionou o fechamento de mais de 30 mil empresas de m\u00e9dio e grande porte no Brasil.\" ","descricao":"Jo\u00e3o Doria (PSDB), candidato a governador de S\u00e3o Paulo, afirmou, no debate da Rede Record, que o PT proporcionou o fechamento de mais de 30 mil empresas de m\u00e9dio e grande porte no Brasil.","autor":"Jo\u00e3o Doria (PSDB), candidato a governador de S\u00e3o Paulo","candidato":{"ID":187,"post_author":"1","post_date":"2018-07-30 18:46:18","post_date_gmt":"2018-07-30 21:46:18","post_content":"Tem 60 anos e \u00e9 jornalista, publicit\u00e1rio, empres\u00e1rio e ex-prefeito de S\u00e3o Paulo. Ganhou notoriedade p\u00fablica na televis\u00e3o, onde trabalhou por quase tr\u00eas d\u00e9cadas com programas de entrevistas. Apresentou o reality show <em>O Aprendiz<\/em>, na TV Record, em 2010 e 2011. \u00c9 presidente licenciado do Grupo Doria, composto pelo Lide (L\u00edderes Empresariais), Doria Eventos, Doria Editora, pelos programas de TV Show Business, Face a Face, TV Lide e pelo Campos do Jord\u00e3o Convention Center. Em 2018, com pouco mais de um ano de mandato, deixou o cargo de prefeito de S\u00e3o Paulo para concorrer \u00e0s elei\u00e7\u00f5es para o governo do estado. Em pesquisa do Instituto Datafolha, sua gest\u00e3o na prefeitura da capital paulista foi reprovada por 47% dos entrevistados, aprovada por 18% e classificada como regular por 34%. \u00c9 r\u00e9u em duas a\u00e7\u00f5es por irregularidades cometidas durante sua gest\u00e3o, movidas pelo Minist\u00e9rio P\u00fablico de S\u00e3o Paulo.","post_title":"Jo\u00e3o Doria","post_excerpt":"","post_status":"publish","comment_status":"closed","ping_status":"closed","post_password":"","post_name":"joao-doria","to_ping":"","pinged":"","post_modified":"2018-08-13 11:45:27","post_modified_gmt":"2018-08-13 14:45:27","post_content_filtered":"","post_parent":0,"guid":"https:\/\/apublica.org\/truco2018\/?post_type=candidato&#038;p=187","menu_order":0,"post_type":"candidato","post_mime_type":"","comment_count":"0","filter":"raw"},"estado":{"term_id":15,"name":"S\u00e3o Paulo","slug":"sao-paulo","term_group":0,"term_taxonomy_id":15,"taxonomy":"estado","description":"","parent":0,"count":13,"filter":"raw"},"pizza":"[]"},"yoast_head":"<!-- This site is optimized with the Yoast SEO plugin v27.5 - https:\/\/yoast.com\/product\/yoast-seo-wordpress\/ -->\n<title>Doria cita dado imposs\u00edvel de provar sobre empresas fechadas em governo do PT - Truco2018<\/title>\n<meta name=\"robots\" content=\"index, follow, max-snippet:-1, max-image-preview:large, max-video-preview:-1\" \/>\n<link rel=\"canonical\" href=\"https:\/\/eleicoes.apublica.org\/2018\/2018\/10\/doria-cita-dado-impossivel-de-provar-sobre-empresas-fechadas-em-governo-do-pt\/\" \/>\n<meta property=\"og:locale\" content=\"pt_BR\" \/>\n<meta property=\"og:type\" content=\"article\" \/>\n<meta property=\"og:title\" content=\"Doria cita dado imposs\u00edvel de provar sobre empresas fechadas em governo do PT - Truco2018\" \/>\n<meta property=\"og:description\" content=\"Candidato tucano fez refer\u00eancia \u00e0s m\u00e9dias e grandes empresas, por\u00e9m n\u00fameros dispon\u00edveis n\u00e3o usam essa classifica\u00e7\u00e3o\" \/>\n<meta property=\"og:url\" content=\"https:\/\/eleicoes.apublica.org\/2018\/2018\/10\/doria-cita-dado-impossivel-de-provar-sobre-empresas-fechadas-em-governo-do-pt\/\" \/>\n<meta property=\"og:site_name\" content=\"Truco2018\" \/>\n<meta property=\"article:published_time\" content=\"2018-10-05T22:50:59+00:00\" \/>\n<meta property=\"article:modified_time\" content=\"2018-10-05T23:01:25+00:00\" \/>\n<meta property=\"og:image\" content=\"https:\/\/i0.wp.com\/eleicoes.apublica.org\/2018\/wp-content\/uploads\/2018\/10\/joao-doria-1.jpg?fit=1140%2C760&ssl=1\" \/>\n\t<meta property=\"og:image:width\" content=\"1140\" \/>\n\t<meta property=\"og:image:height\" content=\"760\" \/>\n\t<meta property=\"og:image:type\" content=\"image\/jpeg\" \/>\n<meta name=\"author\" content=\"Anna Beatriz Anjos, Jessica Mota\" \/>\n<meta name=\"twitter:card\" content=\"summary_large_image\" \/>\n<meta name=\"twitter:label1\" content=\"Escrito por\" \/>\n\t<meta name=\"twitter:data1\" content=\"Anna Beatriz Anjos\" \/>\n\t<meta name=\"twitter:label2\" content=\"Est. tempo de leitura\" \/>\n\t<meta name=\"twitter:data2\" content=\"3 minutos\" \/>\n\t<meta name=\"twitter:label3\" content=\"Written by\" \/>\n\t<meta name=\"twitter:data3\" content=\"Anna Beatriz Anjos, Jessica Mota\" \/>\n<script type=\"application\/ld+json\" class=\"yoast-schema-graph\">{\"@context\":\"https:\\\/\\\/schema.org\",\"@graph\":[{\"@type\":\"Article\",\"@id\":\"https:\\\/\\\/eleicoes.apublica.org\\\/2018\\\/2018\\\/10\\\/doria-cita-dado-impossivel-de-provar-sobre-empresas-fechadas-em-governo-do-pt\\\/#article\",\"isPartOf\":{\"@id\":\"https:\\\/\\\/eleicoes.apublica.org\\\/2018\\\/2018\\\/10\\\/doria-cita-dado-impossivel-de-provar-sobre-empresas-fechadas-em-governo-do-pt\\\/\"},\"author\":{\"name\":\"Anna Beatriz Anjos\",\"@id\":\"https:\\\/\\\/eleicoes.apublica.org\\\/2018\\\/#\\\/schema\\\/person\\\/9ce1e2b7089a235ec6cf7a13c26e1e5b\"},\"headline\":\"Doria cita dado imposs\u00edvel de provar sobre empresas fechadas em governo do PT\",\"datePublished\":\"2018-10-05T22:50:59+00:00\",\"dateModified\":\"2018-10-05T23:01:25+00:00\",\"mainEntityOfPage\":{\"@id\":\"https:\\\/\\\/eleicoes.apublica.org\\\/2018\\\/2018\\\/10\\\/doria-cita-dado-impossivel-de-provar-sobre-empresas-fechadas-em-governo-do-pt\\\/\"},\"wordCount\":592,\"image\":{\"@id\":\"https:\\\/\\\/eleicoes.apublica.org\\\/2018\\\/2018\\\/10\\\/doria-cita-dado-impossivel-de-provar-sobre-empresas-fechadas-em-governo-do-pt\\\/#primaryimage\"},\"thumbnailUrl\":\"https:\\\/\\\/i0.wp.com\\\/eleicoes.apublica.org\\\/2018\\\/wp-content\\\/uploads\\\/2018\\\/10\\\/joao-doria-1.jpg?fit=1140%2C760&ssl=1\",\"keywords\":[\"Crise econ\u00f4mica\",\"Economia\",\"Empresas\"],\"inLanguage\":\"pt-BR\"},{\"@type\":\"WebPage\",\"@id\":\"https:\\\/\\\/eleicoes.apublica.org\\\/2018\\\/2018\\\/10\\\/doria-cita-dado-impossivel-de-provar-sobre-empresas-fechadas-em-governo-do-pt\\\/\",\"url\":\"https:\\\/\\\/eleicoes.apublica.org\\\/2018\\\/2018\\\/10\\\/doria-cita-dado-impossivel-de-provar-sobre-empresas-fechadas-em-governo-do-pt\\\/\",\"name\":\"Doria cita dado imposs\u00edvel de provar sobre empresas fechadas em governo do PT - Truco2018\",\"isPartOf\":{\"@id\":\"https:\\\/\\\/eleicoes.apublica.org\\\/2018\\\/#website\"},\"primaryImageOfPage\":{\"@id\":\"https:\\\/\\\/eleicoes.apublica.org\\\/2018\\\/2018\\\/10\\\/doria-cita-dado-impossivel-de-provar-sobre-empresas-fechadas-em-governo-do-pt\\\/#primaryimage\"},\"image\":{\"@id\":\"https:\\\/\\\/eleicoes.apublica.org\\\/2018\\\/2018\\\/10\\\/doria-cita-dado-impossivel-de-provar-sobre-empresas-fechadas-em-governo-do-pt\\\/#primaryimage\"},\"thumbnailUrl\":\"https:\\\/\\\/i0.wp.com\\\/eleicoes.apublica.org\\\/2018\\\/wp-content\\\/uploads\\\/2018\\\/10\\\/joao-doria-1.jpg?fit=1140%2C760&ssl=1\",\"datePublished\":\"2018-10-05T22:50:59+00:00\",\"dateModified\":\"2018-10-05T23:01:25+00:00\",\"author\":{\"@id\":\"https:\\\/\\\/eleicoes.apublica.org\\\/2018\\\/#\\\/schema\\\/person\\\/9ce1e2b7089a235ec6cf7a13c26e1e5b\"},\"breadcrumb\":{\"@id\":\"https:\\\/\\\/eleicoes.apublica.org\\\/2018\\\/2018\\\/10\\\/doria-cita-dado-impossivel-de-provar-sobre-empresas-fechadas-em-governo-do-pt\\\/#breadcrumb\"},\"inLanguage\":\"pt-BR\",\"potentialAction\":[{\"@type\":\"ReadAction\",\"target\":[\"https:\\\/\\\/eleicoes.apublica.org\\\/2018\\\/2018\\\/10\\\/doria-cita-dado-impossivel-de-provar-sobre-empresas-fechadas-em-governo-do-pt\\\/\"]}]},{\"@type\":\"ImageObject\",\"inLanguage\":\"pt-BR\",\"@id\":\"https:\\\/\\\/eleicoes.apublica.org\\\/2018\\\/2018\\\/10\\\/doria-cita-dado-impossivel-de-provar-sobre-empresas-fechadas-em-governo-do-pt\\\/#primaryimage\",\"url\":\"https:\\\/\\\/i0.wp.com\\\/eleicoes.apublica.org\\\/2018\\\/wp-content\\\/uploads\\\/2018\\\/10\\\/joao-doria-1.jpg?fit=1140%2C760&ssl=1\",\"contentUrl\":\"https:\\\/\\\/i0.wp.com\\\/eleicoes.apublica.org\\\/2018\\\/wp-content\\\/uploads\\\/2018\\\/10\\\/joao-doria-1.jpg?fit=1140%2C760&ssl=1\",\"width\":1140,\"height\":760,\"caption\":\"S\u00e3o Paulo - O prefeito de S\u00e3o Paulo, Jo\u00e3o Doria, reinaugura os Arcos da Rua Jandaia, popularmente conhecidos como Arcos do J\u00e2nio, restaurados e sem grafites.(Rovena Rosa\\\/Ag\u00eancia Brasil)\"},{\"@type\":\"BreadcrumbList\",\"@id\":\"https:\\\/\\\/eleicoes.apublica.org\\\/2018\\\/2018\\\/10\\\/doria-cita-dado-impossivel-de-provar-sobre-empresas-fechadas-em-governo-do-pt\\\/#breadcrumb\",\"itemListElement\":[{\"@type\":\"ListItem\",\"position\":1,\"name\":\"In\u00edcio\",\"item\":\"https:\\\/\\\/eleicoes.apublica.org\\\/2018\\\/\"},{\"@type\":\"ListItem\",\"position\":2,\"name\":\"Doria cita dado imposs\u00edvel de provar sobre empresas fechadas em governo do PT\"}]},{\"@type\":\"WebSite\",\"@id\":\"https:\\\/\\\/eleicoes.apublica.org\\\/2018\\\/#website\",\"url\":\"https:\\\/\\\/eleicoes.apublica.org\\\/2018\\\/\",\"name\":\"Truco2018\",\"description\":\"Truco nos estados - Checamos as declara\u00e7\u00f5es de candidatos e boatos que circulam sobre as elei\u00e7\u00f5es para o governo de Minas, Cear\u00e1, S\u00e3o Paulo, Rio Grande do Sul, Par\u00e1, Paran\u00e1, Pernambuco.\",\"potentialAction\":[{\"@type\":\"SearchAction\",\"target\":{\"@type\":\"EntryPoint\",\"urlTemplate\":\"https:\\\/\\\/eleicoes.apublica.org\\\/2018\\\/?s={search_term_string}\"},\"query-input\":{\"@type\":\"PropertyValueSpecification\",\"valueRequired\":true,\"valueName\":\"search_term_string\"}}],\"inLanguage\":\"pt-BR\"},{\"@type\":\"Person\",\"@id\":\"https:\\\/\\\/eleicoes.apublica.org\\\/2018\\\/#\\\/schema\\\/person\\\/9ce1e2b7089a235ec6cf7a13c26e1e5b\",\"name\":\"Anna Beatriz Anjos\",\"image\":{\"@type\":\"ImageObject\",\"inLanguage\":\"pt-BR\",\"@id\":\"https:\\\/\\\/secure.gravatar.com\\\/avatar\\\/d12a9ce106ab98612dc1c7448e8c5442e27a67d25c3e858ceb301751e50dbcb5?s=96&d=mm&r=geef69aab31ed9783e37b52eded55a26b\",\"url\":\"https:\\\/\\\/secure.gravatar.com\\\/avatar\\\/d12a9ce106ab98612dc1c7448e8c5442e27a67d25c3e858ceb301751e50dbcb5?s=96&d=mm&r=g\",\"contentUrl\":\"https:\\\/\\\/secure.gravatar.com\\\/avatar\\\/d12a9ce106ab98612dc1c7448e8c5442e27a67d25c3e858ceb301751e50dbcb5?s=96&d=mm&r=g\",\"caption\":\"Anna Beatriz Anjos\"},\"description\":\"Jornalista\u00a0formada pela Faculdade C\u00e1sper L\u00edbero e p\u00f3s-graduanda em Estudos Brasileiros pela Funda\u00e7\u00e3o Escola de Sociologia e Pol\u00edtica de S\u00e3o Paulo (FESPSP). Em 2015, ganhou o Premio Roche de Periodismo en Salud com a reportagem Dor em Dobro, sobre o servi\u00e7o de aborto legal na rede p\u00fablica de sa\u00fade do Brasil. Em 2014, a mesma mat\u00e9ria foi vencedora do Pr\u00eamio SINDHRio de Jornalismo &amp; Sa\u00fade. Atualmente, trabalha como rep\u00f3rter na Ag\u00eancia P\u00fablica.\",\"url\":\"https:\\\/\\\/eleicoes.apublica.org\\\/2018\\\/author\\\/anna-beatriz-anjos\\\/\"}]}<\/script>\n<!-- \/ Yoast SEO plugin. -->","yoast_head_json":{"title":"Doria cita dado imposs\u00edvel de provar sobre empresas fechadas em governo do PT - Truco2018","robots":{"index":"index","follow":"follow","max-snippet":"max-snippet:-1","max-image-preview":"max-image-preview:large","max-video-preview":"max-video-preview:-1"},"canonical":"https:\/\/eleicoes.apublica.org\/2018\/2018\/10\/doria-cita-dado-impossivel-de-provar-sobre-empresas-fechadas-em-governo-do-pt\/","og_locale":"pt_BR","og_type":"article","og_title":"Doria cita dado imposs\u00edvel de provar sobre empresas fechadas em governo do PT - Truco2018","og_description":"Candidato tucano fez refer\u00eancia \u00e0s m\u00e9dias e grandes empresas, por\u00e9m n\u00fameros dispon\u00edveis n\u00e3o usam essa classifica\u00e7\u00e3o","og_url":"https:\/\/eleicoes.apublica.org\/2018\/2018\/10\/doria-cita-dado-impossivel-de-provar-sobre-empresas-fechadas-em-governo-do-pt\/","og_site_name":"Truco2018","article_published_time":"2018-10-05T22:50:59+00:00","article_modified_time":"2018-10-05T23:01:25+00:00","og_image":[{"width":1140,"height":760,"url":"https:\/\/i0.wp.com\/eleicoes.apublica.org\/2018\/wp-content\/uploads\/2018\/10\/joao-doria-1.jpg?fit=1140%2C760&ssl=1","type":"image\/jpeg"}],"author":"Anna Beatriz Anjos, Jessica Mota","twitter_card":"summary_large_image","twitter_misc":{"Escrito por":"Anna Beatriz Anjos","Est. tempo de leitura":"3 minutos","Written by":"Anna Beatriz Anjos, Jessica Mota"},"schema":{"@context":"https:\/\/schema.org","@graph":[{"@type":"Article","@id":"https:\/\/eleicoes.apublica.org\/2018\/2018\/10\/doria-cita-dado-impossivel-de-provar-sobre-empresas-fechadas-em-governo-do-pt\/#article","isPartOf":{"@id":"https:\/\/eleicoes.apublica.org\/2018\/2018\/10\/doria-cita-dado-impossivel-de-provar-sobre-empresas-fechadas-em-governo-do-pt\/"},"author":{"name":"Anna Beatriz Anjos","@id":"https:\/\/eleicoes.apublica.org\/2018\/#\/schema\/person\/9ce1e2b7089a235ec6cf7a13c26e1e5b"},"headline":"Doria cita dado imposs\u00edvel de provar sobre empresas fechadas em governo do PT","datePublished":"2018-10-05T22:50:59+00:00","dateModified":"2018-10-05T23:01:25+00:00","mainEntityOfPage":{"@id":"https:\/\/eleicoes.apublica.org\/2018\/2018\/10\/doria-cita-dado-impossivel-de-provar-sobre-empresas-fechadas-em-governo-do-pt\/"},"wordCount":592,"image":{"@id":"https:\/\/eleicoes.apublica.org\/2018\/2018\/10\/doria-cita-dado-impossivel-de-provar-sobre-empresas-fechadas-em-governo-do-pt\/#primaryimage"},"thumbnailUrl":"https:\/\/i0.wp.com\/eleicoes.apublica.org\/2018\/wp-content\/uploads\/2018\/10\/joao-doria-1.jpg?fit=1140%2C760&ssl=1","keywords":["Crise econ\u00f4mica","Economia","Empresas"],"inLanguage":"pt-BR"},{"@type":"WebPage","@id":"https:\/\/eleicoes.apublica.org\/2018\/2018\/10\/doria-cita-dado-impossivel-de-provar-sobre-empresas-fechadas-em-governo-do-pt\/","url":"https:\/\/eleicoes.apublica.org\/2018\/2018\/10\/doria-cita-dado-impossivel-de-provar-sobre-empresas-fechadas-em-governo-do-pt\/","name":"Doria cita dado imposs\u00edvel de provar sobre empresas fechadas em governo do PT - Truco2018","isPartOf":{"@id":"https:\/\/eleicoes.apublica.org\/2018\/#website"},"primaryImageOfPage":{"@id":"https:\/\/eleicoes.apublica.org\/2018\/2018\/10\/doria-cita-dado-impossivel-de-provar-sobre-empresas-fechadas-em-governo-do-pt\/#primaryimage"},"image":{"@id":"https:\/\/eleicoes.apublica.org\/2018\/2018\/10\/doria-cita-dado-impossivel-de-provar-sobre-empresas-fechadas-em-governo-do-pt\/#primaryimage"},"thumbnailUrl":"https:\/\/i0.wp.com\/eleicoes.apublica.org\/2018\/wp-content\/uploads\/2018\/10\/joao-doria-1.jpg?fit=1140%2C760&ssl=1","datePublished":"2018-10-05T22:50:59+00:00","dateModified":"2018-10-05T23:01:25+00:00","author":{"@id":"https:\/\/eleicoes.apublica.org\/2018\/#\/schema\/person\/9ce1e2b7089a235ec6cf7a13c26e1e5b"},"breadcrumb":{"@id":"https:\/\/eleicoes.apublica.org\/2018\/2018\/10\/doria-cita-dado-impossivel-de-provar-sobre-empresas-fechadas-em-governo-do-pt\/#breadcrumb"},"inLanguage":"pt-BR","potentialAction":[{"@type":"ReadAction","target":["https:\/\/eleicoes.apublica.org\/2018\/2018\/10\/doria-cita-dado-impossivel-de-provar-sobre-empresas-fechadas-em-governo-do-pt\/"]}]},{"@type":"ImageObject","inLanguage":"pt-BR","@id":"https:\/\/eleicoes.apublica.org\/2018\/2018\/10\/doria-cita-dado-impossivel-de-provar-sobre-empresas-fechadas-em-governo-do-pt\/#primaryimage","url":"https:\/\/i0.wp.com\/eleicoes.apublica.org\/2018\/wp-content\/uploads\/2018\/10\/joao-doria-1.jpg?fit=1140%2C760&ssl=1","contentUrl":"https:\/\/i0.wp.com\/eleicoes.apublica.org\/2018\/wp-content\/uploads\/2018\/10\/joao-doria-1.jpg?fit=1140%2C760&ssl=1","width":1140,"height":760,"caption":"S\u00e3o Paulo - O prefeito de S\u00e3o Paulo, Jo\u00e3o Doria, reinaugura os Arcos da Rua Jandaia, popularmente conhecidos como Arcos do J\u00e2nio, restaurados e sem grafites.(Rovena Rosa\/Ag\u00eancia Brasil)"},{"@type":"BreadcrumbList","@id":"https:\/\/eleicoes.apublica.org\/2018\/2018\/10\/doria-cita-dado-impossivel-de-provar-sobre-empresas-fechadas-em-governo-do-pt\/#breadcrumb","itemListElement":[{"@type":"ListItem","position":1,"name":"In\u00edcio","item":"https:\/\/eleicoes.apublica.org\/2018\/"},{"@type":"ListItem","position":2,"name":"Doria cita dado imposs\u00edvel de provar sobre empresas fechadas em governo do PT"}]},{"@type":"WebSite","@id":"https:\/\/eleicoes.apublica.org\/2018\/#website","url":"https:\/\/eleicoes.apublica.org\/2018\/","name":"Truco2018","description":"Truco nos estados - Checamos as declara\u00e7\u00f5es de candidatos e boatos que circulam sobre as elei\u00e7\u00f5es para o governo de Minas, Cear\u00e1, S\u00e3o Paulo, Rio Grande do Sul, Par\u00e1, Paran\u00e1, Pernambuco.","potentialAction":[{"@type":"SearchAction","target":{"@type":"EntryPoint","urlTemplate":"https:\/\/eleicoes.apublica.org\/2018\/?s={search_term_string}"},"query-input":{"@type":"PropertyValueSpecification","valueRequired":true,"valueName":"search_term_string"}}],"inLanguage":"pt-BR"},{"@type":"Person","@id":"https:\/\/eleicoes.apublica.org\/2018\/#\/schema\/person\/9ce1e2b7089a235ec6cf7a13c26e1e5b","name":"Anna Beatriz Anjos","image":{"@type":"ImageObject","inLanguage":"pt-BR","@id":"https:\/\/secure.gravatar.com\/avatar\/d12a9ce106ab98612dc1c7448e8c5442e27a67d25c3e858ceb301751e50dbcb5?s=96&d=mm&r=geef69aab31ed9783e37b52eded55a26b","url":"https:\/\/secure.gravatar.com\/avatar\/d12a9ce106ab98612dc1c7448e8c5442e27a67d25c3e858ceb301751e50dbcb5?s=96&d=mm&r=g","contentUrl":"https:\/\/secure.gravatar.com\/avatar\/d12a9ce106ab98612dc1c7448e8c5442e27a67d25c3e858ceb301751e50dbcb5?s=96&d=mm&r=g","caption":"Anna Beatriz Anjos"},"description":"Jornalista\u00a0formada pela Faculdade C\u00e1sper L\u00edbero e p\u00f3s-graduanda em Estudos Brasileiros pela Funda\u00e7\u00e3o Escola de Sociologia e Pol\u00edtica de S\u00e3o Paulo (FESPSP). Em 2015, ganhou o Premio Roche de Periodismo en Salud com a reportagem Dor em Dobro, sobre o servi\u00e7o de aborto legal na rede p\u00fablica de sa\u00fade do Brasil. Em 2014, a mesma mat\u00e9ria foi vencedora do Pr\u00eamio SINDHRio de Jornalismo &amp; Sa\u00fade. Atualmente, trabalha como rep\u00f3rter na Ag\u00eancia P\u00fablica.","url":"https:\/\/eleicoes.apublica.org\/2018\/author\/anna-beatriz-anjos\/"}]}},"jetpack_featured_media_url":"https:\/\/i0.wp.com\/eleicoes.apublica.org\/2018\/wp-content\/uploads\/2018\/10\/joao-doria-1.jpg?fit=1140%2C760&ssl=1","jetpack_shortlink":"https:\/\/wp.me\/pbyYl8-Te","jetpack_sharing_enabled":true,"_links":{"self":[{"href":"https:\/\/eleicoes.apublica.org\/2018\/wp-json\/wp\/v2\/posts\/3424","targetHints":{"allow":["GET"]}}],"collection":[{"href":"https:\/\/eleicoes.apublica.org\/2018\/wp-json\/wp\/v2\/posts"}],"about":[{"href":"https:\/\/eleicoes.apublica.org\/2018\/wp-json\/wp\/v2\/types\/post"}],"author":[{"embeddable":true,"href":"https:\/\/eleicoes.apublica.org\/2018\/wp-json\/wp\/v2\/users\/32"}],"replies":[{"embeddable":true,"href":"https:\/\/eleicoes.apublica.org\/2018\/wp-json\/wp\/v2\/comments?post=3424"}],"version-history":[{"count":3,"href":"https:\/\/eleicoes.apublica.org\/2018\/wp-json\/wp\/v2\/posts\/3424\/revisions"}],"predecessor-version":[{"id":3430,"href":"https:\/\/eleicoes.apublica.org\/2018\/wp-json\/wp\/v2\/posts\/3424\/revisions\/3430"}],"wp:featuredmedia":[{"embeddable":true,"href":"https:\/\/eleicoes.apublica.org\/2018\/wp-json\/wp\/v2\/media\/3419"}],"wp:attachment":[{"href":"https:\/\/eleicoes.apublica.org\/2018\/wp-json\/wp\/v2\/media?parent=3424"}],"wp:term":[{"taxonomy":"category","embeddable":true,"href":"https:\/\/eleicoes.apublica.org\/2018\/wp-json\/wp\/v2\/categories?post=3424"},{"taxonomy":"post_tag","embeddable":true,"href":"https:\/\/eleicoes.apublica.org\/2018\/wp-json\/wp\/v2\/tags?post=3424"},{"taxonomy":"author","embeddable":true,"href":"https:\/\/eleicoes.apublica.org\/2018\/wp-json\/wp\/v2\/coauthors?post=3424"}],"curies":[{"name":"wp","href":"https:\/\/api.w.org\/{rel}","templated":true}]}}