{"id":3481,"date":"2018-10-15T17:29:43","date_gmt":"2018-10-15T20:29:43","guid":{"rendered":"https:\/\/truco2018.apublica.org\/?p=3481"},"modified":"2018-10-16T12:11:33","modified_gmt":"2018-10-16T15:11:33","slug":"marcio-franca-subestima-numero-de-presos-de-sp-em-1998","status":"publish","type":"post","link":"https:\/\/eleicoes.apublica.org\/2018\/2018\/10\/marcio-franca-subestima-numero-de-presos-de-sp-em-1998\/","title":{"rendered":"M\u00e1rcio Fran\u00e7a subestima n\u00famero de presos de SP em 1998"},"content":{"rendered":"<p><b>\u201cS\u00e3o Paulo tinha at\u00e9 20 anos atr\u00e1s 40 mil presos.\u201d \u2013 M\u00e1rcio Fran\u00e7a (PSB), <\/b><a href=\"https:\/\/noticias.uol.com.br\/politica\/eleicoes\/2018\/noticias\/2018\/10\/08\/marcio-franca-gostaria-de-agradecer-marketing-joao-doria.htm\"><b>em entrevista ao UOL<\/b><\/a><b>. <\/b><\/p>\n<p><span style=\"font-weight: 400;\">O atual governador de S\u00e3o Paulo e candidato \u00e0 reelei\u00e7\u00e3o pelo Partido Socialista Brasileiro (PSB), M\u00e1rcio Fran\u00e7a, afirmou em <\/span><a href=\"https:\/\/noticias.uol.com.br\/politica\/eleicoes\/2018\/noticias\/2018\/10\/08\/marcio-franca-gostaria-de-agradecer-marketing-joao-doria.htm\"><span style=\"font-weight: 400;\">entrevista ao UOL<\/span><\/a><span style=\"font-weight: 400;\"> que h\u00e1 20 anos a popula\u00e7\u00e3o carcer\u00e1ria paulista era de 40 mil presos. <\/span><span style=\"font-weight: 400;\">O <\/span><a href=\"https:\/\/truco2018.apublica.org\/\"><b>Truco nos Estados<\/b><\/a><span style=\"font-weight: 400;\"> \u2013 projeto de checagem de informa\u00e7\u00f5es da <\/span><a href=\"http:\/\/apublica.org\"><b>Ag\u00eancia P\u00fablica<\/b><\/a><span style=\"font-weight: 400;\"> \u2013 verificou a afirma\u00e7\u00e3o do candidato e classificou a frase como subestimada. O pol\u00edtico desconsiderou o n\u00famero de encarcerados administrados pela Secretaria de Seguran\u00e7a P\u00fablica (SSP) do estado de S\u00e3o Paulo no per\u00edodo citado.<\/span><\/p>\n<p><span style=\"font-weight: 400;\">A assessoria de imprensa de Fran\u00e7a indicou como fonte da afirma\u00e7\u00e3o um <\/span><a href=\"http:\/\/www.sap.sp.gov.br\/download_files\/pdf_files\/copen\/edicao-01\/20%20-%20Artigo%20D.N.%20-%20Sistema%20Prisional%20Paulista%20Transformacoes%20e%20Perspectivas.pdf\"><span style=\"font-weight: 400;\">artigo de 2011 da Revista de Criminologia e Ci\u00eancias Penitenci\u00e1rias<\/span><\/a><span style=\"font-weight: 400;\"> sobre o sistema prisional paulista. A publica\u00e7\u00e3o analisa a situa\u00e7\u00e3o da popula\u00e7\u00e3o carcer\u00e1ria do estado de S\u00e3o Paulo no per\u00edodo de 1994 a 2010. H\u00e1 20 anos, segundo os dados fornecidos pela Secretaria de Administra\u00e7\u00e3o Penitenci\u00e1ria (SAP) \u00e0 reportagem, a pasta registrava 42.134 encarcerados \u2013 valor pr\u00f3ximo ao mencionado por Fran\u00e7a.<\/span><\/p>\n<p><span style=\"font-weight: 400;\">Contudo, o n\u00famero n\u00e3o corresponde ao total de presos no estado de S\u00e3o Paulo naquela \u00e9poca. Isso porque contabiliza somente o n\u00famero de presos sob cust\u00f3dia da SAP, excluindo os dados da SSP. Na \u00e9poca mencionada por Fran\u00e7a, o n\u00famero de presos dos estabelecimentos administrados pela SSP, como carceragens de distritos policiais, era de 31.481 pessoas. Com isso, o total de presos no estado de S\u00e3o Paulo chegava a 73.615 h\u00e1 20 anos, e n\u00e3o a 40 mil, como declarado pelo candidato.<\/span><\/p>\n<p><span style=\"font-weight: 400;\">Os Centros de Deten\u00e7\u00e3o Provis\u00f3ria (CDPs), estabelecimentos subordinados \u00e0 SAP, foram concebidos para substituir as Cadeias P\u00fablicas da SSP. Por isso, conforme explicado no artigo encaminhado ao <\/span><b>Truco<\/b><span style=\"font-weight: 400;\"> pela campanha de M\u00e1rcio Fran\u00e7a, foi observado crescimento na popula\u00e7\u00e3o carcer\u00e1ria da SAP e, em contrapartida, diminui\u00e7\u00e3o do n\u00famero de presos nas cadeias da SSP.<\/span><\/p>\n<p><span style=\"font-weight: 400;\">Ainda na mesma entrevista, M\u00e1rcio Fran\u00e7a disse que atualmente o estado possui 230 mil presos. De acordo com a SAP, no final de 2017 a pasta registrou 225.874 presos e a SSP, 1.537. Ou seja, 227.411 pessoas estavam presas em S\u00e3o Paulo no ano passado \u2013 n\u00famero pr\u00f3ximo ao citado por Fran\u00e7a.<\/span><\/p>\n<p>A assessoria de imprensa do candidato foi comunicada sobre o selo, mas n\u00e3o respondeu no prazo determinado.\u00a0Ap\u00f3s a publica\u00e7\u00e3o, a equipe de comunica\u00e7\u00e3o enviou a seguinte nota, discordando do resultado da checagem: &#8220;Quando fala de presos encarcerados, Fran\u00e7a se refere aos 40 mil que j\u00e1 foram condenados e est\u00e3o, portanto, de fato cumprindo pena. Os dados s\u00e3o Secretaria de Administra\u00e7\u00e3o Penitenci\u00e1ria (SAP). Os outros 73,6 mil, considerados pela P\u00fablica, s\u00e3o pessoas que foram detidas, por\u00e9m ainda aguardam julgamento. Uma popula\u00e7\u00e3o provis\u00f3ria, portanto. S\u00e3o dados diferentes.&#8221;<\/p>\n<p>Entretanto, na entrevista o candidato n\u00e3o cita informa\u00e7\u00f5es espec\u00edficas sobre o n\u00famero de presos condenados, e sim dados gerais sobre a popula\u00e7\u00e3o prisional do estado de S\u00e3o Paulo. Conforme apontado acima pelo Truco, M\u00e1rcio Fran\u00e7a tamb\u00e9m mencionou dados atuais de encarcerados no estado, misturando o n\u00famero de condenados e de presos provis\u00f3rios.<\/p>\n<p><strong>Atualiza\u00e7\u00e3o (16\/10, \u00e0s 12h012):<\/strong>\u00a0<strong>Foi inclu\u00edda a resposta da assessoria de imprensa de M\u00e1rcio Fran\u00e7a.<\/strong><\/p>\n","protected":false},"excerpt":{"rendered":"<p>Ao falar sobre aumento da popula\u00e7\u00e3o carcer\u00e1ria em 20 anos, governador desconsiderou pessoas que estavam detidas em carceragens<\/p>\n","protected":false},"author":33,"featured_media":3479,"comment_status":"closed","ping_status":"open","sticky":false,"template":"","format":"standard","meta":{"_acf_changed":false,"_jetpack_memberships_contains_paid_content":false,"footnotes":""},"categories":[1],"tags":[39,72],"coauthors":[19],"class_list":["post-3481","post","type-post","status-publish","format-standard","has-post-thumbnail","hentry","category-sem-categoria","tag-justica","tag-sistema-prisional"],"acf":{"pizza":"[]","truco":{"value":"subestimado","label":"Subestimado"},"resumido":"\u201cS\u00e3o Paulo tinha at\u00e9 20 anos atr\u00e1s 40 mil presos.\u201d","descricao":"M\u00e1rcio Fran\u00e7a (PSB), em entrevista ao UOL, afirmou que, S\u00e3o Paulo tinha 40 mil presos at\u00e9 20 anos atr\u00e1s.","autor":"M\u00e1rcio Fran\u00e7a (PSB), candidato a governador de S\u00e3o Paulo","candidato":{"ID":185,"post_author":"1","post_date":"2018-07-30 18:45:35","post_date_gmt":"2018-07-30 21:45:35","post_content":"<span style=\"font-weight: 400;\">Atual governador do estado de S\u00e3o Paulo, M\u00e1rcio Fran\u00e7a, de 55 anos, \u00e9 candidato \u00e0 reelei\u00e7\u00e3o pelo PSB, partido no qual iniciou sua carreira pol\u00edtica, em <\/span><span style=\"font-weight: 400;\">1988. <\/span>\r\n\r\n<span style=\"font-weight: 400;\">Natural de S\u00e3o Vicente, na Baixada Santista, formou-se advogado pela Faculdade Cat\u00f3lica de Santos e foi vereador de sua cidade natal antes de se eleger prefeito, em 1997. Depois disso, foi deputado federal e comandou as secretarias de Esporte, Lazer e Turismo e Desenvolvimento nas gest\u00f5es de Geraldo Alckmin (PSDB). Este \u00faltimo cargo foi exercido simultaneamente \u00e0 fun\u00e7\u00e3o de vice-governador, que ocupou de janeiro de 2015 a abril de 2018, quando Alckmin, de quem \u00e9 considerado bra\u00e7o direito, deixou o posto para concorrer \u00e0 Presid\u00eancia da Rep\u00fablica.<\/span>","post_title":"M\u00e1rcio Fran\u00e7a","post_excerpt":"","post_status":"publish","comment_status":"closed","ping_status":"closed","post_password":"","post_name":"marcio-franca","to_ping":"","pinged":"","post_modified":"2018-08-13 11:46:14","post_modified_gmt":"2018-08-13 14:46:14","post_content_filtered":"","post_parent":0,"guid":"https:\/\/apublica.org\/truco2018\/?post_type=candidato&#038;p=185","menu_order":0,"post_type":"candidato","post_mime_type":"","comment_count":"0","filter":"raw"},"estado":{"term_id":15,"name":"S\u00e3o Paulo","slug":"sao-paulo","term_group":0,"term_taxonomy_id":15,"taxonomy":"estado","description":"","parent":0,"count":13,"filter":"raw"}},"yoast_head":"<!-- This site is optimized with the Yoast SEO plugin v27.5 - https:\/\/yoast.com\/product\/yoast-seo-wordpress\/ -->\n<title>M\u00e1rcio Fran\u00e7a subestima n\u00famero de presos de SP em 1998 - Truco2018<\/title>\n<meta name=\"robots\" content=\"index, follow, max-snippet:-1, max-image-preview:large, max-video-preview:-1\" \/>\n<link rel=\"canonical\" href=\"https:\/\/eleicoes.apublica.org\/2018\/2018\/10\/marcio-franca-subestima-numero-de-presos-de-sp-em-1998\/\" \/>\n<meta property=\"og:locale\" content=\"pt_BR\" \/>\n<meta property=\"og:type\" content=\"article\" \/>\n<meta property=\"og:title\" content=\"M\u00e1rcio Fran\u00e7a subestima n\u00famero de presos de SP em 1998 - Truco2018\" \/>\n<meta property=\"og:description\" content=\"Ao falar sobre aumento da popula\u00e7\u00e3o carcer\u00e1ria em 20 anos, governador desconsiderou pessoas que estavam detidas em carceragens\" \/>\n<meta property=\"og:url\" content=\"https:\/\/eleicoes.apublica.org\/2018\/2018\/10\/marcio-franca-subestima-numero-de-presos-de-sp-em-1998\/\" \/>\n<meta property=\"og:site_name\" content=\"Truco2018\" \/>\n<meta property=\"article:published_time\" content=\"2018-10-15T20:29:43+00:00\" \/>\n<meta property=\"article:modified_time\" content=\"2018-10-16T15:11:33+00:00\" \/>\n<meta property=\"og:image\" content=\"https:\/\/i0.wp.com\/eleicoes.apublica.org\/2018\/wp-content\/uploads\/2018\/10\/Wikimedia-Commons.jpg?fit=800%2C550&ssl=1\" \/>\n\t<meta property=\"og:image:width\" content=\"800\" \/>\n\t<meta property=\"og:image:height\" content=\"550\" \/>\n\t<meta property=\"og:image:type\" content=\"image\/jpeg\" \/>\n<meta name=\"author\" content=\"Caroline Ferrari\" \/>\n<meta name=\"twitter:card\" content=\"summary_large_image\" \/>\n<meta name=\"twitter:label1\" content=\"Escrito por\" \/>\n\t<meta name=\"twitter:data1\" content=\"Caroline Ferrari\" \/>\n\t<meta name=\"twitter:label2\" content=\"Est. tempo de leitura\" \/>\n\t<meta name=\"twitter:data2\" content=\"3 minutos\" \/>\n\t<meta name=\"twitter:label3\" content=\"Written by\" \/>\n\t<meta name=\"twitter:data3\" content=\"Caroline Ferrari\" \/>\n<script type=\"application\/ld+json\" class=\"yoast-schema-graph\">{\"@context\":\"https:\\\/\\\/schema.org\",\"@graph\":[{\"@type\":\"Article\",\"@id\":\"https:\\\/\\\/eleicoes.apublica.org\\\/2018\\\/2018\\\/10\\\/marcio-franca-subestima-numero-de-presos-de-sp-em-1998\\\/#article\",\"isPartOf\":{\"@id\":\"https:\\\/\\\/eleicoes.apublica.org\\\/2018\\\/2018\\\/10\\\/marcio-franca-subestima-numero-de-presos-de-sp-em-1998\\\/\"},\"author\":{\"name\":\"Caroline Ferrari\",\"@id\":\"https:\\\/\\\/eleicoes.apublica.org\\\/2018\\\/#\\\/schema\\\/person\\\/03c24ef2fb2a5b5b7b2bba1b96b2df66\"},\"headline\":\"M\u00e1rcio Fran\u00e7a subestima n\u00famero de presos de SP em 1998\",\"datePublished\":\"2018-10-15T20:29:43+00:00\",\"dateModified\":\"2018-10-16T15:11:33+00:00\",\"mainEntityOfPage\":{\"@id\":\"https:\\\/\\\/eleicoes.apublica.org\\\/2018\\\/2018\\\/10\\\/marcio-franca-subestima-numero-de-presos-de-sp-em-1998\\\/\"},\"wordCount\":584,\"image\":{\"@id\":\"https:\\\/\\\/eleicoes.apublica.org\\\/2018\\\/2018\\\/10\\\/marcio-franca-subestima-numero-de-presos-de-sp-em-1998\\\/#primaryimage\"},\"thumbnailUrl\":\"https:\\\/\\\/i0.wp.com\\\/eleicoes.apublica.org\\\/2018\\\/wp-content\\\/uploads\\\/2018\\\/10\\\/Wikimedia-Commons.jpg?fit=800%2C550&ssl=1\",\"keywords\":[\"Justi\u00e7a\",\"Sistema prisional\"],\"inLanguage\":\"pt-BR\"},{\"@type\":\"WebPage\",\"@id\":\"https:\\\/\\\/eleicoes.apublica.org\\\/2018\\\/2018\\\/10\\\/marcio-franca-subestima-numero-de-presos-de-sp-em-1998\\\/\",\"url\":\"https:\\\/\\\/eleicoes.apublica.org\\\/2018\\\/2018\\\/10\\\/marcio-franca-subestima-numero-de-presos-de-sp-em-1998\\\/\",\"name\":\"M\u00e1rcio Fran\u00e7a subestima n\u00famero de presos de SP em 1998 - Truco2018\",\"isPartOf\":{\"@id\":\"https:\\\/\\\/eleicoes.apublica.org\\\/2018\\\/#website\"},\"primaryImageOfPage\":{\"@id\":\"https:\\\/\\\/eleicoes.apublica.org\\\/2018\\\/2018\\\/10\\\/marcio-franca-subestima-numero-de-presos-de-sp-em-1998\\\/#primaryimage\"},\"image\":{\"@id\":\"https:\\\/\\\/eleicoes.apublica.org\\\/2018\\\/2018\\\/10\\\/marcio-franca-subestima-numero-de-presos-de-sp-em-1998\\\/#primaryimage\"},\"thumbnailUrl\":\"https:\\\/\\\/i0.wp.com\\\/eleicoes.apublica.org\\\/2018\\\/wp-content\\\/uploads\\\/2018\\\/10\\\/Wikimedia-Commons.jpg?fit=800%2C550&ssl=1\",\"datePublished\":\"2018-10-15T20:29:43+00:00\",\"dateModified\":\"2018-10-16T15:11:33+00:00\",\"author\":{\"@id\":\"https:\\\/\\\/eleicoes.apublica.org\\\/2018\\\/#\\\/schema\\\/person\\\/03c24ef2fb2a5b5b7b2bba1b96b2df66\"},\"breadcrumb\":{\"@id\":\"https:\\\/\\\/eleicoes.apublica.org\\\/2018\\\/2018\\\/10\\\/marcio-franca-subestima-numero-de-presos-de-sp-em-1998\\\/#breadcrumb\"},\"inLanguage\":\"pt-BR\",\"potentialAction\":[{\"@type\":\"ReadAction\",\"target\":[\"https:\\\/\\\/eleicoes.apublica.org\\\/2018\\\/2018\\\/10\\\/marcio-franca-subestima-numero-de-presos-de-sp-em-1998\\\/\"]}]},{\"@type\":\"ImageObject\",\"inLanguage\":\"pt-BR\",\"@id\":\"https:\\\/\\\/eleicoes.apublica.org\\\/2018\\\/2018\\\/10\\\/marcio-franca-subestima-numero-de-presos-de-sp-em-1998\\\/#primaryimage\",\"url\":\"https:\\\/\\\/i0.wp.com\\\/eleicoes.apublica.org\\\/2018\\\/wp-content\\\/uploads\\\/2018\\\/10\\\/Wikimedia-Commons.jpg?fit=800%2C550&ssl=1\",\"contentUrl\":\"https:\\\/\\\/i0.wp.com\\\/eleicoes.apublica.org\\\/2018\\\/wp-content\\\/uploads\\\/2018\\\/10\\\/Wikimedia-Commons.jpg?fit=800%2C550&ssl=1\",\"width\":800,\"height\":550,\"caption\":\"O candidato \u00e0 reelei\u00e7\u00e3o como governador de S\u00e3o Paulo, M\u00e1rcio Fran\u00e7a (PSB).\"},{\"@type\":\"BreadcrumbList\",\"@id\":\"https:\\\/\\\/eleicoes.apublica.org\\\/2018\\\/2018\\\/10\\\/marcio-franca-subestima-numero-de-presos-de-sp-em-1998\\\/#breadcrumb\",\"itemListElement\":[{\"@type\":\"ListItem\",\"position\":1,\"name\":\"In\u00edcio\",\"item\":\"https:\\\/\\\/eleicoes.apublica.org\\\/2018\\\/\"},{\"@type\":\"ListItem\",\"position\":2,\"name\":\"M\u00e1rcio Fran\u00e7a subestima n\u00famero de presos de SP em 1998\"}]},{\"@type\":\"WebSite\",\"@id\":\"https:\\\/\\\/eleicoes.apublica.org\\\/2018\\\/#website\",\"url\":\"https:\\\/\\\/eleicoes.apublica.org\\\/2018\\\/\",\"name\":\"Truco2018\",\"description\":\"Truco nos estados - Checamos as declara\u00e7\u00f5es de candidatos e boatos que circulam sobre as elei\u00e7\u00f5es para o governo de Minas, Cear\u00e1, S\u00e3o Paulo, Rio Grande do Sul, Par\u00e1, Paran\u00e1, Pernambuco.\",\"potentialAction\":[{\"@type\":\"SearchAction\",\"target\":{\"@type\":\"EntryPoint\",\"urlTemplate\":\"https:\\\/\\\/eleicoes.apublica.org\\\/2018\\\/?s={search_term_string}\"},\"query-input\":{\"@type\":\"PropertyValueSpecification\",\"valueRequired\":true,\"valueName\":\"search_term_string\"}}],\"inLanguage\":\"pt-BR\"},{\"@type\":\"Person\",\"@id\":\"https:\\\/\\\/eleicoes.apublica.org\\\/2018\\\/#\\\/schema\\\/person\\\/03c24ef2fb2a5b5b7b2bba1b96b2df66\",\"name\":\"Caroline Ferrari\",\"image\":{\"@type\":\"ImageObject\",\"inLanguage\":\"pt-BR\",\"@id\":\"https:\\\/\\\/secure.gravatar.com\\\/avatar\\\/966eb5a781a81b98dd7be20c524848c8c3d831109f5cb36ecb75bb5d3870b636?s=96&d=mm&r=g7fc3c14b8b03811fd763ec04c4542ed4\",\"url\":\"https:\\\/\\\/secure.gravatar.com\\\/avatar\\\/966eb5a781a81b98dd7be20c524848c8c3d831109f5cb36ecb75bb5d3870b636?s=96&d=mm&r=g\",\"contentUrl\":\"https:\\\/\\\/secure.gravatar.com\\\/avatar\\\/966eb5a781a81b98dd7be20c524848c8c3d831109f5cb36ecb75bb5d3870b636?s=96&d=mm&r=g\",\"caption\":\"Caroline Ferrari\"},\"description\":\"Jornalista com forma\u00e7\u00e3o pela Universidade Metodista de S\u00e3o Paulo, trabalha como rep\u00f3rter na Ag\u00eancia P\u00fablica.\",\"url\":\"https:\\\/\\\/eleicoes.apublica.org\\\/2018\\\/author\\\/caroline-ferrari\\\/\"}]}<\/script>\n<!-- \/ Yoast SEO plugin. -->","yoast_head_json":{"title":"M\u00e1rcio Fran\u00e7a subestima n\u00famero de presos de SP em 1998 - Truco2018","robots":{"index":"index","follow":"follow","max-snippet":"max-snippet:-1","max-image-preview":"max-image-preview:large","max-video-preview":"max-video-preview:-1"},"canonical":"https:\/\/eleicoes.apublica.org\/2018\/2018\/10\/marcio-franca-subestima-numero-de-presos-de-sp-em-1998\/","og_locale":"pt_BR","og_type":"article","og_title":"M\u00e1rcio Fran\u00e7a subestima n\u00famero de presos de SP em 1998 - Truco2018","og_description":"Ao falar sobre aumento da popula\u00e7\u00e3o carcer\u00e1ria em 20 anos, governador desconsiderou pessoas que estavam detidas em carceragens","og_url":"https:\/\/eleicoes.apublica.org\/2018\/2018\/10\/marcio-franca-subestima-numero-de-presos-de-sp-em-1998\/","og_site_name":"Truco2018","article_published_time":"2018-10-15T20:29:43+00:00","article_modified_time":"2018-10-16T15:11:33+00:00","og_image":[{"width":800,"height":550,"url":"https:\/\/i0.wp.com\/eleicoes.apublica.org\/2018\/wp-content\/uploads\/2018\/10\/Wikimedia-Commons.jpg?fit=800%2C550&ssl=1","type":"image\/jpeg"}],"author":"Caroline Ferrari","twitter_card":"summary_large_image","twitter_misc":{"Escrito por":"Caroline Ferrari","Est. tempo de leitura":"3 minutos","Written by":"Caroline Ferrari"},"schema":{"@context":"https:\/\/schema.org","@graph":[{"@type":"Article","@id":"https:\/\/eleicoes.apublica.org\/2018\/2018\/10\/marcio-franca-subestima-numero-de-presos-de-sp-em-1998\/#article","isPartOf":{"@id":"https:\/\/eleicoes.apublica.org\/2018\/2018\/10\/marcio-franca-subestima-numero-de-presos-de-sp-em-1998\/"},"author":{"name":"Caroline Ferrari","@id":"https:\/\/eleicoes.apublica.org\/2018\/#\/schema\/person\/03c24ef2fb2a5b5b7b2bba1b96b2df66"},"headline":"M\u00e1rcio Fran\u00e7a subestima n\u00famero de presos de SP em 1998","datePublished":"2018-10-15T20:29:43+00:00","dateModified":"2018-10-16T15:11:33+00:00","mainEntityOfPage":{"@id":"https:\/\/eleicoes.apublica.org\/2018\/2018\/10\/marcio-franca-subestima-numero-de-presos-de-sp-em-1998\/"},"wordCount":584,"image":{"@id":"https:\/\/eleicoes.apublica.org\/2018\/2018\/10\/marcio-franca-subestima-numero-de-presos-de-sp-em-1998\/#primaryimage"},"thumbnailUrl":"https:\/\/i0.wp.com\/eleicoes.apublica.org\/2018\/wp-content\/uploads\/2018\/10\/Wikimedia-Commons.jpg?fit=800%2C550&ssl=1","keywords":["Justi\u00e7a","Sistema prisional"],"inLanguage":"pt-BR"},{"@type":"WebPage","@id":"https:\/\/eleicoes.apublica.org\/2018\/2018\/10\/marcio-franca-subestima-numero-de-presos-de-sp-em-1998\/","url":"https:\/\/eleicoes.apublica.org\/2018\/2018\/10\/marcio-franca-subestima-numero-de-presos-de-sp-em-1998\/","name":"M\u00e1rcio Fran\u00e7a subestima n\u00famero de presos de SP em 1998 - Truco2018","isPartOf":{"@id":"https:\/\/eleicoes.apublica.org\/2018\/#website"},"primaryImageOfPage":{"@id":"https:\/\/eleicoes.apublica.org\/2018\/2018\/10\/marcio-franca-subestima-numero-de-presos-de-sp-em-1998\/#primaryimage"},"image":{"@id":"https:\/\/eleicoes.apublica.org\/2018\/2018\/10\/marcio-franca-subestima-numero-de-presos-de-sp-em-1998\/#primaryimage"},"thumbnailUrl":"https:\/\/i0.wp.com\/eleicoes.apublica.org\/2018\/wp-content\/uploads\/2018\/10\/Wikimedia-Commons.jpg?fit=800%2C550&ssl=1","datePublished":"2018-10-15T20:29:43+00:00","dateModified":"2018-10-16T15:11:33+00:00","author":{"@id":"https:\/\/eleicoes.apublica.org\/2018\/#\/schema\/person\/03c24ef2fb2a5b5b7b2bba1b96b2df66"},"breadcrumb":{"@id":"https:\/\/eleicoes.apublica.org\/2018\/2018\/10\/marcio-franca-subestima-numero-de-presos-de-sp-em-1998\/#breadcrumb"},"inLanguage":"pt-BR","potentialAction":[{"@type":"ReadAction","target":["https:\/\/eleicoes.apublica.org\/2018\/2018\/10\/marcio-franca-subestima-numero-de-presos-de-sp-em-1998\/"]}]},{"@type":"ImageObject","inLanguage":"pt-BR","@id":"https:\/\/eleicoes.apublica.org\/2018\/2018\/10\/marcio-franca-subestima-numero-de-presos-de-sp-em-1998\/#primaryimage","url":"https:\/\/i0.wp.com\/eleicoes.apublica.org\/2018\/wp-content\/uploads\/2018\/10\/Wikimedia-Commons.jpg?fit=800%2C550&ssl=1","contentUrl":"https:\/\/i0.wp.com\/eleicoes.apublica.org\/2018\/wp-content\/uploads\/2018\/10\/Wikimedia-Commons.jpg?fit=800%2C550&ssl=1","width":800,"height":550,"caption":"O candidato \u00e0 reelei\u00e7\u00e3o como governador de S\u00e3o Paulo, M\u00e1rcio Fran\u00e7a (PSB)."},{"@type":"BreadcrumbList","@id":"https:\/\/eleicoes.apublica.org\/2018\/2018\/10\/marcio-franca-subestima-numero-de-presos-de-sp-em-1998\/#breadcrumb","itemListElement":[{"@type":"ListItem","position":1,"name":"In\u00edcio","item":"https:\/\/eleicoes.apublica.org\/2018\/"},{"@type":"ListItem","position":2,"name":"M\u00e1rcio Fran\u00e7a subestima n\u00famero de presos de SP em 1998"}]},{"@type":"WebSite","@id":"https:\/\/eleicoes.apublica.org\/2018\/#website","url":"https:\/\/eleicoes.apublica.org\/2018\/","name":"Truco2018","description":"Truco nos estados - Checamos as declara\u00e7\u00f5es de candidatos e boatos que circulam sobre as elei\u00e7\u00f5es para o governo de Minas, Cear\u00e1, S\u00e3o Paulo, Rio Grande do Sul, Par\u00e1, Paran\u00e1, Pernambuco.","potentialAction":[{"@type":"SearchAction","target":{"@type":"EntryPoint","urlTemplate":"https:\/\/eleicoes.apublica.org\/2018\/?s={search_term_string}"},"query-input":{"@type":"PropertyValueSpecification","valueRequired":true,"valueName":"search_term_string"}}],"inLanguage":"pt-BR"},{"@type":"Person","@id":"https:\/\/eleicoes.apublica.org\/2018\/#\/schema\/person\/03c24ef2fb2a5b5b7b2bba1b96b2df66","name":"Caroline Ferrari","image":{"@type":"ImageObject","inLanguage":"pt-BR","@id":"https:\/\/secure.gravatar.com\/avatar\/966eb5a781a81b98dd7be20c524848c8c3d831109f5cb36ecb75bb5d3870b636?s=96&d=mm&r=g7fc3c14b8b03811fd763ec04c4542ed4","url":"https:\/\/secure.gravatar.com\/avatar\/966eb5a781a81b98dd7be20c524848c8c3d831109f5cb36ecb75bb5d3870b636?s=96&d=mm&r=g","contentUrl":"https:\/\/secure.gravatar.com\/avatar\/966eb5a781a81b98dd7be20c524848c8c3d831109f5cb36ecb75bb5d3870b636?s=96&d=mm&r=g","caption":"Caroline Ferrari"},"description":"Jornalista com forma\u00e7\u00e3o pela Universidade Metodista de S\u00e3o Paulo, trabalha como rep\u00f3rter na Ag\u00eancia P\u00fablica.","url":"https:\/\/eleicoes.apublica.org\/2018\/author\/caroline-ferrari\/"}]}},"jetpack_featured_media_url":"https:\/\/i0.wp.com\/eleicoes.apublica.org\/2018\/wp-content\/uploads\/2018\/10\/Wikimedia-Commons.jpg?fit=800%2C550&ssl=1","jetpack_shortlink":"https:\/\/wp.me\/pbyYl8-U9","jetpack_sharing_enabled":true,"_links":{"self":[{"href":"https:\/\/eleicoes.apublica.org\/2018\/wp-json\/wp\/v2\/posts\/3481","targetHints":{"allow":["GET"]}}],"collection":[{"href":"https:\/\/eleicoes.apublica.org\/2018\/wp-json\/wp\/v2\/posts"}],"about":[{"href":"https:\/\/eleicoes.apublica.org\/2018\/wp-json\/wp\/v2\/types\/post"}],"author":[{"embeddable":true,"href":"https:\/\/eleicoes.apublica.org\/2018\/wp-json\/wp\/v2\/users\/33"}],"replies":[{"embeddable":true,"href":"https:\/\/eleicoes.apublica.org\/2018\/wp-json\/wp\/v2\/comments?post=3481"}],"version-history":[{"count":5,"href":"https:\/\/eleicoes.apublica.org\/2018\/wp-json\/wp\/v2\/posts\/3481\/revisions"}],"predecessor-version":[{"id":3490,"href":"https:\/\/eleicoes.apublica.org\/2018\/wp-json\/wp\/v2\/posts\/3481\/revisions\/3490"}],"wp:featuredmedia":[{"embeddable":true,"href":"https:\/\/eleicoes.apublica.org\/2018\/wp-json\/wp\/v2\/media\/3479"}],"wp:attachment":[{"href":"https:\/\/eleicoes.apublica.org\/2018\/wp-json\/wp\/v2\/media?parent=3481"}],"wp:term":[{"taxonomy":"category","embeddable":true,"href":"https:\/\/eleicoes.apublica.org\/2018\/wp-json\/wp\/v2\/categories?post=3481"},{"taxonomy":"post_tag","embeddable":true,"href":"https:\/\/eleicoes.apublica.org\/2018\/wp-json\/wp\/v2\/tags?post=3481"},{"taxonomy":"author","embeddable":true,"href":"https:\/\/eleicoes.apublica.org\/2018\/wp-json\/wp\/v2\/coauthors?post=3481"}],"curies":[{"name":"wp","href":"https:\/\/api.w.org\/{rel}","templated":true}]}}