{"id":3515,"date":"2018-10-17T16:40:20","date_gmt":"2018-10-17T19:40:20","guid":{"rendered":"https:\/\/truco2018.apublica.org\/?p=3515"},"modified":"2018-10-17T16:40:20","modified_gmt":"2018-10-17T19:40:20","slug":"doria-acerta-ao-falar-sobre-apuracao-de-mortes-de-ex-prefeitos-do-pt","status":"publish","type":"post","link":"https:\/\/eleicoes.apublica.org\/2018\/2018\/10\/doria-acerta-ao-falar-sobre-apuracao-de-mortes-de-ex-prefeitos-do-pt\/","title":{"rendered":"Doria acerta ao falar sobre apura\u00e7\u00e3o de mortes de ex-prefeitos do PT"},"content":{"rendered":"<p><strong>\u201cTem dois [assassinatos] que est\u00e3o sob investiga\u00e7\u00e3o at\u00e9 hoje, ali\u00e1s, de dois ex-prefeitos do PT que foram assassinados.\u201d \u2013 Jo\u00e3o Doria (PSDB), <a href=\"http:\/\/cbn.globoradio.globo.com\/media\/audio\/218929\/eu-nao-vou-mudar-de-partido-quem-tem-que-mudar-e-o.htm\">em entrevista \u00e0 R\u00e1dio CBN<\/a>.<\/strong><\/p>\n<p>Em uma de suas primeiras entrevistas ap\u00f3s o fim do 1\u00ba turno, Jo\u00e3o Doria (PSDB) falou sobre as mortes de Ant\u00f4nio Costa Santos, o Toninho do PT, e Celso Daniel, ex-prefeitos petistas de Campinas e Santo Andr\u00e9, respectivamente. Segundo o candidato, ambos os casos seguem sob investiga\u00e7\u00e3o. O <strong><a href=\"https:\/\/truco2018.apublica.org\/\">Truco nos Estados<\/a><\/strong> \u2013 projeto de checagem de fatos da <strong><a href=\"https:\/\/apublica.org\/\">Ag\u00eancia P\u00fablica<\/a><\/strong> \u2013 concluiu que a informa\u00e7\u00e3o \u00e9 verdadeira, pois h\u00e1 procedimentos em andamento sobre os dois epis\u00f3dios.<\/p>\n<p>A assessoria de comunica\u00e7\u00e3o do tucano n\u00e3o indicou as fontes da declara\u00e7\u00e3o. A Secretaria de Seguran\u00e7a P\u00fablica de S\u00e3o Paulo informou, <a href=\"https:\/\/truco2018.apublica.org\/wp-content\/uploads\/2018\/10\/Nota-a\u0300-Imprensa.pdf\" target=\"_blank\" rel=\"noopener\">por nota<\/a>, que a investiga\u00e7\u00e3o sobre o homic\u00eddio de Toninho do PT segue aberta, sob responsabilidade do Setor de Homic\u00eddios e Prote\u00e7\u00e3o \u00e0 Pessoa (SHPP) de Campinas, no interior de S\u00e3o Paulo, enquanto o inqu\u00e9rito sobre a morte de Celso Daniel foi conclu\u00eddo e entregue \u00e0 Justi\u00e7a. J\u00e1 o Minist\u00e9rio P\u00fablico de S\u00e3o Paulo (MP-SP) comunicou que h\u00e1 um procedimento sob sigilo a respeito do \u00faltimo caso, o que impede a divulga\u00e7\u00e3o de informa\u00e7\u00f5es sobre seu andamento.<\/p>\n<p><strong>Dezessete anos e nenhum desfecho<\/strong><\/p>\n<p>A primeira das mortes ocorreu na noite de 10 de setembro de 2001, em Campinas. Toninho do PT, de 49 anos, ent\u00e3o prefeito, estava no cargo por apenas nove meses. O pol\u00edtico foi assassinado a tiros dentro do ve\u00edculo que dirigia ao sair de um shopping center da cidade. Em 10 de setembro, o caso completou 17 anos sem elucida\u00e7\u00e3o.<\/p>\n<p>O primeiro inqu\u00e9rito sobre o assassinato de Toninho foi finalizado pela Pol\u00edcia Civil de Campinas e pelo Departamento de Homic\u00eddios e Prote\u00e7\u00e3o \u00e0 Pessoa (DHPP) de S\u00e3o Paulo em 2002. A conclus\u00e3o foi de que o petista havia atrapalhado a fuga de um um grupo de bandidos, o que caracterizaria, portanto, crime comum. Um dos membros da quadrilha, Wanderson de Paula Lima, o Andinho, chegou a ser responsabilizado enquanto autor dos disparos, junto a mais tr\u00eas comparsas. Andinho, preso posteriormente por outros delitos, sempre negou a participa\u00e7\u00e3o no homic\u00eddio do ex-prefeito.<\/p>\n<p>Em 2007, a Justi\u00e7a de 1\u00aa inst\u00e2ncia determinou a reabertura das investiga\u00e7\u00f5es e recusou a den\u00fancia contra Andinho, por considerar que n\u00e3o existiam ind\u00edcios suficientemente s\u00f3lidos que comprovassem sua atua\u00e7\u00e3o no caso. A decis\u00e3o foi refor\u00e7ada pelo Tribunal de Justi\u00e7a de S\u00e3o Paulo em 2009, e, no ano seguinte, as apura\u00e7\u00f5es foram retomadas. Entretanto, n\u00e3o houve um desfecho.<\/p>\n<p>O advogado da fam\u00edlia, William Ceschi Filho, afirmou em entrevistas que dois pedidos foram feitos para incluir a Pol\u00edcia Federal no inqu\u00e9rito, mas nenhum deles foi atendido. Tamb\u00e9m houve uma den\u00fancia \u00e0 Organiza\u00e7\u00e3o dos Estados Americanos (OEA) por omiss\u00e3o do Estado brasileiro no caso. A fam\u00edlia de Toninho acredita que o crime teve motiva\u00e7\u00f5es pol\u00edticas. O <strong>Truco<\/strong> tentou contato com Ceschi Filho, mas n\u00e3o obteve resposta at\u00e9 a publica\u00e7\u00e3o da checagem.<\/p>\n<p><strong>Idas e vindas na Justi\u00e7a<\/strong><\/p>\n<p>Celso Daniel, o segundo caso entre os mencionados por Doria, morreu em 18 de janeiro de 2002. \u00c0 \u00e9poca com 50 anos, o ent\u00e3o prefeito de Santo Andr\u00e9, no ABC paulista, voltava de um jantar com o seguran\u00e7a S\u00e9rgio Gomes da Silva, conhecido como Sombra, quando foi sequestrado por homens que interceptaram seu ve\u00edculo. Dois dias depois, seu corpo foi encontrado com marcas de 11 tiros e sinais de tortura.<\/p>\n<p>Ainda em 2002, a Pol\u00edcia Civil de S\u00e3o Paulo, por meio do DHPP, fechou o inqu\u00e9rito sobre o assassinato. Os investigadores classificaram a morte como crime comum e responsabilizaram seis pessoas da Favela Pantanal, na zona sul da capital, como autores do homic\u00eddio \u2013 uma delas, um menor de idade, chegou a admitir que teria efetuado os disparos contra o prefeito. Para a pol\u00edcia, os bandidos planejavam sequestrar um empres\u00e1rio naquela noite, mas, ao perd\u00ea-lo de vista, avistaram o carro de Daniel durante o caminho e decidiram levar o petista por acreditarem que possu\u00eda dinheiro.<\/p>\n<p>A fam\u00edlia de Celso Daniel n\u00e3o aceitou a tese de crime comum e pressionou para que as apura\u00e7\u00f5es fossem retomadas, o que aconteceu tamb\u00e9m em 2002 por meio do Minist\u00e9rio P\u00fablico Federal. O ent\u00e3o ministro da Justi\u00e7a do governo Fernando Henrique Cardoso, Nelson Jobim, no entanto, entendeu que o processo n\u00e3o era consistente e optou por n\u00e3o dar prosseguimento a ele. As suspeitas da fam\u00edlia de Daniel eram de que ele tinha a inten\u00e7\u00e3o de denunciar um um esquema de corrup\u00e7\u00e3o entre empresas de \u00f4nibus de Santo Andr\u00e9, do qual se beneficiavam membros de sua gest\u00e3o.<\/p>\n<p>Em 2005, o Minist\u00e9rio P\u00fablico de Santo Andr\u00e9 debru\u00e7ou-se novamente sobre a hist\u00f3ria, mas, ap\u00f3s um ano, chegou \u00e0 mesma conclus\u00e3o alcan\u00e7ada pelo primeiro inqu\u00e9rito: o ex-prefeito havia morrido por motivos comuns. Em 2012, foi a vez do Minist\u00e9rio P\u00fablico de S\u00e3o Paulo reativar as investiga\u00e7\u00f5es.<\/p>\n<p>Em 2016, o caso ganhou novos cap\u00edtulos: Ronan Maria Pinto, empres\u00e1rio do setor de \u00f4nibus e propriet\u00e1rio do jornal <em>Di\u00e1rio do Grande ABC<\/em>, foi preso em abril de 2016 pela opera\u00e7\u00e3o Lava Jato. Reca\u00eda sobre ele a suspeita de ter recebido milh\u00f5es em propina do pecuarista Jo\u00e3o Carlos Bumlai a pedido do PT para que n\u00e3o revelasse informa\u00e7\u00f5es sobre a morte de Daniel. Em 2017, Pinto foi condenado a 14 anos de pris\u00e3o pelo Tribunal de Justi\u00e7a de S\u00e3o Paulo por envolvimento no esquema de corrup\u00e7\u00e3o no setor de transportes durante a gest\u00e3o do petista em Santo Andr\u00e9.<\/p>\n","protected":false},"excerpt":{"rendered":"<p>Pol\u00edcia Civil e Minist\u00e9rio P\u00fablico ainda mant\u00eam procedimentos abertos sobre os casos de Toninho do PT e Celso Daniel<\/p>\n","protected":false},"author":32,"featured_media":3517,"comment_status":"closed","ping_status":"open","sticky":false,"template":"","format":"standard","meta":{"_acf_changed":false,"_jetpack_memberships_contains_paid_content":false,"footnotes":""},"categories":[1],"tags":[46,123],"coauthors":[135],"class_list":["post-3515","post","type-post","status-publish","format-standard","has-post-thumbnail","hentry","category-sem-categoria","tag-politica","tag-violencia"],"acf":{"truco":{"value":"verdadeiro","label":"Verdadeiro"},"resumido":"\u201cTem dois [assassinatos] que est\u00e3o sob investiga\u00e7\u00e3o at\u00e9 hoje, ali\u00e1s, de dois ex-prefeitos do PT que foram assassinados.\u201d","descricao":"Jo\u00e3o Doria (PSDB), em entrevista \u00e0 R\u00e1dio CBN, afirmou que dois assassinatos est\u00e3o sob investiga\u00e7\u00e3o at\u00e9 hoje, de dois ex-prefeitos do PT que foram assassinados.","autor":"Jo\u00e3o Doria (PSDB), candidato a governador de S\u00e3o Paulo","candidato":{"ID":187,"post_author":"1","post_date":"2018-07-30 18:46:18","post_date_gmt":"2018-07-30 21:46:18","post_content":"Tem 60 anos e \u00e9 jornalista, publicit\u00e1rio, empres\u00e1rio e ex-prefeito de S\u00e3o Paulo. Ganhou notoriedade p\u00fablica na televis\u00e3o, onde trabalhou por quase tr\u00eas d\u00e9cadas com programas de entrevistas. Apresentou o reality show <em>O Aprendiz<\/em>, na TV Record, em 2010 e 2011. \u00c9 presidente licenciado do Grupo Doria, composto pelo Lide (L\u00edderes Empresariais), Doria Eventos, Doria Editora, pelos programas de TV Show Business, Face a Face, TV Lide e pelo Campos do Jord\u00e3o Convention Center. Em 2018, com pouco mais de um ano de mandato, deixou o cargo de prefeito de S\u00e3o Paulo para concorrer \u00e0s elei\u00e7\u00f5es para o governo do estado. Em pesquisa do Instituto Datafolha, sua gest\u00e3o na prefeitura da capital paulista foi reprovada por 47% dos entrevistados, aprovada por 18% e classificada como regular por 34%. \u00c9 r\u00e9u em duas a\u00e7\u00f5es por irregularidades cometidas durante sua gest\u00e3o, movidas pelo Minist\u00e9rio P\u00fablico de S\u00e3o Paulo.","post_title":"Jo\u00e3o Doria","post_excerpt":"","post_status":"publish","comment_status":"closed","ping_status":"closed","post_password":"","post_name":"joao-doria","to_ping":"","pinged":"","post_modified":"2018-08-13 11:45:27","post_modified_gmt":"2018-08-13 14:45:27","post_content_filtered":"","post_parent":0,"guid":"https:\/\/apublica.org\/truco2018\/?post_type=candidato&#038;p=187","menu_order":0,"post_type":"candidato","post_mime_type":"","comment_count":"0","filter":"raw"},"estado":{"term_id":15,"name":"S\u00e3o Paulo","slug":"sao-paulo","term_group":0,"term_taxonomy_id":15,"taxonomy":"estado","description":"","parent":0,"count":13,"filter":"raw"}},"yoast_head":"<!-- This site is optimized with the Yoast SEO plugin v27.5 - https:\/\/yoast.com\/product\/yoast-seo-wordpress\/ -->\n<title>Doria acerta ao falar sobre apura\u00e7\u00e3o de mortes de ex-prefeitos do PT - Truco2018<\/title>\n<meta name=\"robots\" content=\"index, follow, max-snippet:-1, max-image-preview:large, max-video-preview:-1\" \/>\n<link rel=\"canonical\" href=\"https:\/\/eleicoes.apublica.org\/2018\/2018\/10\/doria-acerta-ao-falar-sobre-apuracao-de-mortes-de-ex-prefeitos-do-pt\/\" \/>\n<meta property=\"og:locale\" content=\"pt_BR\" \/>\n<meta property=\"og:type\" content=\"article\" \/>\n<meta property=\"og:title\" content=\"Doria acerta ao falar sobre apura\u00e7\u00e3o de mortes de ex-prefeitos do PT - Truco2018\" \/>\n<meta property=\"og:description\" content=\"Pol\u00edcia Civil e Minist\u00e9rio P\u00fablico ainda mant\u00eam procedimentos abertos sobre os casos de Toninho do PT e Celso Daniel\" \/>\n<meta property=\"og:url\" content=\"https:\/\/eleicoes.apublica.org\/2018\/2018\/10\/doria-acerta-ao-falar-sobre-apuracao-de-mortes-de-ex-prefeitos-do-pt\/\" \/>\n<meta property=\"og:site_name\" content=\"Truco2018\" \/>\n<meta property=\"article:published_time\" content=\"2018-10-17T19:40:20+00:00\" \/>\n<meta property=\"og:image\" content=\"https:\/\/i0.wp.com\/eleicoes.apublica.org\/2018\/wp-content\/uploads\/2018\/10\/doria-remedio.jpeg?fit=2000%2C1341&ssl=1\" \/>\n\t<meta property=\"og:image:width\" content=\"2000\" \/>\n\t<meta property=\"og:image:height\" content=\"1341\" \/>\n\t<meta property=\"og:image:type\" content=\"image\/jpeg\" \/>\n<meta name=\"author\" content=\"Anna Beatriz Anjos\" \/>\n<meta name=\"twitter:card\" content=\"summary_large_image\" \/>\n<meta name=\"twitter:label1\" content=\"Escrito por\" \/>\n\t<meta name=\"twitter:data1\" content=\"Anna Beatriz Anjos\" \/>\n\t<meta name=\"twitter:label2\" content=\"Est. tempo de leitura\" \/>\n\t<meta name=\"twitter:data2\" content=\"5 minutos\" \/>\n\t<meta name=\"twitter:label3\" content=\"Written by\" \/>\n\t<meta name=\"twitter:data3\" content=\"Anna Beatriz Anjos\" \/>\n<script type=\"application\/ld+json\" class=\"yoast-schema-graph\">{\"@context\":\"https:\\\/\\\/schema.org\",\"@graph\":[{\"@type\":\"Article\",\"@id\":\"https:\\\/\\\/eleicoes.apublica.org\\\/2018\\\/2018\\\/10\\\/doria-acerta-ao-falar-sobre-apuracao-de-mortes-de-ex-prefeitos-do-pt\\\/#article\",\"isPartOf\":{\"@id\":\"https:\\\/\\\/eleicoes.apublica.org\\\/2018\\\/2018\\\/10\\\/doria-acerta-ao-falar-sobre-apuracao-de-mortes-de-ex-prefeitos-do-pt\\\/\"},\"author\":{\"name\":\"Anna Beatriz Anjos\",\"@id\":\"https:\\\/\\\/eleicoes.apublica.org\\\/2018\\\/#\\\/schema\\\/person\\\/9ce1e2b7089a235ec6cf7a13c26e1e5b\"},\"headline\":\"Doria acerta ao falar sobre apura\u00e7\u00e3o de mortes de ex-prefeitos do PT\",\"datePublished\":\"2018-10-17T19:40:20+00:00\",\"mainEntityOfPage\":{\"@id\":\"https:\\\/\\\/eleicoes.apublica.org\\\/2018\\\/2018\\\/10\\\/doria-acerta-ao-falar-sobre-apuracao-de-mortes-de-ex-prefeitos-do-pt\\\/\"},\"wordCount\":1000,\"image\":{\"@id\":\"https:\\\/\\\/eleicoes.apublica.org\\\/2018\\\/2018\\\/10\\\/doria-acerta-ao-falar-sobre-apuracao-de-mortes-de-ex-prefeitos-do-pt\\\/#primaryimage\"},\"thumbnailUrl\":\"https:\\\/\\\/i0.wp.com\\\/eleicoes.apublica.org\\\/2018\\\/wp-content\\\/uploads\\\/2018\\\/10\\\/doria-remedio.jpeg?fit=2000%2C1341&ssl=1\",\"keywords\":[\"Pol\u00edtica\",\"Viol\u00eancia\"],\"inLanguage\":\"pt-BR\"},{\"@type\":\"WebPage\",\"@id\":\"https:\\\/\\\/eleicoes.apublica.org\\\/2018\\\/2018\\\/10\\\/doria-acerta-ao-falar-sobre-apuracao-de-mortes-de-ex-prefeitos-do-pt\\\/\",\"url\":\"https:\\\/\\\/eleicoes.apublica.org\\\/2018\\\/2018\\\/10\\\/doria-acerta-ao-falar-sobre-apuracao-de-mortes-de-ex-prefeitos-do-pt\\\/\",\"name\":\"Doria acerta ao falar sobre apura\u00e7\u00e3o de mortes de ex-prefeitos do PT - Truco2018\",\"isPartOf\":{\"@id\":\"https:\\\/\\\/eleicoes.apublica.org\\\/2018\\\/#website\"},\"primaryImageOfPage\":{\"@id\":\"https:\\\/\\\/eleicoes.apublica.org\\\/2018\\\/2018\\\/10\\\/doria-acerta-ao-falar-sobre-apuracao-de-mortes-de-ex-prefeitos-do-pt\\\/#primaryimage\"},\"image\":{\"@id\":\"https:\\\/\\\/eleicoes.apublica.org\\\/2018\\\/2018\\\/10\\\/doria-acerta-ao-falar-sobre-apuracao-de-mortes-de-ex-prefeitos-do-pt\\\/#primaryimage\"},\"thumbnailUrl\":\"https:\\\/\\\/i0.wp.com\\\/eleicoes.apublica.org\\\/2018\\\/wp-content\\\/uploads\\\/2018\\\/10\\\/doria-remedio.jpeg?fit=2000%2C1341&ssl=1\",\"datePublished\":\"2018-10-17T19:40:20+00:00\",\"author\":{\"@id\":\"https:\\\/\\\/eleicoes.apublica.org\\\/2018\\\/#\\\/schema\\\/person\\\/9ce1e2b7089a235ec6cf7a13c26e1e5b\"},\"breadcrumb\":{\"@id\":\"https:\\\/\\\/eleicoes.apublica.org\\\/2018\\\/2018\\\/10\\\/doria-acerta-ao-falar-sobre-apuracao-de-mortes-de-ex-prefeitos-do-pt\\\/#breadcrumb\"},\"inLanguage\":\"pt-BR\",\"potentialAction\":[{\"@type\":\"ReadAction\",\"target\":[\"https:\\\/\\\/eleicoes.apublica.org\\\/2018\\\/2018\\\/10\\\/doria-acerta-ao-falar-sobre-apuracao-de-mortes-de-ex-prefeitos-do-pt\\\/\"]}]},{\"@type\":\"ImageObject\",\"inLanguage\":\"pt-BR\",\"@id\":\"https:\\\/\\\/eleicoes.apublica.org\\\/2018\\\/2018\\\/10\\\/doria-acerta-ao-falar-sobre-apuracao-de-mortes-de-ex-prefeitos-do-pt\\\/#primaryimage\",\"url\":\"https:\\\/\\\/i0.wp.com\\\/eleicoes.apublica.org\\\/2018\\\/wp-content\\\/uploads\\\/2018\\\/10\\\/doria-remedio.jpeg?fit=2000%2C1341&ssl=1\",\"contentUrl\":\"https:\\\/\\\/i0.wp.com\\\/eleicoes.apublica.org\\\/2018\\\/wp-content\\\/uploads\\\/2018\\\/10\\\/doria-remedio.jpeg?fit=2000%2C1341&ssl=1\",\"width\":2000,\"height\":1341,\"caption\":\"17\\\/04\\\/2017- S\u00e3o Paulo- SP, Brasil- O prefeito Jo\u00e3o Doria na coletiva de imprensa do projeto rem\u00e9dio r\u00e1pido, A disponibilidade de medicamentos nas farm\u00e1cias da Prefeitura de S\u00e3o Paulo atingiu a m\u00e9dia de 90%, n\u00edvel considerado aceit\u00e1vel e dentro dos padr\u00f5es praticados na iniciativa privada Foto: Cesar Ogata \\\/ Secom\"},{\"@type\":\"BreadcrumbList\",\"@id\":\"https:\\\/\\\/eleicoes.apublica.org\\\/2018\\\/2018\\\/10\\\/doria-acerta-ao-falar-sobre-apuracao-de-mortes-de-ex-prefeitos-do-pt\\\/#breadcrumb\",\"itemListElement\":[{\"@type\":\"ListItem\",\"position\":1,\"name\":\"In\u00edcio\",\"item\":\"https:\\\/\\\/eleicoes.apublica.org\\\/2018\\\/\"},{\"@type\":\"ListItem\",\"position\":2,\"name\":\"Doria acerta ao falar sobre apura\u00e7\u00e3o de mortes de ex-prefeitos do PT\"}]},{\"@type\":\"WebSite\",\"@id\":\"https:\\\/\\\/eleicoes.apublica.org\\\/2018\\\/#website\",\"url\":\"https:\\\/\\\/eleicoes.apublica.org\\\/2018\\\/\",\"name\":\"Truco2018\",\"description\":\"Truco nos estados - Checamos as declara\u00e7\u00f5es de candidatos e boatos que circulam sobre as elei\u00e7\u00f5es para o governo de Minas, Cear\u00e1, S\u00e3o Paulo, Rio Grande do Sul, Par\u00e1, Paran\u00e1, Pernambuco.\",\"potentialAction\":[{\"@type\":\"SearchAction\",\"target\":{\"@type\":\"EntryPoint\",\"urlTemplate\":\"https:\\\/\\\/eleicoes.apublica.org\\\/2018\\\/?s={search_term_string}\"},\"query-input\":{\"@type\":\"PropertyValueSpecification\",\"valueRequired\":true,\"valueName\":\"search_term_string\"}}],\"inLanguage\":\"pt-BR\"},{\"@type\":\"Person\",\"@id\":\"https:\\\/\\\/eleicoes.apublica.org\\\/2018\\\/#\\\/schema\\\/person\\\/9ce1e2b7089a235ec6cf7a13c26e1e5b\",\"name\":\"Anna Beatriz Anjos\",\"image\":{\"@type\":\"ImageObject\",\"inLanguage\":\"pt-BR\",\"@id\":\"https:\\\/\\\/secure.gravatar.com\\\/avatar\\\/d12a9ce106ab98612dc1c7448e8c5442e27a67d25c3e858ceb301751e50dbcb5?s=96&d=mm&r=geef69aab31ed9783e37b52eded55a26b\",\"url\":\"https:\\\/\\\/secure.gravatar.com\\\/avatar\\\/d12a9ce106ab98612dc1c7448e8c5442e27a67d25c3e858ceb301751e50dbcb5?s=96&d=mm&r=g\",\"contentUrl\":\"https:\\\/\\\/secure.gravatar.com\\\/avatar\\\/d12a9ce106ab98612dc1c7448e8c5442e27a67d25c3e858ceb301751e50dbcb5?s=96&d=mm&r=g\",\"caption\":\"Anna Beatriz Anjos\"},\"description\":\"Jornalista\u00a0formada pela Faculdade C\u00e1sper L\u00edbero e p\u00f3s-graduanda em Estudos Brasileiros pela Funda\u00e7\u00e3o Escola de Sociologia e Pol\u00edtica de S\u00e3o Paulo (FESPSP). Em 2015, ganhou o Premio Roche de Periodismo en Salud com a reportagem Dor em Dobro, sobre o servi\u00e7o de aborto legal na rede p\u00fablica de sa\u00fade do Brasil. Em 2014, a mesma mat\u00e9ria foi vencedora do Pr\u00eamio SINDHRio de Jornalismo &amp; Sa\u00fade. Atualmente, trabalha como rep\u00f3rter na Ag\u00eancia P\u00fablica.\",\"url\":\"https:\\\/\\\/eleicoes.apublica.org\\\/2018\\\/author\\\/anna-beatriz-anjos\\\/\"}]}<\/script>\n<!-- \/ Yoast SEO plugin. -->","yoast_head_json":{"title":"Doria acerta ao falar sobre apura\u00e7\u00e3o de mortes de ex-prefeitos do PT - Truco2018","robots":{"index":"index","follow":"follow","max-snippet":"max-snippet:-1","max-image-preview":"max-image-preview:large","max-video-preview":"max-video-preview:-1"},"canonical":"https:\/\/eleicoes.apublica.org\/2018\/2018\/10\/doria-acerta-ao-falar-sobre-apuracao-de-mortes-de-ex-prefeitos-do-pt\/","og_locale":"pt_BR","og_type":"article","og_title":"Doria acerta ao falar sobre apura\u00e7\u00e3o de mortes de ex-prefeitos do PT - Truco2018","og_description":"Pol\u00edcia Civil e Minist\u00e9rio P\u00fablico ainda mant\u00eam procedimentos abertos sobre os casos de Toninho do PT e Celso Daniel","og_url":"https:\/\/eleicoes.apublica.org\/2018\/2018\/10\/doria-acerta-ao-falar-sobre-apuracao-de-mortes-de-ex-prefeitos-do-pt\/","og_site_name":"Truco2018","article_published_time":"2018-10-17T19:40:20+00:00","og_image":[{"width":2000,"height":1341,"url":"https:\/\/i0.wp.com\/eleicoes.apublica.org\/2018\/wp-content\/uploads\/2018\/10\/doria-remedio.jpeg?fit=2000%2C1341&ssl=1","type":"image\/jpeg"}],"author":"Anna Beatriz Anjos","twitter_card":"summary_large_image","twitter_misc":{"Escrito por":"Anna Beatriz Anjos","Est. tempo de leitura":"5 minutos","Written by":"Anna Beatriz Anjos"},"schema":{"@context":"https:\/\/schema.org","@graph":[{"@type":"Article","@id":"https:\/\/eleicoes.apublica.org\/2018\/2018\/10\/doria-acerta-ao-falar-sobre-apuracao-de-mortes-de-ex-prefeitos-do-pt\/#article","isPartOf":{"@id":"https:\/\/eleicoes.apublica.org\/2018\/2018\/10\/doria-acerta-ao-falar-sobre-apuracao-de-mortes-de-ex-prefeitos-do-pt\/"},"author":{"name":"Anna Beatriz Anjos","@id":"https:\/\/eleicoes.apublica.org\/2018\/#\/schema\/person\/9ce1e2b7089a235ec6cf7a13c26e1e5b"},"headline":"Doria acerta ao falar sobre apura\u00e7\u00e3o de mortes de ex-prefeitos do PT","datePublished":"2018-10-17T19:40:20+00:00","mainEntityOfPage":{"@id":"https:\/\/eleicoes.apublica.org\/2018\/2018\/10\/doria-acerta-ao-falar-sobre-apuracao-de-mortes-de-ex-prefeitos-do-pt\/"},"wordCount":1000,"image":{"@id":"https:\/\/eleicoes.apublica.org\/2018\/2018\/10\/doria-acerta-ao-falar-sobre-apuracao-de-mortes-de-ex-prefeitos-do-pt\/#primaryimage"},"thumbnailUrl":"https:\/\/i0.wp.com\/eleicoes.apublica.org\/2018\/wp-content\/uploads\/2018\/10\/doria-remedio.jpeg?fit=2000%2C1341&ssl=1","keywords":["Pol\u00edtica","Viol\u00eancia"],"inLanguage":"pt-BR"},{"@type":"WebPage","@id":"https:\/\/eleicoes.apublica.org\/2018\/2018\/10\/doria-acerta-ao-falar-sobre-apuracao-de-mortes-de-ex-prefeitos-do-pt\/","url":"https:\/\/eleicoes.apublica.org\/2018\/2018\/10\/doria-acerta-ao-falar-sobre-apuracao-de-mortes-de-ex-prefeitos-do-pt\/","name":"Doria acerta ao falar sobre apura\u00e7\u00e3o de mortes de ex-prefeitos do PT - Truco2018","isPartOf":{"@id":"https:\/\/eleicoes.apublica.org\/2018\/#website"},"primaryImageOfPage":{"@id":"https:\/\/eleicoes.apublica.org\/2018\/2018\/10\/doria-acerta-ao-falar-sobre-apuracao-de-mortes-de-ex-prefeitos-do-pt\/#primaryimage"},"image":{"@id":"https:\/\/eleicoes.apublica.org\/2018\/2018\/10\/doria-acerta-ao-falar-sobre-apuracao-de-mortes-de-ex-prefeitos-do-pt\/#primaryimage"},"thumbnailUrl":"https:\/\/i0.wp.com\/eleicoes.apublica.org\/2018\/wp-content\/uploads\/2018\/10\/doria-remedio.jpeg?fit=2000%2C1341&ssl=1","datePublished":"2018-10-17T19:40:20+00:00","author":{"@id":"https:\/\/eleicoes.apublica.org\/2018\/#\/schema\/person\/9ce1e2b7089a235ec6cf7a13c26e1e5b"},"breadcrumb":{"@id":"https:\/\/eleicoes.apublica.org\/2018\/2018\/10\/doria-acerta-ao-falar-sobre-apuracao-de-mortes-de-ex-prefeitos-do-pt\/#breadcrumb"},"inLanguage":"pt-BR","potentialAction":[{"@type":"ReadAction","target":["https:\/\/eleicoes.apublica.org\/2018\/2018\/10\/doria-acerta-ao-falar-sobre-apuracao-de-mortes-de-ex-prefeitos-do-pt\/"]}]},{"@type":"ImageObject","inLanguage":"pt-BR","@id":"https:\/\/eleicoes.apublica.org\/2018\/2018\/10\/doria-acerta-ao-falar-sobre-apuracao-de-mortes-de-ex-prefeitos-do-pt\/#primaryimage","url":"https:\/\/i0.wp.com\/eleicoes.apublica.org\/2018\/wp-content\/uploads\/2018\/10\/doria-remedio.jpeg?fit=2000%2C1341&ssl=1","contentUrl":"https:\/\/i0.wp.com\/eleicoes.apublica.org\/2018\/wp-content\/uploads\/2018\/10\/doria-remedio.jpeg?fit=2000%2C1341&ssl=1","width":2000,"height":1341,"caption":"17\/04\/2017- S\u00e3o Paulo- SP, Brasil- O prefeito Jo\u00e3o Doria na coletiva de imprensa do projeto rem\u00e9dio r\u00e1pido, A disponibilidade de medicamentos nas farm\u00e1cias da Prefeitura de S\u00e3o Paulo atingiu a m\u00e9dia de 90%, n\u00edvel considerado aceit\u00e1vel e dentro dos padr\u00f5es praticados na iniciativa privada Foto: Cesar Ogata \/ Secom"},{"@type":"BreadcrumbList","@id":"https:\/\/eleicoes.apublica.org\/2018\/2018\/10\/doria-acerta-ao-falar-sobre-apuracao-de-mortes-de-ex-prefeitos-do-pt\/#breadcrumb","itemListElement":[{"@type":"ListItem","position":1,"name":"In\u00edcio","item":"https:\/\/eleicoes.apublica.org\/2018\/"},{"@type":"ListItem","position":2,"name":"Doria acerta ao falar sobre apura\u00e7\u00e3o de mortes de ex-prefeitos do PT"}]},{"@type":"WebSite","@id":"https:\/\/eleicoes.apublica.org\/2018\/#website","url":"https:\/\/eleicoes.apublica.org\/2018\/","name":"Truco2018","description":"Truco nos estados - Checamos as declara\u00e7\u00f5es de candidatos e boatos que circulam sobre as elei\u00e7\u00f5es para o governo de Minas, Cear\u00e1, S\u00e3o Paulo, Rio Grande do Sul, Par\u00e1, Paran\u00e1, Pernambuco.","potentialAction":[{"@type":"SearchAction","target":{"@type":"EntryPoint","urlTemplate":"https:\/\/eleicoes.apublica.org\/2018\/?s={search_term_string}"},"query-input":{"@type":"PropertyValueSpecification","valueRequired":true,"valueName":"search_term_string"}}],"inLanguage":"pt-BR"},{"@type":"Person","@id":"https:\/\/eleicoes.apublica.org\/2018\/#\/schema\/person\/9ce1e2b7089a235ec6cf7a13c26e1e5b","name":"Anna Beatriz Anjos","image":{"@type":"ImageObject","inLanguage":"pt-BR","@id":"https:\/\/secure.gravatar.com\/avatar\/d12a9ce106ab98612dc1c7448e8c5442e27a67d25c3e858ceb301751e50dbcb5?s=96&d=mm&r=geef69aab31ed9783e37b52eded55a26b","url":"https:\/\/secure.gravatar.com\/avatar\/d12a9ce106ab98612dc1c7448e8c5442e27a67d25c3e858ceb301751e50dbcb5?s=96&d=mm&r=g","contentUrl":"https:\/\/secure.gravatar.com\/avatar\/d12a9ce106ab98612dc1c7448e8c5442e27a67d25c3e858ceb301751e50dbcb5?s=96&d=mm&r=g","caption":"Anna Beatriz Anjos"},"description":"Jornalista\u00a0formada pela Faculdade C\u00e1sper L\u00edbero e p\u00f3s-graduanda em Estudos Brasileiros pela Funda\u00e7\u00e3o Escola de Sociologia e Pol\u00edtica de S\u00e3o Paulo (FESPSP). Em 2015, ganhou o Premio Roche de Periodismo en Salud com a reportagem Dor em Dobro, sobre o servi\u00e7o de aborto legal na rede p\u00fablica de sa\u00fade do Brasil. Em 2014, a mesma mat\u00e9ria foi vencedora do Pr\u00eamio SINDHRio de Jornalismo &amp; Sa\u00fade. Atualmente, trabalha como rep\u00f3rter na Ag\u00eancia P\u00fablica.","url":"https:\/\/eleicoes.apublica.org\/2018\/author\/anna-beatriz-anjos\/"}]}},"jetpack_featured_media_url":"https:\/\/i0.wp.com\/eleicoes.apublica.org\/2018\/wp-content\/uploads\/2018\/10\/doria-remedio.jpeg?fit=2000%2C1341&ssl=1","jetpack_shortlink":"https:\/\/wp.me\/pbyYl8-UH","jetpack_sharing_enabled":true,"_links":{"self":[{"href":"https:\/\/eleicoes.apublica.org\/2018\/wp-json\/wp\/v2\/posts\/3515","targetHints":{"allow":["GET"]}}],"collection":[{"href":"https:\/\/eleicoes.apublica.org\/2018\/wp-json\/wp\/v2\/posts"}],"about":[{"href":"https:\/\/eleicoes.apublica.org\/2018\/wp-json\/wp\/v2\/types\/post"}],"author":[{"embeddable":true,"href":"https:\/\/eleicoes.apublica.org\/2018\/wp-json\/wp\/v2\/users\/32"}],"replies":[{"embeddable":true,"href":"https:\/\/eleicoes.apublica.org\/2018\/wp-json\/wp\/v2\/comments?post=3515"}],"version-history":[{"count":5,"href":"https:\/\/eleicoes.apublica.org\/2018\/wp-json\/wp\/v2\/posts\/3515\/revisions"}],"predecessor-version":[{"id":3523,"href":"https:\/\/eleicoes.apublica.org\/2018\/wp-json\/wp\/v2\/posts\/3515\/revisions\/3523"}],"wp:featuredmedia":[{"embeddable":true,"href":"https:\/\/eleicoes.apublica.org\/2018\/wp-json\/wp\/v2\/media\/3517"}],"wp:attachment":[{"href":"https:\/\/eleicoes.apublica.org\/2018\/wp-json\/wp\/v2\/media?parent=3515"}],"wp:term":[{"taxonomy":"category","embeddable":true,"href":"https:\/\/eleicoes.apublica.org\/2018\/wp-json\/wp\/v2\/categories?post=3515"},{"taxonomy":"post_tag","embeddable":true,"href":"https:\/\/eleicoes.apublica.org\/2018\/wp-json\/wp\/v2\/tags?post=3515"},{"taxonomy":"author","embeddable":true,"href":"https:\/\/eleicoes.apublica.org\/2018\/wp-json\/wp\/v2\/coauthors?post=3515"}],"curies":[{"name":"wp","href":"https:\/\/api.w.org\/{rel}","templated":true}]}}