{"id":3598,"date":"2018-10-19T18:30:37","date_gmt":"2018-10-19T21:30:37","guid":{"rendered":"https:\/\/truco2018.apublica.org\/?p=3598"},"modified":"2018-10-19T18:00:35","modified_gmt":"2018-10-19T21:00:35","slug":"marcio-franca-cita-dado-impossivel-de-provar-sobre-investimento-em-pesquisa","status":"publish","type":"post","link":"https:\/\/eleicoes.apublica.org\/2018\/2018\/10\/marcio-franca-cita-dado-impossivel-de-provar-sobre-investimento-em-pesquisa\/","title":{"rendered":"M\u00e1rcio Fran\u00e7a cita dado imposs\u00edvel de provar sobre investimento em pesquisa"},"content":{"rendered":"<p><strong>\u201cA gente investe mais em pesquisa em S\u00e3o Paulo do que a R\u00fassia, do que a Espanha.\u201d \u2013 M\u00e1rcio Fran\u00e7a (PSB), <a href=\"https:\/\/noticias.uol.com.br\/politica\/eleicoes\/2018\/noticias\/2018\/10\/08\/marcio-franca-gostaria-de-agradecer-marketing-joao-doria.htm\">em entrevista ao UOL<\/a>.<\/strong><\/p>\n<p>O candidato M\u00e1rcio Fran\u00e7a (PSB), que disputa o segundo turno das elei\u00e7\u00f5es ao governo de S\u00e3o Paulo, afirmou que o investimento em pesquisa feito pelo estado \u00e9 superior ao da R\u00fassia e da Espanha. A frase foi dita <a href=\"https:\/\/noticias.uol.com.br\/politica\/eleicoes\/2018\/noticias\/2018\/10\/08\/marcio-franca-gostaria-de-agradecer-marketing-joao-doria.htm\" target=\"_blank\" rel=\"noopener\">na entrevista ao UOL<\/a> e repetida <a href=\"https:\/\/www.youtube.com\/watch?v=67tz7l-1LU0\" target=\"_blank\" rel=\"noopener\">no debate da Rede Bandeirantes, no dia 18 de outubro<\/a>. O <a href=\"https:\/\/truco2018.apublica.org\/\"><strong>Truco nos Estados<\/strong><\/a> \u2013 projeto de checagem de informa\u00e7\u00f5es da <strong><a href=\"http:\/\/apublica.org\">Ag\u00eancia P\u00fablica<\/a><\/strong> \u2013 verificou a afirma\u00e7\u00e3o do candidato e classificou a frase como imposs\u00edvel de provar. Como n\u00e3o h\u00e1 dados recentes sobre esse tema e os que existem, de 2011, s\u00e3o anteriores \u00e0 crise econ\u00f4mica, n\u00e3o \u00e9 poss\u00edvel saber se o comparativo ainda \u00e9 v\u00e1lido.<\/p>\n<p>A assessoria de imprensa de Fran\u00e7a enviou <a href=\"http:\/\/www.fapesp.br\/indicadores\/boletim4.pdf\">como fonte da informa\u00e7\u00e3o um boletim de 2014 da Funda\u00e7\u00e3o de Amparo \u00e0 Pesquisa do Estado de S\u00e3o Paulo (Fapesp) com indicadores de gastos em pesquisa por pa\u00eds<\/a>. O documento analisou a composi\u00e7\u00e3o dessas despesas no estado de S\u00e3o Paulo em compara\u00e7\u00e3o com pa\u00edses-membros da Organiza\u00e7\u00e3o para a Coopera\u00e7\u00e3o e Desenvolvimento Econ\u00f4mico (OCDE).<\/p>\n<p>Segundo a publica\u00e7\u00e3o, a soma do investimento empresarial e n\u00e3o empresarial em pesquisa e desenvolvimento em S\u00e3o Paulo em rela\u00e7\u00e3o ao Produto Interno Bruto (PIB) estadual, em 2011, foi de 1,61% \u2013 superior \u00e0 de pa\u00edses como Portugal, Espanha, Canad\u00e1 e R\u00fassia. Se observados apenas os investimentos feitos por empresas, o resultado tamb\u00e9m \u00e9 favor\u00e1vel ao estado (0,97%) e continua a colocar S\u00e3o Paulo \u00e0 frente desses e de outros pa\u00edses.<\/p>\n<p>Esses porcentuais, no entanto, s\u00e3o anteriores \u00e0 crise econ\u00f4mica \u2013 ou seja, n\u00e3o servem para saber quanto \u00e9 investido hoje em pesquisa e desenvolvimento pelo estado. A Fapesp informou \u00e0 reportagem que n\u00e3o possui dados mais recentes sobre o ranking de investimentos em pesquisa por pa\u00edses.<\/p>\n<p>O levantamento publicado em 2014 usou uma metodologia pr\u00f3pria, com n\u00fameros de diferentes fontes. Foram somados os investimentos de ag\u00eancias de fomento \u00e0 pesquisa estaduais e federais, recursos de institui\u00e7\u00f5es de ensino superior estaduais, federais e privadas situadas no estado, de institutos de pesquisa estaduais e federais de S\u00e3o Paulo e de empresas que atuam com pesquisa e desenvolvimento.<\/p>\n<p>Em 2016, \u00faltimo ano para o qual est\u00e1 dispon\u00edvel um boletim da Fapesp com indicadores de ci\u00eancia, tecnologia e inova\u00e7\u00e3o, foi analisado o <a href=\"http:\/\/www.fapesp.br\/indicadores\/boletim5.pdf\">porcentual de doutores titulados em programas com notas 6 e 7.<\/a> Logo, n\u00e3o foi publicada uma atualiza\u00e7\u00e3o das informa\u00e7\u00f5es sobre os gastos p\u00fablicos e privados com pesquisa.<\/p>\n","protected":false},"excerpt":{"rendered":"<p>Valor gasto por SP em rela\u00e7\u00e3o ao PIB estadual superou o de pa\u00edses como Espanha e R\u00fassia em 2011, mas n\u00e3o h\u00e1 n\u00fameros recentes<\/p>\n","protected":false},"author":33,"featured_media":3601,"comment_status":"closed","ping_status":"open","sticky":false,"template":"","format":"standard","meta":{"_acf_changed":false,"_jetpack_memberships_contains_paid_content":false,"footnotes":""},"categories":[1],"tags":[124,60],"coauthors":[19],"class_list":["post-3598","post","type-post","status-publish","format-standard","has-post-thumbnail","hentry","category-sem-categoria","tag-investimento","tag-orcamento"],"acf":{"truco":{"value":"impossivel_provar","label":"Imposs\u00edvel provar"},"resumido":"\u201cS\u00e3o Paulo investe mais em pesquisa do que a R\u00fassia ou a Espanha..\u201d","descricao":"M\u00e1rcio Fran\u00e7a (PSB), em entrevista ao UOL, afirmou que S\u00e3o Paulo investe mais em pesquisa do que a R\u00fassia ou a Espanha.","autor":"M\u00e1rcio Fran\u00e7a (PSB), candidato a governador de S\u00e3o Paulo","candidato":{"ID":185,"post_author":"1","post_date":"2018-07-30 18:45:35","post_date_gmt":"2018-07-30 21:45:35","post_content":"<span style=\"font-weight: 400;\">Atual governador do estado de S\u00e3o Paulo, M\u00e1rcio Fran\u00e7a, de 55 anos, \u00e9 candidato \u00e0 reelei\u00e7\u00e3o pelo PSB, partido no qual iniciou sua carreira pol\u00edtica, em <\/span><span style=\"font-weight: 400;\">1988. <\/span>\r\n\r\n<span style=\"font-weight: 400;\">Natural de S\u00e3o Vicente, na Baixada Santista, formou-se advogado pela Faculdade Cat\u00f3lica de Santos e foi vereador de sua cidade natal antes de se eleger prefeito, em 1997. Depois disso, foi deputado federal e comandou as secretarias de Esporte, Lazer e Turismo e Desenvolvimento nas gest\u00f5es de Geraldo Alckmin (PSDB). Este \u00faltimo cargo foi exercido simultaneamente \u00e0 fun\u00e7\u00e3o de vice-governador, que ocupou de janeiro de 2015 a abril de 2018, quando Alckmin, de quem \u00e9 considerado bra\u00e7o direito, deixou o posto para concorrer \u00e0 Presid\u00eancia da Rep\u00fablica.<\/span>","post_title":"M\u00e1rcio Fran\u00e7a","post_excerpt":"","post_status":"publish","comment_status":"closed","ping_status":"closed","post_password":"","post_name":"marcio-franca","to_ping":"","pinged":"","post_modified":"2018-08-13 11:46:14","post_modified_gmt":"2018-08-13 14:46:14","post_content_filtered":"","post_parent":0,"guid":"https:\/\/apublica.org\/truco2018\/?post_type=candidato&#038;p=185","menu_order":0,"post_type":"candidato","post_mime_type":"","comment_count":"0","filter":"raw"},"estado":{"term_id":15,"name":"S\u00e3o Paulo","slug":"sao-paulo","term_group":0,"term_taxonomy_id":15,"taxonomy":"estado","description":"","parent":0,"count":13,"filter":"raw"}},"yoast_head":"<!-- This site is optimized with the Yoast SEO plugin v27.5 - https:\/\/yoast.com\/product\/yoast-seo-wordpress\/ -->\n<title>M\u00e1rcio Fran\u00e7a cita dado imposs\u00edvel de provar sobre investimento em pesquisa - Truco2018<\/title>\n<meta name=\"robots\" content=\"index, follow, max-snippet:-1, max-image-preview:large, max-video-preview:-1\" \/>\n<link rel=\"canonical\" href=\"https:\/\/eleicoes.apublica.org\/2018\/2018\/10\/marcio-franca-cita-dado-impossivel-de-provar-sobre-investimento-em-pesquisa\/\" \/>\n<meta property=\"og:locale\" content=\"pt_BR\" \/>\n<meta property=\"og:type\" content=\"article\" \/>\n<meta property=\"og:title\" content=\"M\u00e1rcio Fran\u00e7a cita dado imposs\u00edvel de provar sobre investimento em pesquisa - Truco2018\" \/>\n<meta property=\"og:description\" content=\"Valor gasto por SP em rela\u00e7\u00e3o ao PIB estadual superou o de pa\u00edses como Espanha e R\u00fassia em 2011, mas n\u00e3o h\u00e1 n\u00fameros recentes\" \/>\n<meta property=\"og:url\" content=\"https:\/\/eleicoes.apublica.org\/2018\/2018\/10\/marcio-franca-cita-dado-impossivel-de-provar-sobre-investimento-em-pesquisa\/\" \/>\n<meta property=\"og:site_name\" content=\"Truco2018\" \/>\n<meta property=\"article:published_time\" content=\"2018-10-19T21:30:37+00:00\" \/>\n<meta property=\"og:image\" content=\"https:\/\/i0.wp.com\/eleicoes.apublica.org\/2018\/wp-content\/uploads\/2018\/10\/Cec\u00edlia-Bastos_Usp-imagens.jpg?fit=4256%2C2832&ssl=1\" \/>\n\t<meta property=\"og:image:width\" content=\"4256\" \/>\n\t<meta property=\"og:image:height\" content=\"2832\" \/>\n\t<meta property=\"og:image:type\" content=\"image\/jpeg\" \/>\n<meta name=\"author\" content=\"Caroline Ferrari\" \/>\n<meta name=\"twitter:card\" content=\"summary_large_image\" \/>\n<meta name=\"twitter:label1\" content=\"Escrito por\" \/>\n\t<meta name=\"twitter:data1\" content=\"Caroline Ferrari\" \/>\n\t<meta name=\"twitter:label2\" content=\"Est. tempo de leitura\" \/>\n\t<meta name=\"twitter:data2\" content=\"2 minutos\" \/>\n\t<meta name=\"twitter:label3\" content=\"Written by\" \/>\n\t<meta name=\"twitter:data3\" content=\"Caroline Ferrari\" \/>\n<script type=\"application\/ld+json\" class=\"yoast-schema-graph\">{\"@context\":\"https:\\\/\\\/schema.org\",\"@graph\":[{\"@type\":\"Article\",\"@id\":\"https:\\\/\\\/eleicoes.apublica.org\\\/2018\\\/2018\\\/10\\\/marcio-franca-cita-dado-impossivel-de-provar-sobre-investimento-em-pesquisa\\\/#article\",\"isPartOf\":{\"@id\":\"https:\\\/\\\/eleicoes.apublica.org\\\/2018\\\/2018\\\/10\\\/marcio-franca-cita-dado-impossivel-de-provar-sobre-investimento-em-pesquisa\\\/\"},\"author\":{\"name\":\"Caroline Ferrari\",\"@id\":\"https:\\\/\\\/eleicoes.apublica.org\\\/2018\\\/#\\\/schema\\\/person\\\/03c24ef2fb2a5b5b7b2bba1b96b2df66\"},\"headline\":\"M\u00e1rcio Fran\u00e7a cita dado imposs\u00edvel de provar sobre investimento em pesquisa\",\"datePublished\":\"2018-10-19T21:30:37+00:00\",\"mainEntityOfPage\":{\"@id\":\"https:\\\/\\\/eleicoes.apublica.org\\\/2018\\\/2018\\\/10\\\/marcio-franca-cita-dado-impossivel-de-provar-sobre-investimento-em-pesquisa\\\/\"},\"wordCount\":467,\"image\":{\"@id\":\"https:\\\/\\\/eleicoes.apublica.org\\\/2018\\\/2018\\\/10\\\/marcio-franca-cita-dado-impossivel-de-provar-sobre-investimento-em-pesquisa\\\/#primaryimage\"},\"thumbnailUrl\":\"https:\\\/\\\/i0.wp.com\\\/eleicoes.apublica.org\\\/2018\\\/wp-content\\\/uploads\\\/2018\\\/10\\\/Cec%C3%ADlia-Bastos_Usp-imagens.jpg?fit=4256%2C2832&ssl=1\",\"keywords\":[\"Investimento\",\"Or\u00e7amento\"],\"inLanguage\":\"pt-BR\"},{\"@type\":\"WebPage\",\"@id\":\"https:\\\/\\\/eleicoes.apublica.org\\\/2018\\\/2018\\\/10\\\/marcio-franca-cita-dado-impossivel-de-provar-sobre-investimento-em-pesquisa\\\/\",\"url\":\"https:\\\/\\\/eleicoes.apublica.org\\\/2018\\\/2018\\\/10\\\/marcio-franca-cita-dado-impossivel-de-provar-sobre-investimento-em-pesquisa\\\/\",\"name\":\"M\u00e1rcio Fran\u00e7a cita dado imposs\u00edvel de provar sobre investimento em pesquisa - Truco2018\",\"isPartOf\":{\"@id\":\"https:\\\/\\\/eleicoes.apublica.org\\\/2018\\\/#website\"},\"primaryImageOfPage\":{\"@id\":\"https:\\\/\\\/eleicoes.apublica.org\\\/2018\\\/2018\\\/10\\\/marcio-franca-cita-dado-impossivel-de-provar-sobre-investimento-em-pesquisa\\\/#primaryimage\"},\"image\":{\"@id\":\"https:\\\/\\\/eleicoes.apublica.org\\\/2018\\\/2018\\\/10\\\/marcio-franca-cita-dado-impossivel-de-provar-sobre-investimento-em-pesquisa\\\/#primaryimage\"},\"thumbnailUrl\":\"https:\\\/\\\/i0.wp.com\\\/eleicoes.apublica.org\\\/2018\\\/wp-content\\\/uploads\\\/2018\\\/10\\\/Cec%C3%ADlia-Bastos_Usp-imagens.jpg?fit=4256%2C2832&ssl=1\",\"datePublished\":\"2018-10-19T21:30:37+00:00\",\"author\":{\"@id\":\"https:\\\/\\\/eleicoes.apublica.org\\\/2018\\\/#\\\/schema\\\/person\\\/03c24ef2fb2a5b5b7b2bba1b96b2df66\"},\"breadcrumb\":{\"@id\":\"https:\\\/\\\/eleicoes.apublica.org\\\/2018\\\/2018\\\/10\\\/marcio-franca-cita-dado-impossivel-de-provar-sobre-investimento-em-pesquisa\\\/#breadcrumb\"},\"inLanguage\":\"pt-BR\",\"potentialAction\":[{\"@type\":\"ReadAction\",\"target\":[\"https:\\\/\\\/eleicoes.apublica.org\\\/2018\\\/2018\\\/10\\\/marcio-franca-cita-dado-impossivel-de-provar-sobre-investimento-em-pesquisa\\\/\"]}]},{\"@type\":\"ImageObject\",\"inLanguage\":\"pt-BR\",\"@id\":\"https:\\\/\\\/eleicoes.apublica.org\\\/2018\\\/2018\\\/10\\\/marcio-franca-cita-dado-impossivel-de-provar-sobre-investimento-em-pesquisa\\\/#primaryimage\",\"url\":\"https:\\\/\\\/i0.wp.com\\\/eleicoes.apublica.org\\\/2018\\\/wp-content\\\/uploads\\\/2018\\\/10\\\/Cec%C3%ADlia-Bastos_Usp-imagens.jpg?fit=4256%2C2832&ssl=1\",\"contentUrl\":\"https:\\\/\\\/i0.wp.com\\\/eleicoes.apublica.org\\\/2018\\\/wp-content\\\/uploads\\\/2018\\\/10\\\/Cec%C3%ADlia-Bastos_Usp-imagens.jpg?fit=4256%2C2832&ssl=1\",\"width\":4256,\"height\":2832,\"caption\":\"Crime fict\u00edcio, ci\u00eancia de verdade: curiosos t\u00eam dia de investigador em laborat\u00f3rio Na tarde da \u00faltima sexta-feira (29), o Laborat\u00f3rio de Aulas Pr\u00e1ticas do Instituto de Ci\u00eancias Biom\u00e9dicas (ICB) da USP se tornou o centro de uma investiga\u00e7\u00e3o criminal. Profissionais j\u00e1 formados, graduandos, alunos do ensino m\u00e9dio e professores do ensino b\u00e1sico eram alguns dos participantes da \u201cOficina CSI\u201d, promovida pelo CientificaMente, projeto de extens\u00e3o coordenado pela professora Maristela Martins de Camargo. Inspirada na c\u00e9lebre s\u00e9rie americana, a atividade tem como objetivo descobrir, por meio da an\u00e1lise de DNA, qual dos suspeitos cometeu o crime investigado. Acompanhe na fotorreportagem a seguir todos os passos dessa busca, registrada pelas lentes da fot\u00f3grafa Cec\u00edlia Bastos. Reg. 020-16 - foto Cec\u00edlia Bastos\"},{\"@type\":\"BreadcrumbList\",\"@id\":\"https:\\\/\\\/eleicoes.apublica.org\\\/2018\\\/2018\\\/10\\\/marcio-franca-cita-dado-impossivel-de-provar-sobre-investimento-em-pesquisa\\\/#breadcrumb\",\"itemListElement\":[{\"@type\":\"ListItem\",\"position\":1,\"name\":\"In\u00edcio\",\"item\":\"https:\\\/\\\/eleicoes.apublica.org\\\/2018\\\/\"},{\"@type\":\"ListItem\",\"position\":2,\"name\":\"M\u00e1rcio Fran\u00e7a cita dado imposs\u00edvel de provar sobre investimento em pesquisa\"}]},{\"@type\":\"WebSite\",\"@id\":\"https:\\\/\\\/eleicoes.apublica.org\\\/2018\\\/#website\",\"url\":\"https:\\\/\\\/eleicoes.apublica.org\\\/2018\\\/\",\"name\":\"Truco2018\",\"description\":\"Truco nos estados - Checamos as declara\u00e7\u00f5es de candidatos e boatos que circulam sobre as elei\u00e7\u00f5es para o governo de Minas, Cear\u00e1, S\u00e3o Paulo, Rio Grande do Sul, Par\u00e1, Paran\u00e1, Pernambuco.\",\"potentialAction\":[{\"@type\":\"SearchAction\",\"target\":{\"@type\":\"EntryPoint\",\"urlTemplate\":\"https:\\\/\\\/eleicoes.apublica.org\\\/2018\\\/?s={search_term_string}\"},\"query-input\":{\"@type\":\"PropertyValueSpecification\",\"valueRequired\":true,\"valueName\":\"search_term_string\"}}],\"inLanguage\":\"pt-BR\"},{\"@type\":\"Person\",\"@id\":\"https:\\\/\\\/eleicoes.apublica.org\\\/2018\\\/#\\\/schema\\\/person\\\/03c24ef2fb2a5b5b7b2bba1b96b2df66\",\"name\":\"Caroline Ferrari\",\"image\":{\"@type\":\"ImageObject\",\"inLanguage\":\"pt-BR\",\"@id\":\"https:\\\/\\\/secure.gravatar.com\\\/avatar\\\/966eb5a781a81b98dd7be20c524848c8c3d831109f5cb36ecb75bb5d3870b636?s=96&d=mm&r=g7fc3c14b8b03811fd763ec04c4542ed4\",\"url\":\"https:\\\/\\\/secure.gravatar.com\\\/avatar\\\/966eb5a781a81b98dd7be20c524848c8c3d831109f5cb36ecb75bb5d3870b636?s=96&d=mm&r=g\",\"contentUrl\":\"https:\\\/\\\/secure.gravatar.com\\\/avatar\\\/966eb5a781a81b98dd7be20c524848c8c3d831109f5cb36ecb75bb5d3870b636?s=96&d=mm&r=g\",\"caption\":\"Caroline Ferrari\"},\"description\":\"Jornalista com forma\u00e7\u00e3o pela Universidade Metodista de S\u00e3o Paulo, trabalha como rep\u00f3rter na Ag\u00eancia P\u00fablica.\",\"url\":\"https:\\\/\\\/eleicoes.apublica.org\\\/2018\\\/author\\\/caroline-ferrari\\\/\"}]}<\/script>\n<!-- \/ Yoast SEO plugin. -->","yoast_head_json":{"title":"M\u00e1rcio Fran\u00e7a cita dado imposs\u00edvel de provar sobre investimento em pesquisa - Truco2018","robots":{"index":"index","follow":"follow","max-snippet":"max-snippet:-1","max-image-preview":"max-image-preview:large","max-video-preview":"max-video-preview:-1"},"canonical":"https:\/\/eleicoes.apublica.org\/2018\/2018\/10\/marcio-franca-cita-dado-impossivel-de-provar-sobre-investimento-em-pesquisa\/","og_locale":"pt_BR","og_type":"article","og_title":"M\u00e1rcio Fran\u00e7a cita dado imposs\u00edvel de provar sobre investimento em pesquisa - Truco2018","og_description":"Valor gasto por SP em rela\u00e7\u00e3o ao PIB estadual superou o de pa\u00edses como Espanha e R\u00fassia em 2011, mas n\u00e3o h\u00e1 n\u00fameros recentes","og_url":"https:\/\/eleicoes.apublica.org\/2018\/2018\/10\/marcio-franca-cita-dado-impossivel-de-provar-sobre-investimento-em-pesquisa\/","og_site_name":"Truco2018","article_published_time":"2018-10-19T21:30:37+00:00","og_image":[{"width":4256,"height":2832,"url":"https:\/\/i0.wp.com\/eleicoes.apublica.org\/2018\/wp-content\/uploads\/2018\/10\/Cec\u00edlia-Bastos_Usp-imagens.jpg?fit=4256%2C2832&ssl=1","type":"image\/jpeg"}],"author":"Caroline Ferrari","twitter_card":"summary_large_image","twitter_misc":{"Escrito por":"Caroline Ferrari","Est. tempo de leitura":"2 minutos","Written by":"Caroline Ferrari"},"schema":{"@context":"https:\/\/schema.org","@graph":[{"@type":"Article","@id":"https:\/\/eleicoes.apublica.org\/2018\/2018\/10\/marcio-franca-cita-dado-impossivel-de-provar-sobre-investimento-em-pesquisa\/#article","isPartOf":{"@id":"https:\/\/eleicoes.apublica.org\/2018\/2018\/10\/marcio-franca-cita-dado-impossivel-de-provar-sobre-investimento-em-pesquisa\/"},"author":{"name":"Caroline Ferrari","@id":"https:\/\/eleicoes.apublica.org\/2018\/#\/schema\/person\/03c24ef2fb2a5b5b7b2bba1b96b2df66"},"headline":"M\u00e1rcio Fran\u00e7a cita dado imposs\u00edvel de provar sobre investimento em pesquisa","datePublished":"2018-10-19T21:30:37+00:00","mainEntityOfPage":{"@id":"https:\/\/eleicoes.apublica.org\/2018\/2018\/10\/marcio-franca-cita-dado-impossivel-de-provar-sobre-investimento-em-pesquisa\/"},"wordCount":467,"image":{"@id":"https:\/\/eleicoes.apublica.org\/2018\/2018\/10\/marcio-franca-cita-dado-impossivel-de-provar-sobre-investimento-em-pesquisa\/#primaryimage"},"thumbnailUrl":"https:\/\/i0.wp.com\/eleicoes.apublica.org\/2018\/wp-content\/uploads\/2018\/10\/Cec%C3%ADlia-Bastos_Usp-imagens.jpg?fit=4256%2C2832&ssl=1","keywords":["Investimento","Or\u00e7amento"],"inLanguage":"pt-BR"},{"@type":"WebPage","@id":"https:\/\/eleicoes.apublica.org\/2018\/2018\/10\/marcio-franca-cita-dado-impossivel-de-provar-sobre-investimento-em-pesquisa\/","url":"https:\/\/eleicoes.apublica.org\/2018\/2018\/10\/marcio-franca-cita-dado-impossivel-de-provar-sobre-investimento-em-pesquisa\/","name":"M\u00e1rcio Fran\u00e7a cita dado imposs\u00edvel de provar sobre investimento em pesquisa - Truco2018","isPartOf":{"@id":"https:\/\/eleicoes.apublica.org\/2018\/#website"},"primaryImageOfPage":{"@id":"https:\/\/eleicoes.apublica.org\/2018\/2018\/10\/marcio-franca-cita-dado-impossivel-de-provar-sobre-investimento-em-pesquisa\/#primaryimage"},"image":{"@id":"https:\/\/eleicoes.apublica.org\/2018\/2018\/10\/marcio-franca-cita-dado-impossivel-de-provar-sobre-investimento-em-pesquisa\/#primaryimage"},"thumbnailUrl":"https:\/\/i0.wp.com\/eleicoes.apublica.org\/2018\/wp-content\/uploads\/2018\/10\/Cec%C3%ADlia-Bastos_Usp-imagens.jpg?fit=4256%2C2832&ssl=1","datePublished":"2018-10-19T21:30:37+00:00","author":{"@id":"https:\/\/eleicoes.apublica.org\/2018\/#\/schema\/person\/03c24ef2fb2a5b5b7b2bba1b96b2df66"},"breadcrumb":{"@id":"https:\/\/eleicoes.apublica.org\/2018\/2018\/10\/marcio-franca-cita-dado-impossivel-de-provar-sobre-investimento-em-pesquisa\/#breadcrumb"},"inLanguage":"pt-BR","potentialAction":[{"@type":"ReadAction","target":["https:\/\/eleicoes.apublica.org\/2018\/2018\/10\/marcio-franca-cita-dado-impossivel-de-provar-sobre-investimento-em-pesquisa\/"]}]},{"@type":"ImageObject","inLanguage":"pt-BR","@id":"https:\/\/eleicoes.apublica.org\/2018\/2018\/10\/marcio-franca-cita-dado-impossivel-de-provar-sobre-investimento-em-pesquisa\/#primaryimage","url":"https:\/\/i0.wp.com\/eleicoes.apublica.org\/2018\/wp-content\/uploads\/2018\/10\/Cec%C3%ADlia-Bastos_Usp-imagens.jpg?fit=4256%2C2832&ssl=1","contentUrl":"https:\/\/i0.wp.com\/eleicoes.apublica.org\/2018\/wp-content\/uploads\/2018\/10\/Cec%C3%ADlia-Bastos_Usp-imagens.jpg?fit=4256%2C2832&ssl=1","width":4256,"height":2832,"caption":"Crime fict\u00edcio, ci\u00eancia de verdade: curiosos t\u00eam dia de investigador em laborat\u00f3rio Na tarde da \u00faltima sexta-feira (29), o Laborat\u00f3rio de Aulas Pr\u00e1ticas do Instituto de Ci\u00eancias Biom\u00e9dicas (ICB) da USP se tornou o centro de uma investiga\u00e7\u00e3o criminal. Profissionais j\u00e1 formados, graduandos, alunos do ensino m\u00e9dio e professores do ensino b\u00e1sico eram alguns dos participantes da \u201cOficina CSI\u201d, promovida pelo CientificaMente, projeto de extens\u00e3o coordenado pela professora Maristela Martins de Camargo. Inspirada na c\u00e9lebre s\u00e9rie americana, a atividade tem como objetivo descobrir, por meio da an\u00e1lise de DNA, qual dos suspeitos cometeu o crime investigado. Acompanhe na fotorreportagem a seguir todos os passos dessa busca, registrada pelas lentes da fot\u00f3grafa Cec\u00edlia Bastos. Reg. 020-16 - foto Cec\u00edlia Bastos"},{"@type":"BreadcrumbList","@id":"https:\/\/eleicoes.apublica.org\/2018\/2018\/10\/marcio-franca-cita-dado-impossivel-de-provar-sobre-investimento-em-pesquisa\/#breadcrumb","itemListElement":[{"@type":"ListItem","position":1,"name":"In\u00edcio","item":"https:\/\/eleicoes.apublica.org\/2018\/"},{"@type":"ListItem","position":2,"name":"M\u00e1rcio Fran\u00e7a cita dado imposs\u00edvel de provar sobre investimento em pesquisa"}]},{"@type":"WebSite","@id":"https:\/\/eleicoes.apublica.org\/2018\/#website","url":"https:\/\/eleicoes.apublica.org\/2018\/","name":"Truco2018","description":"Truco nos estados - Checamos as declara\u00e7\u00f5es de candidatos e boatos que circulam sobre as elei\u00e7\u00f5es para o governo de Minas, Cear\u00e1, S\u00e3o Paulo, Rio Grande do Sul, Par\u00e1, Paran\u00e1, Pernambuco.","potentialAction":[{"@type":"SearchAction","target":{"@type":"EntryPoint","urlTemplate":"https:\/\/eleicoes.apublica.org\/2018\/?s={search_term_string}"},"query-input":{"@type":"PropertyValueSpecification","valueRequired":true,"valueName":"search_term_string"}}],"inLanguage":"pt-BR"},{"@type":"Person","@id":"https:\/\/eleicoes.apublica.org\/2018\/#\/schema\/person\/03c24ef2fb2a5b5b7b2bba1b96b2df66","name":"Caroline Ferrari","image":{"@type":"ImageObject","inLanguage":"pt-BR","@id":"https:\/\/secure.gravatar.com\/avatar\/966eb5a781a81b98dd7be20c524848c8c3d831109f5cb36ecb75bb5d3870b636?s=96&d=mm&r=g7fc3c14b8b03811fd763ec04c4542ed4","url":"https:\/\/secure.gravatar.com\/avatar\/966eb5a781a81b98dd7be20c524848c8c3d831109f5cb36ecb75bb5d3870b636?s=96&d=mm&r=g","contentUrl":"https:\/\/secure.gravatar.com\/avatar\/966eb5a781a81b98dd7be20c524848c8c3d831109f5cb36ecb75bb5d3870b636?s=96&d=mm&r=g","caption":"Caroline Ferrari"},"description":"Jornalista com forma\u00e7\u00e3o pela Universidade Metodista de S\u00e3o Paulo, trabalha como rep\u00f3rter na Ag\u00eancia P\u00fablica.","url":"https:\/\/eleicoes.apublica.org\/2018\/author\/caroline-ferrari\/"}]}},"jetpack_featured_media_url":"https:\/\/i0.wp.com\/eleicoes.apublica.org\/2018\/wp-content\/uploads\/2018\/10\/Cec%C3%ADlia-Bastos_Usp-imagens.jpg?fit=4256%2C2832&ssl=1","jetpack_shortlink":"https:\/\/wp.me\/pbyYl8-W2","jetpack_sharing_enabled":true,"_links":{"self":[{"href":"https:\/\/eleicoes.apublica.org\/2018\/wp-json\/wp\/v2\/posts\/3598","targetHints":{"allow":["GET"]}}],"collection":[{"href":"https:\/\/eleicoes.apublica.org\/2018\/wp-json\/wp\/v2\/posts"}],"about":[{"href":"https:\/\/eleicoes.apublica.org\/2018\/wp-json\/wp\/v2\/types\/post"}],"author":[{"embeddable":true,"href":"https:\/\/eleicoes.apublica.org\/2018\/wp-json\/wp\/v2\/users\/33"}],"replies":[{"embeddable":true,"href":"https:\/\/eleicoes.apublica.org\/2018\/wp-json\/wp\/v2\/comments?post=3598"}],"version-history":[{"count":7,"href":"https:\/\/eleicoes.apublica.org\/2018\/wp-json\/wp\/v2\/posts\/3598\/revisions"}],"predecessor-version":[{"id":3610,"href":"https:\/\/eleicoes.apublica.org\/2018\/wp-json\/wp\/v2\/posts\/3598\/revisions\/3610"}],"wp:featuredmedia":[{"embeddable":true,"href":"https:\/\/eleicoes.apublica.org\/2018\/wp-json\/wp\/v2\/media\/3601"}],"wp:attachment":[{"href":"https:\/\/eleicoes.apublica.org\/2018\/wp-json\/wp\/v2\/media?parent=3598"}],"wp:term":[{"taxonomy":"category","embeddable":true,"href":"https:\/\/eleicoes.apublica.org\/2018\/wp-json\/wp\/v2\/categories?post=3598"},{"taxonomy":"post_tag","embeddable":true,"href":"https:\/\/eleicoes.apublica.org\/2018\/wp-json\/wp\/v2\/tags?post=3598"},{"taxonomy":"author","embeddable":true,"href":"https:\/\/eleicoes.apublica.org\/2018\/wp-json\/wp\/v2\/coauthors?post=3598"}],"curies":[{"name":"wp","href":"https:\/\/api.w.org\/{rel}","templated":true}]}}