{"id":3670,"date":"2018-10-25T12:19:11","date_gmt":"2018-10-25T15:19:11","guid":{"rendered":"https:\/\/truco2018.apublica.org\/?p=3670"},"modified":"2018-10-25T12:19:11","modified_gmt":"2018-10-25T15:19:11","slug":"certo-anastasia-zema-afirmou-que-governo-nao-deve-ser-responsavel-direto-pela-oferta-de-saude","status":"publish","type":"post","link":"https:\/\/eleicoes.apublica.org\/2018\/2018\/10\/certo-anastasia-zema-afirmou-que-governo-nao-deve-ser-responsavel-direto-pela-oferta-de-saude\/","title":{"rendered":"Certo, Anastasia: Zema afirmou que governo n\u00e3o deve ser respons\u00e1vel direto pela oferta de sa\u00fade"},"content":{"rendered":"<p><strong>\u201cEu sei ler bem e li, no programa de governo do nosso candidato [Romeu Zema], expressamente a proposta de privatiza\u00e7\u00e3o da sa\u00fade, inclusive dizendo que n\u00e3o deve ser o poder p\u00fablico, o governo, o respons\u00e1vel direto pela \u00e1rea da sa\u00fade\u201d<\/strong>, Antonio Anastasia, candidato ao governo de Minas Gerais, <a href=\"https:\/\/noticias.r7.com\/minas-gerais\/videos\/confira-o-primeiro-bloco-do-debate-para-o-governo-de-minas-gerais-20102018\">durante debate da TV Record<\/a>.<\/p>\n<p>De fato, o plano de governo de Romeu Zema afirma: \u201cO governo n\u00e3o deve ser o respons\u00e1vel direto pela oferta de sa\u00fade\u201d. A afirma\u00e7\u00e3o est\u00e1 na p\u00e1gina 48 do plano de governo <a href=\"https:\/\/zema30.com.br\/30-propostas\">dispon\u00edvel no site do candidato<\/a> e que tamb\u00e9m est\u00e1 registrado <a href=\"http:\/\/divulgacandcontas.tse.jus.br\/candidaturas\/oficial\/2018\/BR\/MG\/2022802018\/130000600702\/\/proposta_1533160671813.pdf\">no sistema de registro de candidaturas do Tribunal Superior Eleitoral (TSE)<\/a>.<\/p>\n<p>A mesma afirma\u00e7\u00e3o tamb\u00e9m est\u00e1 presente <a href=\"https:\/\/drive.google.com\/file\/d\/1NVmuppkNSBje6iQXKiWtunlRS1Vx0rFv\/view\">em outra vers\u00e3o do plano de governo<\/a>, cujo arquivo foi acessado pela equipe do <strong>Truco nos Estados<\/strong> \u2014\u00a0 projeto de checagem da <strong>Ag\u00eancia P\u00fablica<\/strong> \u2014 em 28 de setembro de 2018 no site oficial do candidato (embora o documento n\u00e3o esteja mais dispon\u00edvel na p\u00e1gina). Nesse segundo plano, a frase de que o governo n\u00e3o deve ser respons\u00e1vel direto pela oferta de sa\u00fade consta na p\u00e1gina 40.<\/p>\n<p>Numa se\u00e7\u00e3o intitulada \u201cO caminho para melhorar a sa\u00fade parte de seu atendimento pelo livre mercado\u201d, o plano de governo de Romeu Zema argumenta que diante de uma melhora na renda, a popula\u00e7\u00e3o busca por planos privados de sa\u00fade, mas as leis atuais e a cobran\u00e7a de impostos s\u00e3o barreiras \u00e0 amplia\u00e7\u00e3o dos planos.<\/p>\n<p>Por isso, o <strong>Truco <\/strong>classifica a afirma\u00e7\u00e3o de Antonio Anastasia como verdadeira.<\/p>\n<h3>Zema prop\u00f4s que governo compre planos de sa\u00fade para a popula\u00e7\u00e3o<\/h3>\n<p>Noutro trecho, o plano de Romeu Zema afirma: \u201cN\u00e3o \u00e9 preciso que o Estado realize a gest\u00e3o direta dos equipamentos p\u00fablicos de sa\u00fade, mas sim que ele passe da condi\u00e7\u00e3o de provedor direto do servi\u00e7o para uma fun\u00e7\u00e3o mais estrat\u00e9gica de monitorar e avaliar outras entidades mais capazes de ofert\u00e1-los\u201d. (p\u00e1gina 45 do plano oficial e p\u00e1gina 48 do plano retirado do ar)<\/p>\n<p>O plano tamb\u00e9m prop\u00f5e \u201cviabilizar programas piloto onde o governo possa comprar servi\u00e7os privados de sa\u00fade para a popula\u00e7\u00e3o\u201d (p\u00e1gina 51). Na vers\u00e3o do plano que foi retirada do ar, h\u00e1 um detalhamento de que o governo deveria comprar planos de sa\u00fade para popula\u00e7\u00e3o \u201ccom menor renda\u201d (p\u00e1gina 42). A justificativa apresentada nos dois documentos \u00e9 de que com medida a popula\u00e7\u00e3o poder\u00e1 comparar servi\u00e7os p\u00fablicos e privados e \u201ccobrar novas pol\u00edticas em dire\u00e7\u00e3o a um novo modelo de sa\u00fade com mais liberdade\u201d.<\/p>\n<p>Em outro trecho, o plano refor\u00e7a a atua\u00e7\u00e3o do mercado como solu\u00e7\u00e3o para a \u00e1rea de sa\u00fade: \u201cA assist\u00eancia \u00e0 sa\u00fade assegurada pelo livre mercado custa menos e \u00e9 mais vers\u00e1til que aquela proporcionada diretamente pelo Estado\u201d. (P\u00e1gina 48 do plano oficial e p\u00e1gina 40 do plano retirado do ar)<\/p>\n<p>Procurada, a assessoria de comunica\u00e7\u00e3o de Antonio Anastasia n\u00e3o respondeu ao <strong>Truco<\/strong>.<\/p>\n<h3>Acusado por Anastasia, Zema se defende<\/h3>\n<p>Procurada pela equipe do <strong>Truco<\/strong>, a assessoria de Romeu Zema argumentou que \u201cas propostas do NOVO para reestruturar o modelo de sa\u00fade em Minas Gerais privilegiam o acesso \u00e0 sa\u00fade de boa qualidade para todos, que caminha lado a lado de uma menor interfer\u00eancia do estado e de um crescimento do poder aquisitivo da popula\u00e7\u00e3o\u201d. Segundo a assessoria, a menor interven\u00e7\u00e3o do Estado, somada ao enriquecimento da popula\u00e7\u00e3o, permitir\u00e3o \u201ca livre concorr\u00eancia e a liberdade de escolha por parte dos indiv\u00edduos para optarem pelos servi\u00e7os (p\u00fablicos ou privados) que melhor atendam suas necessidades\u201d.<\/p>\n","protected":false},"excerpt":{"rendered":"<p>Uma das propostas do candidato pelo Partido Novo \u00e9 que governo compre servi\u00e7os privados de sa\u00fade para a popula\u00e7\u00e3o<\/p>\n","protected":false},"author":19,"featured_media":3676,"comment_status":"closed","ping_status":"open","sticky":false,"template":"","format":"standard","meta":{"_acf_changed":false,"_jetpack_memberships_contains_paid_content":false,"footnotes":""},"categories":[1],"tags":[34],"coauthors":[102],"class_list":["post-3670","post","type-post","status-publish","format-standard","has-post-thumbnail","hentry","category-sem-categoria","tag-saude"],"acf":{"truco":{"value":"verdadeiro","label":"Verdadeiro"},"resumido":"Eu sei ler bem e li, no programa de governo do nosso candidato Romeu Zema, expressamente a proposta de privatiza\u00e7\u00e3o da sa\u00fade, inclusive dizendo que n\u00e3o deve ser o poder p\u00fablico, o governo, o respons\u00e1vel direto pela \u00e1rea da sa\u00fade","descricao":"Antonio Anastasia, candidato a governador de Minas, afirma que no programa de governo do candidato Romeu Zema h\u00e1 a proposta de privatiza\u00e7\u00e3o da sa\u00fade, inclusive dizendo que n\u00e3o deve ser o poder p\u00fablico, o governo, o respons\u00e1vel direto pela \u00e1rea da sa\u00fade","autor":"Antonio Anastasia (PSDB), candidato a governador","candidato":{"ID":65,"post_author":"1","post_date":"2018-07-26 13:35:06","post_date_gmt":"2018-07-26 16:35:06","post_content":"Antonio Anastasia, 57 anos, \u00e9 senador e professor da Escola de Direito da Universidade Federal de Minas Gerais (UFMG). Em 2006, foi eleito vice-governador de Minas Gerais na chapa que elegeu A\u00e9cio Neves (PSDB). Em mar\u00e7o de 2010, ap\u00f3s a ren\u00fancia de A\u00e9cio, assumiu como governador at\u00e9 o final do mandato. Foi reeleito e permaneceu no cargo at\u00e9 2014, quando renunciou para concorrer ao Senado, eleito em 2014.\r\n\r\nAnastasia \u00e9 investigado junto a A\u00e9cio Neves no Supremo Tribunal Federal (STF) pela acusa\u00e7\u00e3o de repasses irregulares da Odebrecht a pedido de A\u00e9cio para a campanha de Anastasia ao governo de Minas Gerais, em 2010. A defesa de ambos os pol\u00edticos contestam as acusa\u00e7\u00f5es.\r\n\r\nO candidato a vice-governador da chapa de Anastasia, o deputado federal Marcos Montes (PSD), foi prefeito de Uberaba de 1997 a 2004 e\u00a0presidiu da Frente Parlamentar da Agropecu\u00e1ria (FPA).","post_title":"Antonio Anastasia","post_excerpt":"","post_status":"publish","comment_status":"closed","ping_status":"closed","post_password":"","post_name":"antonio-anastasia","to_ping":"","pinged":"","post_modified":"2018-08-13 12:10:52","post_modified_gmt":"2018-08-13 15:10:52","post_content_filtered":"","post_parent":0,"guid":"https:\/\/apublica.org\/truco2018\/?post_type=candidato&#038;p=65","menu_order":0,"post_type":"candidato","post_mime_type":"","comment_count":"0","filter":"raw"},"pizza":"[]","estado":{"term_id":9,"name":"Minas Gerais","slug":"minas-gerais","term_group":0,"term_taxonomy_id":9,"taxonomy":"estado","description":"","parent":0,"count":14,"filter":"raw"}},"yoast_head":"<!-- This site is optimized with the Yoast SEO plugin v27.5 - https:\/\/yoast.com\/product\/yoast-seo-wordpress\/ -->\n<title>Certo, Anastasia: Zema afirmou que governo n\u00e3o deve ser respons\u00e1vel direto pela oferta de sa\u00fade - Truco2018<\/title>\n<meta name=\"robots\" content=\"index, follow, max-snippet:-1, max-image-preview:large, max-video-preview:-1\" \/>\n<link rel=\"canonical\" href=\"https:\/\/eleicoes.apublica.org\/2018\/2018\/10\/certo-anastasia-zema-afirmou-que-governo-nao-deve-ser-responsavel-direto-pela-oferta-de-saude\/\" \/>\n<meta property=\"og:locale\" content=\"pt_BR\" \/>\n<meta property=\"og:type\" content=\"article\" \/>\n<meta property=\"og:title\" content=\"Certo, Anastasia: Zema afirmou que governo n\u00e3o deve ser respons\u00e1vel direto pela oferta de sa\u00fade - Truco2018\" \/>\n<meta property=\"og:description\" content=\"Uma das propostas do candidato pelo Partido Novo \u00e9 que governo compre servi\u00e7os privados de sa\u00fade para a popula\u00e7\u00e3o\" \/>\n<meta property=\"og:url\" content=\"https:\/\/eleicoes.apublica.org\/2018\/2018\/10\/certo-anastasia-zema-afirmou-que-governo-nao-deve-ser-responsavel-direto-pela-oferta-de-saude\/\" \/>\n<meta property=\"og:site_name\" content=\"Truco2018\" \/>\n<meta property=\"article:published_time\" content=\"2018-10-25T15:19:11+00:00\" \/>\n<meta property=\"og:image\" content=\"https:\/\/i0.wp.com\/eleicoes.apublica.org\/2018\/wp-content\/uploads\/2018\/10\/candidatos.jpg?fit=800%2C811&ssl=1\" \/>\n\t<meta property=\"og:image:width\" content=\"800\" \/>\n\t<meta property=\"og:image:height\" content=\"811\" \/>\n\t<meta property=\"og:image:type\" content=\"image\/jpeg\" \/>\n<meta name=\"author\" content=\"Eliziane Lara\" \/>\n<meta name=\"twitter:card\" content=\"summary_large_image\" \/>\n<meta name=\"twitter:label1\" content=\"Escrito por\" \/>\n\t<meta name=\"twitter:data1\" content=\"Eliziane Lara\" \/>\n\t<meta name=\"twitter:label2\" content=\"Est. tempo de leitura\" \/>\n\t<meta name=\"twitter:data2\" content=\"3 minutos\" \/>\n\t<meta name=\"twitter:label3\" content=\"Written by\" \/>\n\t<meta name=\"twitter:data3\" content=\"Eliziane Lara\" \/>\n<script type=\"application\/ld+json\" class=\"yoast-schema-graph\">{\"@context\":\"https:\\\/\\\/schema.org\",\"@graph\":[{\"@type\":\"Article\",\"@id\":\"https:\\\/\\\/eleicoes.apublica.org\\\/2018\\\/2018\\\/10\\\/certo-anastasia-zema-afirmou-que-governo-nao-deve-ser-responsavel-direto-pela-oferta-de-saude\\\/#article\",\"isPartOf\":{\"@id\":\"https:\\\/\\\/eleicoes.apublica.org\\\/2018\\\/2018\\\/10\\\/certo-anastasia-zema-afirmou-que-governo-nao-deve-ser-responsavel-direto-pela-oferta-de-saude\\\/\"},\"author\":{\"name\":\"Eliziane Lara\",\"@id\":\"https:\\\/\\\/eleicoes.apublica.org\\\/2018\\\/#\\\/schema\\\/person\\\/2a142ce9b42a42942f518ca2617e6bac\"},\"headline\":\"Certo, Anastasia: Zema afirmou que governo n\u00e3o deve ser respons\u00e1vel direto pela oferta de sa\u00fade\",\"datePublished\":\"2018-10-25T15:19:11+00:00\",\"mainEntityOfPage\":{\"@id\":\"https:\\\/\\\/eleicoes.apublica.org\\\/2018\\\/2018\\\/10\\\/certo-anastasia-zema-afirmou-que-governo-nao-deve-ser-responsavel-direto-pela-oferta-de-saude\\\/\"},\"wordCount\":648,\"image\":{\"@id\":\"https:\\\/\\\/eleicoes.apublica.org\\\/2018\\\/2018\\\/10\\\/certo-anastasia-zema-afirmou-que-governo-nao-deve-ser-responsavel-direto-pela-oferta-de-saude\\\/#primaryimage\"},\"thumbnailUrl\":\"https:\\\/\\\/i0.wp.com\\\/eleicoes.apublica.org\\\/2018\\\/wp-content\\\/uploads\\\/2018\\\/10\\\/candidatos.jpg?fit=800%2C811&ssl=1\",\"keywords\":[\"Sa\u00fade\"],\"inLanguage\":\"pt-BR\"},{\"@type\":\"WebPage\",\"@id\":\"https:\\\/\\\/eleicoes.apublica.org\\\/2018\\\/2018\\\/10\\\/certo-anastasia-zema-afirmou-que-governo-nao-deve-ser-responsavel-direto-pela-oferta-de-saude\\\/\",\"url\":\"https:\\\/\\\/eleicoes.apublica.org\\\/2018\\\/2018\\\/10\\\/certo-anastasia-zema-afirmou-que-governo-nao-deve-ser-responsavel-direto-pela-oferta-de-saude\\\/\",\"name\":\"Certo, Anastasia: Zema afirmou que governo n\u00e3o deve ser respons\u00e1vel direto pela oferta de sa\u00fade - Truco2018\",\"isPartOf\":{\"@id\":\"https:\\\/\\\/eleicoes.apublica.org\\\/2018\\\/#website\"},\"primaryImageOfPage\":{\"@id\":\"https:\\\/\\\/eleicoes.apublica.org\\\/2018\\\/2018\\\/10\\\/certo-anastasia-zema-afirmou-que-governo-nao-deve-ser-responsavel-direto-pela-oferta-de-saude\\\/#primaryimage\"},\"image\":{\"@id\":\"https:\\\/\\\/eleicoes.apublica.org\\\/2018\\\/2018\\\/10\\\/certo-anastasia-zema-afirmou-que-governo-nao-deve-ser-responsavel-direto-pela-oferta-de-saude\\\/#primaryimage\"},\"thumbnailUrl\":\"https:\\\/\\\/i0.wp.com\\\/eleicoes.apublica.org\\\/2018\\\/wp-content\\\/uploads\\\/2018\\\/10\\\/candidatos.jpg?fit=800%2C811&ssl=1\",\"datePublished\":\"2018-10-25T15:19:11+00:00\",\"author\":{\"@id\":\"https:\\\/\\\/eleicoes.apublica.org\\\/2018\\\/#\\\/schema\\\/person\\\/2a142ce9b42a42942f518ca2617e6bac\"},\"breadcrumb\":{\"@id\":\"https:\\\/\\\/eleicoes.apublica.org\\\/2018\\\/2018\\\/10\\\/certo-anastasia-zema-afirmou-que-governo-nao-deve-ser-responsavel-direto-pela-oferta-de-saude\\\/#breadcrumb\"},\"inLanguage\":\"pt-BR\",\"potentialAction\":[{\"@type\":\"ReadAction\",\"target\":[\"https:\\\/\\\/eleicoes.apublica.org\\\/2018\\\/2018\\\/10\\\/certo-anastasia-zema-afirmou-que-governo-nao-deve-ser-responsavel-direto-pela-oferta-de-saude\\\/\"]}]},{\"@type\":\"ImageObject\",\"inLanguage\":\"pt-BR\",\"@id\":\"https:\\\/\\\/eleicoes.apublica.org\\\/2018\\\/2018\\\/10\\\/certo-anastasia-zema-afirmou-que-governo-nao-deve-ser-responsavel-direto-pela-oferta-de-saude\\\/#primaryimage\",\"url\":\"https:\\\/\\\/i0.wp.com\\\/eleicoes.apublica.org\\\/2018\\\/wp-content\\\/uploads\\\/2018\\\/10\\\/candidatos.jpg?fit=800%2C811&ssl=1\",\"contentUrl\":\"https:\\\/\\\/i0.wp.com\\\/eleicoes.apublica.org\\\/2018\\\/wp-content\\\/uploads\\\/2018\\\/10\\\/candidatos.jpg?fit=800%2C811&ssl=1\",\"width\":800,\"height\":811},{\"@type\":\"BreadcrumbList\",\"@id\":\"https:\\\/\\\/eleicoes.apublica.org\\\/2018\\\/2018\\\/10\\\/certo-anastasia-zema-afirmou-que-governo-nao-deve-ser-responsavel-direto-pela-oferta-de-saude\\\/#breadcrumb\",\"itemListElement\":[{\"@type\":\"ListItem\",\"position\":1,\"name\":\"In\u00edcio\",\"item\":\"https:\\\/\\\/eleicoes.apublica.org\\\/2018\\\/\"},{\"@type\":\"ListItem\",\"position\":2,\"name\":\"Certo, Anastasia: Zema afirmou que governo n\u00e3o deve ser respons\u00e1vel direto pela oferta de sa\u00fade\"}]},{\"@type\":\"WebSite\",\"@id\":\"https:\\\/\\\/eleicoes.apublica.org\\\/2018\\\/#website\",\"url\":\"https:\\\/\\\/eleicoes.apublica.org\\\/2018\\\/\",\"name\":\"Truco2018\",\"description\":\"Truco nos estados - Checamos as declara\u00e7\u00f5es de candidatos e boatos que circulam sobre as elei\u00e7\u00f5es para o governo de Minas, Cear\u00e1, S\u00e3o Paulo, Rio Grande do Sul, Par\u00e1, Paran\u00e1, Pernambuco.\",\"potentialAction\":[{\"@type\":\"SearchAction\",\"target\":{\"@type\":\"EntryPoint\",\"urlTemplate\":\"https:\\\/\\\/eleicoes.apublica.org\\\/2018\\\/?s={search_term_string}\"},\"query-input\":{\"@type\":\"PropertyValueSpecification\",\"valueRequired\":true,\"valueName\":\"search_term_string\"}}],\"inLanguage\":\"pt-BR\"},{\"@type\":\"Person\",\"@id\":\"https:\\\/\\\/eleicoes.apublica.org\\\/2018\\\/#\\\/schema\\\/person\\\/2a142ce9b42a42942f518ca2617e6bac\",\"name\":\"Eliziane Lara\",\"image\":{\"@type\":\"ImageObject\",\"inLanguage\":\"pt-BR\",\"@id\":\"https:\\\/\\\/secure.gravatar.com\\\/avatar\\\/fac45630586ee23b69e602f55aebdddff7696d69442a8db8bf0b0bdfc2e7a84b?s=96&d=mm&r=gc22e997d20b682174986b13679510b6c\",\"url\":\"https:\\\/\\\/secure.gravatar.com\\\/avatar\\\/fac45630586ee23b69e602f55aebdddff7696d69442a8db8bf0b0bdfc2e7a84b?s=96&d=mm&r=g\",\"contentUrl\":\"https:\\\/\\\/secure.gravatar.com\\\/avatar\\\/fac45630586ee23b69e602f55aebdddff7696d69442a8db8bf0b0bdfc2e7a84b?s=96&d=mm&r=g\",\"caption\":\"Eliziane Lara\"},\"url\":\"https:\\\/\\\/eleicoes.apublica.org\\\/2018\\\/author\\\/eliziane-lara\\\/\"}]}<\/script>\n<!-- \/ Yoast SEO plugin. -->","yoast_head_json":{"title":"Certo, Anastasia: Zema afirmou que governo n\u00e3o deve ser respons\u00e1vel direto pela oferta de sa\u00fade - Truco2018","robots":{"index":"index","follow":"follow","max-snippet":"max-snippet:-1","max-image-preview":"max-image-preview:large","max-video-preview":"max-video-preview:-1"},"canonical":"https:\/\/eleicoes.apublica.org\/2018\/2018\/10\/certo-anastasia-zema-afirmou-que-governo-nao-deve-ser-responsavel-direto-pela-oferta-de-saude\/","og_locale":"pt_BR","og_type":"article","og_title":"Certo, Anastasia: Zema afirmou que governo n\u00e3o deve ser respons\u00e1vel direto pela oferta de sa\u00fade - Truco2018","og_description":"Uma das propostas do candidato pelo Partido Novo \u00e9 que governo compre servi\u00e7os privados de sa\u00fade para a popula\u00e7\u00e3o","og_url":"https:\/\/eleicoes.apublica.org\/2018\/2018\/10\/certo-anastasia-zema-afirmou-que-governo-nao-deve-ser-responsavel-direto-pela-oferta-de-saude\/","og_site_name":"Truco2018","article_published_time":"2018-10-25T15:19:11+00:00","og_image":[{"width":800,"height":811,"url":"https:\/\/i0.wp.com\/eleicoes.apublica.org\/2018\/wp-content\/uploads\/2018\/10\/candidatos.jpg?fit=800%2C811&ssl=1","type":"image\/jpeg"}],"author":"Eliziane Lara","twitter_card":"summary_large_image","twitter_misc":{"Escrito por":"Eliziane Lara","Est. tempo de leitura":"3 minutos","Written by":"Eliziane Lara"},"schema":{"@context":"https:\/\/schema.org","@graph":[{"@type":"Article","@id":"https:\/\/eleicoes.apublica.org\/2018\/2018\/10\/certo-anastasia-zema-afirmou-que-governo-nao-deve-ser-responsavel-direto-pela-oferta-de-saude\/#article","isPartOf":{"@id":"https:\/\/eleicoes.apublica.org\/2018\/2018\/10\/certo-anastasia-zema-afirmou-que-governo-nao-deve-ser-responsavel-direto-pela-oferta-de-saude\/"},"author":{"name":"Eliziane Lara","@id":"https:\/\/eleicoes.apublica.org\/2018\/#\/schema\/person\/2a142ce9b42a42942f518ca2617e6bac"},"headline":"Certo, Anastasia: Zema afirmou que governo n\u00e3o deve ser respons\u00e1vel direto pela oferta de sa\u00fade","datePublished":"2018-10-25T15:19:11+00:00","mainEntityOfPage":{"@id":"https:\/\/eleicoes.apublica.org\/2018\/2018\/10\/certo-anastasia-zema-afirmou-que-governo-nao-deve-ser-responsavel-direto-pela-oferta-de-saude\/"},"wordCount":648,"image":{"@id":"https:\/\/eleicoes.apublica.org\/2018\/2018\/10\/certo-anastasia-zema-afirmou-que-governo-nao-deve-ser-responsavel-direto-pela-oferta-de-saude\/#primaryimage"},"thumbnailUrl":"https:\/\/i0.wp.com\/eleicoes.apublica.org\/2018\/wp-content\/uploads\/2018\/10\/candidatos.jpg?fit=800%2C811&ssl=1","keywords":["Sa\u00fade"],"inLanguage":"pt-BR"},{"@type":"WebPage","@id":"https:\/\/eleicoes.apublica.org\/2018\/2018\/10\/certo-anastasia-zema-afirmou-que-governo-nao-deve-ser-responsavel-direto-pela-oferta-de-saude\/","url":"https:\/\/eleicoes.apublica.org\/2018\/2018\/10\/certo-anastasia-zema-afirmou-que-governo-nao-deve-ser-responsavel-direto-pela-oferta-de-saude\/","name":"Certo, Anastasia: Zema afirmou que governo n\u00e3o deve ser respons\u00e1vel direto pela oferta de sa\u00fade - Truco2018","isPartOf":{"@id":"https:\/\/eleicoes.apublica.org\/2018\/#website"},"primaryImageOfPage":{"@id":"https:\/\/eleicoes.apublica.org\/2018\/2018\/10\/certo-anastasia-zema-afirmou-que-governo-nao-deve-ser-responsavel-direto-pela-oferta-de-saude\/#primaryimage"},"image":{"@id":"https:\/\/eleicoes.apublica.org\/2018\/2018\/10\/certo-anastasia-zema-afirmou-que-governo-nao-deve-ser-responsavel-direto-pela-oferta-de-saude\/#primaryimage"},"thumbnailUrl":"https:\/\/i0.wp.com\/eleicoes.apublica.org\/2018\/wp-content\/uploads\/2018\/10\/candidatos.jpg?fit=800%2C811&ssl=1","datePublished":"2018-10-25T15:19:11+00:00","author":{"@id":"https:\/\/eleicoes.apublica.org\/2018\/#\/schema\/person\/2a142ce9b42a42942f518ca2617e6bac"},"breadcrumb":{"@id":"https:\/\/eleicoes.apublica.org\/2018\/2018\/10\/certo-anastasia-zema-afirmou-que-governo-nao-deve-ser-responsavel-direto-pela-oferta-de-saude\/#breadcrumb"},"inLanguage":"pt-BR","potentialAction":[{"@type":"ReadAction","target":["https:\/\/eleicoes.apublica.org\/2018\/2018\/10\/certo-anastasia-zema-afirmou-que-governo-nao-deve-ser-responsavel-direto-pela-oferta-de-saude\/"]}]},{"@type":"ImageObject","inLanguage":"pt-BR","@id":"https:\/\/eleicoes.apublica.org\/2018\/2018\/10\/certo-anastasia-zema-afirmou-que-governo-nao-deve-ser-responsavel-direto-pela-oferta-de-saude\/#primaryimage","url":"https:\/\/i0.wp.com\/eleicoes.apublica.org\/2018\/wp-content\/uploads\/2018\/10\/candidatos.jpg?fit=800%2C811&ssl=1","contentUrl":"https:\/\/i0.wp.com\/eleicoes.apublica.org\/2018\/wp-content\/uploads\/2018\/10\/candidatos.jpg?fit=800%2C811&ssl=1","width":800,"height":811},{"@type":"BreadcrumbList","@id":"https:\/\/eleicoes.apublica.org\/2018\/2018\/10\/certo-anastasia-zema-afirmou-que-governo-nao-deve-ser-responsavel-direto-pela-oferta-de-saude\/#breadcrumb","itemListElement":[{"@type":"ListItem","position":1,"name":"In\u00edcio","item":"https:\/\/eleicoes.apublica.org\/2018\/"},{"@type":"ListItem","position":2,"name":"Certo, Anastasia: Zema afirmou que governo n\u00e3o deve ser respons\u00e1vel direto pela oferta de sa\u00fade"}]},{"@type":"WebSite","@id":"https:\/\/eleicoes.apublica.org\/2018\/#website","url":"https:\/\/eleicoes.apublica.org\/2018\/","name":"Truco2018","description":"Truco nos estados - Checamos as declara\u00e7\u00f5es de candidatos e boatos que circulam sobre as elei\u00e7\u00f5es para o governo de Minas, Cear\u00e1, S\u00e3o Paulo, Rio Grande do Sul, Par\u00e1, Paran\u00e1, Pernambuco.","potentialAction":[{"@type":"SearchAction","target":{"@type":"EntryPoint","urlTemplate":"https:\/\/eleicoes.apublica.org\/2018\/?s={search_term_string}"},"query-input":{"@type":"PropertyValueSpecification","valueRequired":true,"valueName":"search_term_string"}}],"inLanguage":"pt-BR"},{"@type":"Person","@id":"https:\/\/eleicoes.apublica.org\/2018\/#\/schema\/person\/2a142ce9b42a42942f518ca2617e6bac","name":"Eliziane Lara","image":{"@type":"ImageObject","inLanguage":"pt-BR","@id":"https:\/\/secure.gravatar.com\/avatar\/fac45630586ee23b69e602f55aebdddff7696d69442a8db8bf0b0bdfc2e7a84b?s=96&d=mm&r=gc22e997d20b682174986b13679510b6c","url":"https:\/\/secure.gravatar.com\/avatar\/fac45630586ee23b69e602f55aebdddff7696d69442a8db8bf0b0bdfc2e7a84b?s=96&d=mm&r=g","contentUrl":"https:\/\/secure.gravatar.com\/avatar\/fac45630586ee23b69e602f55aebdddff7696d69442a8db8bf0b0bdfc2e7a84b?s=96&d=mm&r=g","caption":"Eliziane Lara"},"url":"https:\/\/eleicoes.apublica.org\/2018\/author\/eliziane-lara\/"}]}},"jetpack_featured_media_url":"https:\/\/i0.wp.com\/eleicoes.apublica.org\/2018\/wp-content\/uploads\/2018\/10\/candidatos.jpg?fit=800%2C811&ssl=1","jetpack_shortlink":"https:\/\/wp.me\/pbyYl8-Xc","jetpack_sharing_enabled":true,"_links":{"self":[{"href":"https:\/\/eleicoes.apublica.org\/2018\/wp-json\/wp\/v2\/posts\/3670","targetHints":{"allow":["GET"]}}],"collection":[{"href":"https:\/\/eleicoes.apublica.org\/2018\/wp-json\/wp\/v2\/posts"}],"about":[{"href":"https:\/\/eleicoes.apublica.org\/2018\/wp-json\/wp\/v2\/types\/post"}],"author":[{"embeddable":true,"href":"https:\/\/eleicoes.apublica.org\/2018\/wp-json\/wp\/v2\/users\/19"}],"replies":[{"embeddable":true,"href":"https:\/\/eleicoes.apublica.org\/2018\/wp-json\/wp\/v2\/comments?post=3670"}],"version-history":[{"count":5,"href":"https:\/\/eleicoes.apublica.org\/2018\/wp-json\/wp\/v2\/posts\/3670\/revisions"}],"predecessor-version":[{"id":3675,"href":"https:\/\/eleicoes.apublica.org\/2018\/wp-json\/wp\/v2\/posts\/3670\/revisions\/3675"}],"wp:featuredmedia":[{"embeddable":true,"href":"https:\/\/eleicoes.apublica.org\/2018\/wp-json\/wp\/v2\/media\/3676"}],"wp:attachment":[{"href":"https:\/\/eleicoes.apublica.org\/2018\/wp-json\/wp\/v2\/media?parent=3670"}],"wp:term":[{"taxonomy":"category","embeddable":true,"href":"https:\/\/eleicoes.apublica.org\/2018\/wp-json\/wp\/v2\/categories?post=3670"},{"taxonomy":"post_tag","embeddable":true,"href":"https:\/\/eleicoes.apublica.org\/2018\/wp-json\/wp\/v2\/tags?post=3670"},{"taxonomy":"author","embeddable":true,"href":"https:\/\/eleicoes.apublica.org\/2018\/wp-json\/wp\/v2\/coauthors?post=3670"}],"curies":[{"name":"wp","href":"https:\/\/api.w.org\/{rel}","templated":true}]}}