{"id":3685,"date":"2018-10-25T17:30:20","date_gmt":"2018-10-25T20:30:20","guid":{"rendered":"https:\/\/truco2018.apublica.org\/?p=3685"},"modified":"2018-10-25T17:30:20","modified_gmt":"2018-10-25T20:30:20","slug":"joao-doria-usa-informacao-falsa-sobre-contratacao-de-guardas-civis","status":"publish","type":"post","link":"https:\/\/eleicoes.apublica.org\/2018\/2018\/10\/joao-doria-usa-informacao-falsa-sobre-contratacao-de-guardas-civis\/","title":{"rendered":"Jo\u00e3o Doria usa informa\u00e7\u00e3o falsa sobre contrata\u00e7\u00e3o de guardas civis"},"content":{"rendered":"<p><b>\u201cEm quatro anos de gest\u00e3o do PT n\u00e3o foi contratado nenhum [agente da Guarda Civil Metropolitana]. Nem sequer o concurso foi colocado em pr\u00e1tica.\u201d \u2013 Jo\u00e3o Doria (PSDB), <\/b><a href=\"https:\/\/www.youtube.com\/watch?v=CnkDaBJxRnk\"><b>em entrevista no programa Roda Viva, da TV Cultura<\/b><\/a><b>.<\/b><\/p>\n<p><span style=\"font-weight: 400;\">Em entrevista concedida ao programa Roda Viva da TV Cultura, o ex-prefeito Jo\u00e3o Doria (PSDB) afirmou que, durante o mandato do petista Fernando Haddad \u00e0 frente da prefeitura de S\u00e3o Paulo, n\u00e3o houve contrata\u00e7\u00e3o de agentes da Guarda Civil Metropolitana (GCM). O <\/span><a href=\"https:\/\/truco2018.apublica.org\/\"><b>Truco nos Estados<\/b><\/a><span style=\"font-weight: 400;\"> \u2013 projeto de checagem de informa\u00e7\u00f5es da <\/span><a href=\"http:\/\/apublica.org\/\"><b>Ag\u00eancia P\u00fablica<\/b><\/a><span style=\"font-weight: 400;\"> \u2013 verificou a afirma\u00e7\u00e3o do candidato e classificou a frase como falsa.<\/span><\/p>\n<p><span style=\"font-weight: 400;\">A reportagem entrou em contato com a assessoria de comunica\u00e7\u00e3o de Jo\u00e3o Doria para verificar a fonte da informa\u00e7\u00e3o, mas n\u00e3o obteve resposta. <\/span><\/p>\n<p><span style=\"font-weight: 400;\">De acordo com o <\/span><a href=\"http:\/\/www.sindguardas-sp.org.br\/site\"><span style=\"font-weight: 400;\">Sindicato dos Guardas Civis Metropolitanos de S\u00e3o Paulo<\/span><\/a><span style=\"font-weight: 400;\"> (Sindguardas), o \u00faltimo concurso da categoria foi realizado em 2013 \u2013 no in\u00edcio da gest\u00e3o de Haddad, que foi prefeito de 2013 a 2016. Nos primeiros tr\u00eas anos n\u00e3o foi contratado nenhum agente da GCM. No \u00faltimo ano da gest\u00e3o (2016), no entanto, houve a contrata\u00e7\u00e3o de 500 servidores da Guarda Civil Metropolitana do munic\u00edpio. Ou seja, n\u00e3o \u00e9 correto afirmar que n\u00e3o foi contratado nenhum guarda durante esse per\u00edodo, como disse Doria.<\/span><\/p>\n<p><span style=\"font-weight: 400;\">Ainda durante a sabatina, Jo\u00e3o Doria declarou que no per\u00edodo em que foi prefeito da capital paulista (1\u00ba de janeiro de 2017 a 6 de abril de 2018) foram contratados 700 novos agentes. Esse dado foi exagerado. Segundo o sindicato da categoria, em 2017 foram convocados 200 novos trabalhadores. J\u00e1 at\u00e9 outubro de 2018 foram contratados mais 300 agentes. Somando os dois n\u00fameros, foram contratados 500 novos agentes para a cidade \u2013 n\u00e3o 700, como disse o candidato ao governo de S\u00e3o Paulo.<\/span><\/p>\n","protected":false},"excerpt":{"rendered":"<p>Candidato do PSDB errou ao dizer que nenhum agente da GCM foi convocado ap\u00f3s concurso na gest\u00e3o de Fernando Haddad na prefeitura de SP<\/p>\n","protected":false},"author":33,"featured_media":3664,"comment_status":"closed","ping_status":"open","sticky":false,"template":"","format":"standard","meta":{"_acf_changed":false,"_jetpack_memberships_contains_paid_content":false,"footnotes":""},"categories":[1],"tags":[40],"coauthors":[19],"class_list":["post-3685","post","type-post","status-publish","format-standard","has-post-thumbnail","hentry","category-sem-categoria","tag-seguranca-publica"],"acf":{"truco":{"value":"falso","label":"Falso"},"resumido":"\u201cEm quatro anos de gest\u00e3o do PT n\u00e3o foi contratado nenhum agente da Guarda Civil Metropolitana. Nem sequer o concurso foi colocado em pr\u00e1tica.\u201d","descricao":"Jo\u00e3o Doria (PSDB), em entrevista no programa Roda Viva, da TV Cultura, afirmou que, em quatro anos de gest\u00e3o do PT n\u00e3o foi contratado nenhum agente da Guarda Civil Metropolitana \u2013 nem sequer o concurso foi colocado em pr\u00e1tica.","autor":"Jo\u00e3o Doria (PSDB), candidato a governador de S\u00e3o Paulo","candidato":{"ID":187,"post_author":"1","post_date":"2018-07-30 18:46:18","post_date_gmt":"2018-07-30 21:46:18","post_content":"Tem 60 anos e \u00e9 jornalista, publicit\u00e1rio, empres\u00e1rio e ex-prefeito de S\u00e3o Paulo. Ganhou notoriedade p\u00fablica na televis\u00e3o, onde trabalhou por quase tr\u00eas d\u00e9cadas com programas de entrevistas. Apresentou o reality show <em>O Aprendiz<\/em>, na TV Record, em 2010 e 2011. \u00c9 presidente licenciado do Grupo Doria, composto pelo Lide (L\u00edderes Empresariais), Doria Eventos, Doria Editora, pelos programas de TV Show Business, Face a Face, TV Lide e pelo Campos do Jord\u00e3o Convention Center. Em 2018, com pouco mais de um ano de mandato, deixou o cargo de prefeito de S\u00e3o Paulo para concorrer \u00e0s elei\u00e7\u00f5es para o governo do estado. Em pesquisa do Instituto Datafolha, sua gest\u00e3o na prefeitura da capital paulista foi reprovada por 47% dos entrevistados, aprovada por 18% e classificada como regular por 34%. \u00c9 r\u00e9u em duas a\u00e7\u00f5es por irregularidades cometidas durante sua gest\u00e3o, movidas pelo Minist\u00e9rio P\u00fablico de S\u00e3o Paulo.","post_title":"Jo\u00e3o Doria","post_excerpt":"","post_status":"publish","comment_status":"closed","ping_status":"closed","post_password":"","post_name":"joao-doria","to_ping":"","pinged":"","post_modified":"2018-08-13 11:45:27","post_modified_gmt":"2018-08-13 14:45:27","post_content_filtered":"","post_parent":0,"guid":"https:\/\/apublica.org\/truco2018\/?post_type=candidato&#038;p=187","menu_order":0,"post_type":"candidato","post_mime_type":"","comment_count":"0","filter":"raw"},"estado":{"term_id":15,"name":"S\u00e3o Paulo","slug":"sao-paulo","term_group":0,"term_taxonomy_id":15,"taxonomy":"estado","description":"","parent":0,"count":13,"filter":"raw"}},"yoast_head":"<!-- This site is optimized with the Yoast SEO plugin v27.5 - https:\/\/yoast.com\/product\/yoast-seo-wordpress\/ -->\n<title>Jo\u00e3o Doria usa informa\u00e7\u00e3o falsa sobre contrata\u00e7\u00e3o de guardas civis - Truco2018<\/title>\n<meta name=\"robots\" content=\"index, follow, max-snippet:-1, max-image-preview:large, max-video-preview:-1\" \/>\n<link rel=\"canonical\" href=\"https:\/\/eleicoes.apublica.org\/2018\/2018\/10\/joao-doria-usa-informacao-falsa-sobre-contratacao-de-guardas-civis\/\" \/>\n<meta property=\"og:locale\" content=\"pt_BR\" \/>\n<meta property=\"og:type\" content=\"article\" \/>\n<meta property=\"og:title\" content=\"Jo\u00e3o Doria usa informa\u00e7\u00e3o falsa sobre contrata\u00e7\u00e3o de guardas civis - Truco2018\" \/>\n<meta property=\"og:description\" content=\"Candidato do PSDB errou ao dizer que nenhum agente da GCM foi convocado ap\u00f3s concurso na gest\u00e3o de Fernando Haddad na prefeitura de SP\" \/>\n<meta property=\"og:url\" content=\"https:\/\/eleicoes.apublica.org\/2018\/2018\/10\/joao-doria-usa-informacao-falsa-sobre-contratacao-de-guardas-civis\/\" \/>\n<meta property=\"og:site_name\" content=\"Truco2018\" \/>\n<meta property=\"article:published_time\" content=\"2018-10-25T20:30:20+00:00\" \/>\n<meta property=\"og:image\" content=\"https:\/\/i0.wp.com\/eleicoes.apublica.org\/2018\/wp-content\/uploads\/2018\/10\/41002172_1985794588144009_6040117709293748224_n.jpg?fit=960%2C720&ssl=1\" \/>\n\t<meta property=\"og:image:width\" content=\"960\" \/>\n\t<meta property=\"og:image:height\" content=\"720\" \/>\n\t<meta property=\"og:image:type\" content=\"image\/jpeg\" \/>\n<meta name=\"author\" content=\"Caroline Ferrari\" \/>\n<meta name=\"twitter:card\" content=\"summary_large_image\" \/>\n<meta name=\"twitter:label1\" content=\"Escrito por\" \/>\n\t<meta name=\"twitter:data1\" content=\"Caroline Ferrari\" \/>\n\t<meta name=\"twitter:label2\" content=\"Est. tempo de leitura\" \/>\n\t<meta name=\"twitter:data2\" content=\"2 minutos\" \/>\n\t<meta name=\"twitter:label3\" content=\"Written by\" \/>\n\t<meta name=\"twitter:data3\" content=\"Caroline Ferrari\" \/>\n<script type=\"application\/ld+json\" class=\"yoast-schema-graph\">{\"@context\":\"https:\\\/\\\/schema.org\",\"@graph\":[{\"@type\":\"Article\",\"@id\":\"https:\\\/\\\/eleicoes.apublica.org\\\/2018\\\/2018\\\/10\\\/joao-doria-usa-informacao-falsa-sobre-contratacao-de-guardas-civis\\\/#article\",\"isPartOf\":{\"@id\":\"https:\\\/\\\/eleicoes.apublica.org\\\/2018\\\/2018\\\/10\\\/joao-doria-usa-informacao-falsa-sobre-contratacao-de-guardas-civis\\\/\"},\"author\":{\"name\":\"Caroline Ferrari\",\"@id\":\"https:\\\/\\\/eleicoes.apublica.org\\\/2018\\\/#\\\/schema\\\/person\\\/03c24ef2fb2a5b5b7b2bba1b96b2df66\"},\"headline\":\"Jo\u00e3o Doria usa informa\u00e7\u00e3o falsa sobre contrata\u00e7\u00e3o de guardas civis\",\"datePublished\":\"2018-10-25T20:30:20+00:00\",\"mainEntityOfPage\":{\"@id\":\"https:\\\/\\\/eleicoes.apublica.org\\\/2018\\\/2018\\\/10\\\/joao-doria-usa-informacao-falsa-sobre-contratacao-de-guardas-civis\\\/\"},\"wordCount\":316,\"image\":{\"@id\":\"https:\\\/\\\/eleicoes.apublica.org\\\/2018\\\/2018\\\/10\\\/joao-doria-usa-informacao-falsa-sobre-contratacao-de-guardas-civis\\\/#primaryimage\"},\"thumbnailUrl\":\"https:\\\/\\\/i0.wp.com\\\/eleicoes.apublica.org\\\/2018\\\/wp-content\\\/uploads\\\/2018\\\/10\\\/41002172_1985794588144009_6040117709293748224_n.jpg?fit=960%2C720&ssl=1\",\"keywords\":[\"Seguran\u00e7a P\u00fablica\"],\"inLanguage\":\"pt-BR\"},{\"@type\":\"WebPage\",\"@id\":\"https:\\\/\\\/eleicoes.apublica.org\\\/2018\\\/2018\\\/10\\\/joao-doria-usa-informacao-falsa-sobre-contratacao-de-guardas-civis\\\/\",\"url\":\"https:\\\/\\\/eleicoes.apublica.org\\\/2018\\\/2018\\\/10\\\/joao-doria-usa-informacao-falsa-sobre-contratacao-de-guardas-civis\\\/\",\"name\":\"Jo\u00e3o Doria usa informa\u00e7\u00e3o falsa sobre contrata\u00e7\u00e3o de guardas civis - Truco2018\",\"isPartOf\":{\"@id\":\"https:\\\/\\\/eleicoes.apublica.org\\\/2018\\\/#website\"},\"primaryImageOfPage\":{\"@id\":\"https:\\\/\\\/eleicoes.apublica.org\\\/2018\\\/2018\\\/10\\\/joao-doria-usa-informacao-falsa-sobre-contratacao-de-guardas-civis\\\/#primaryimage\"},\"image\":{\"@id\":\"https:\\\/\\\/eleicoes.apublica.org\\\/2018\\\/2018\\\/10\\\/joao-doria-usa-informacao-falsa-sobre-contratacao-de-guardas-civis\\\/#primaryimage\"},\"thumbnailUrl\":\"https:\\\/\\\/i0.wp.com\\\/eleicoes.apublica.org\\\/2018\\\/wp-content\\\/uploads\\\/2018\\\/10\\\/41002172_1985794588144009_6040117709293748224_n.jpg?fit=960%2C720&ssl=1\",\"datePublished\":\"2018-10-25T20:30:20+00:00\",\"author\":{\"@id\":\"https:\\\/\\\/eleicoes.apublica.org\\\/2018\\\/#\\\/schema\\\/person\\\/03c24ef2fb2a5b5b7b2bba1b96b2df66\"},\"breadcrumb\":{\"@id\":\"https:\\\/\\\/eleicoes.apublica.org\\\/2018\\\/2018\\\/10\\\/joao-doria-usa-informacao-falsa-sobre-contratacao-de-guardas-civis\\\/#breadcrumb\"},\"inLanguage\":\"pt-BR\",\"potentialAction\":[{\"@type\":\"ReadAction\",\"target\":[\"https:\\\/\\\/eleicoes.apublica.org\\\/2018\\\/2018\\\/10\\\/joao-doria-usa-informacao-falsa-sobre-contratacao-de-guardas-civis\\\/\"]}]},{\"@type\":\"ImageObject\",\"inLanguage\":\"pt-BR\",\"@id\":\"https:\\\/\\\/eleicoes.apublica.org\\\/2018\\\/2018\\\/10\\\/joao-doria-usa-informacao-falsa-sobre-contratacao-de-guardas-civis\\\/#primaryimage\",\"url\":\"https:\\\/\\\/i0.wp.com\\\/eleicoes.apublica.org\\\/2018\\\/wp-content\\\/uploads\\\/2018\\\/10\\\/41002172_1985794588144009_6040117709293748224_n.jpg?fit=960%2C720&ssl=1\",\"contentUrl\":\"https:\\\/\\\/i0.wp.com\\\/eleicoes.apublica.org\\\/2018\\\/wp-content\\\/uploads\\\/2018\\\/10\\\/41002172_1985794588144009_6040117709293748224_n.jpg?fit=960%2C720&ssl=1\",\"width\":960,\"height\":720},{\"@type\":\"BreadcrumbList\",\"@id\":\"https:\\\/\\\/eleicoes.apublica.org\\\/2018\\\/2018\\\/10\\\/joao-doria-usa-informacao-falsa-sobre-contratacao-de-guardas-civis\\\/#breadcrumb\",\"itemListElement\":[{\"@type\":\"ListItem\",\"position\":1,\"name\":\"In\u00edcio\",\"item\":\"https:\\\/\\\/eleicoes.apublica.org\\\/2018\\\/\"},{\"@type\":\"ListItem\",\"position\":2,\"name\":\"Jo\u00e3o Doria usa informa\u00e7\u00e3o falsa sobre contrata\u00e7\u00e3o de guardas civis\"}]},{\"@type\":\"WebSite\",\"@id\":\"https:\\\/\\\/eleicoes.apublica.org\\\/2018\\\/#website\",\"url\":\"https:\\\/\\\/eleicoes.apublica.org\\\/2018\\\/\",\"name\":\"Truco2018\",\"description\":\"Truco nos estados - Checamos as declara\u00e7\u00f5es de candidatos e boatos que circulam sobre as elei\u00e7\u00f5es para o governo de Minas, Cear\u00e1, S\u00e3o Paulo, Rio Grande do Sul, Par\u00e1, Paran\u00e1, Pernambuco.\",\"potentialAction\":[{\"@type\":\"SearchAction\",\"target\":{\"@type\":\"EntryPoint\",\"urlTemplate\":\"https:\\\/\\\/eleicoes.apublica.org\\\/2018\\\/?s={search_term_string}\"},\"query-input\":{\"@type\":\"PropertyValueSpecification\",\"valueRequired\":true,\"valueName\":\"search_term_string\"}}],\"inLanguage\":\"pt-BR\"},{\"@type\":\"Person\",\"@id\":\"https:\\\/\\\/eleicoes.apublica.org\\\/2018\\\/#\\\/schema\\\/person\\\/03c24ef2fb2a5b5b7b2bba1b96b2df66\",\"name\":\"Caroline Ferrari\",\"image\":{\"@type\":\"ImageObject\",\"inLanguage\":\"pt-BR\",\"@id\":\"https:\\\/\\\/secure.gravatar.com\\\/avatar\\\/966eb5a781a81b98dd7be20c524848c8c3d831109f5cb36ecb75bb5d3870b636?s=96&d=mm&r=g7fc3c14b8b03811fd763ec04c4542ed4\",\"url\":\"https:\\\/\\\/secure.gravatar.com\\\/avatar\\\/966eb5a781a81b98dd7be20c524848c8c3d831109f5cb36ecb75bb5d3870b636?s=96&d=mm&r=g\",\"contentUrl\":\"https:\\\/\\\/secure.gravatar.com\\\/avatar\\\/966eb5a781a81b98dd7be20c524848c8c3d831109f5cb36ecb75bb5d3870b636?s=96&d=mm&r=g\",\"caption\":\"Caroline Ferrari\"},\"description\":\"Jornalista com forma\u00e7\u00e3o pela Universidade Metodista de S\u00e3o Paulo, trabalha como rep\u00f3rter na Ag\u00eancia P\u00fablica.\",\"url\":\"https:\\\/\\\/eleicoes.apublica.org\\\/2018\\\/author\\\/caroline-ferrari\\\/\"}]}<\/script>\n<!-- \/ Yoast SEO plugin. -->","yoast_head_json":{"title":"Jo\u00e3o Doria usa informa\u00e7\u00e3o falsa sobre contrata\u00e7\u00e3o de guardas civis - Truco2018","robots":{"index":"index","follow":"follow","max-snippet":"max-snippet:-1","max-image-preview":"max-image-preview:large","max-video-preview":"max-video-preview:-1"},"canonical":"https:\/\/eleicoes.apublica.org\/2018\/2018\/10\/joao-doria-usa-informacao-falsa-sobre-contratacao-de-guardas-civis\/","og_locale":"pt_BR","og_type":"article","og_title":"Jo\u00e3o Doria usa informa\u00e7\u00e3o falsa sobre contrata\u00e7\u00e3o de guardas civis - Truco2018","og_description":"Candidato do PSDB errou ao dizer que nenhum agente da GCM foi convocado ap\u00f3s concurso na gest\u00e3o de Fernando Haddad na prefeitura de SP","og_url":"https:\/\/eleicoes.apublica.org\/2018\/2018\/10\/joao-doria-usa-informacao-falsa-sobre-contratacao-de-guardas-civis\/","og_site_name":"Truco2018","article_published_time":"2018-10-25T20:30:20+00:00","og_image":[{"width":960,"height":720,"url":"https:\/\/i0.wp.com\/eleicoes.apublica.org\/2018\/wp-content\/uploads\/2018\/10\/41002172_1985794588144009_6040117709293748224_n.jpg?fit=960%2C720&ssl=1","type":"image\/jpeg"}],"author":"Caroline Ferrari","twitter_card":"summary_large_image","twitter_misc":{"Escrito por":"Caroline Ferrari","Est. tempo de leitura":"2 minutos","Written by":"Caroline Ferrari"},"schema":{"@context":"https:\/\/schema.org","@graph":[{"@type":"Article","@id":"https:\/\/eleicoes.apublica.org\/2018\/2018\/10\/joao-doria-usa-informacao-falsa-sobre-contratacao-de-guardas-civis\/#article","isPartOf":{"@id":"https:\/\/eleicoes.apublica.org\/2018\/2018\/10\/joao-doria-usa-informacao-falsa-sobre-contratacao-de-guardas-civis\/"},"author":{"name":"Caroline Ferrari","@id":"https:\/\/eleicoes.apublica.org\/2018\/#\/schema\/person\/03c24ef2fb2a5b5b7b2bba1b96b2df66"},"headline":"Jo\u00e3o Doria usa informa\u00e7\u00e3o falsa sobre contrata\u00e7\u00e3o de guardas civis","datePublished":"2018-10-25T20:30:20+00:00","mainEntityOfPage":{"@id":"https:\/\/eleicoes.apublica.org\/2018\/2018\/10\/joao-doria-usa-informacao-falsa-sobre-contratacao-de-guardas-civis\/"},"wordCount":316,"image":{"@id":"https:\/\/eleicoes.apublica.org\/2018\/2018\/10\/joao-doria-usa-informacao-falsa-sobre-contratacao-de-guardas-civis\/#primaryimage"},"thumbnailUrl":"https:\/\/i0.wp.com\/eleicoes.apublica.org\/2018\/wp-content\/uploads\/2018\/10\/41002172_1985794588144009_6040117709293748224_n.jpg?fit=960%2C720&ssl=1","keywords":["Seguran\u00e7a P\u00fablica"],"inLanguage":"pt-BR"},{"@type":"WebPage","@id":"https:\/\/eleicoes.apublica.org\/2018\/2018\/10\/joao-doria-usa-informacao-falsa-sobre-contratacao-de-guardas-civis\/","url":"https:\/\/eleicoes.apublica.org\/2018\/2018\/10\/joao-doria-usa-informacao-falsa-sobre-contratacao-de-guardas-civis\/","name":"Jo\u00e3o Doria usa informa\u00e7\u00e3o falsa sobre contrata\u00e7\u00e3o de guardas civis - Truco2018","isPartOf":{"@id":"https:\/\/eleicoes.apublica.org\/2018\/#website"},"primaryImageOfPage":{"@id":"https:\/\/eleicoes.apublica.org\/2018\/2018\/10\/joao-doria-usa-informacao-falsa-sobre-contratacao-de-guardas-civis\/#primaryimage"},"image":{"@id":"https:\/\/eleicoes.apublica.org\/2018\/2018\/10\/joao-doria-usa-informacao-falsa-sobre-contratacao-de-guardas-civis\/#primaryimage"},"thumbnailUrl":"https:\/\/i0.wp.com\/eleicoes.apublica.org\/2018\/wp-content\/uploads\/2018\/10\/41002172_1985794588144009_6040117709293748224_n.jpg?fit=960%2C720&ssl=1","datePublished":"2018-10-25T20:30:20+00:00","author":{"@id":"https:\/\/eleicoes.apublica.org\/2018\/#\/schema\/person\/03c24ef2fb2a5b5b7b2bba1b96b2df66"},"breadcrumb":{"@id":"https:\/\/eleicoes.apublica.org\/2018\/2018\/10\/joao-doria-usa-informacao-falsa-sobre-contratacao-de-guardas-civis\/#breadcrumb"},"inLanguage":"pt-BR","potentialAction":[{"@type":"ReadAction","target":["https:\/\/eleicoes.apublica.org\/2018\/2018\/10\/joao-doria-usa-informacao-falsa-sobre-contratacao-de-guardas-civis\/"]}]},{"@type":"ImageObject","inLanguage":"pt-BR","@id":"https:\/\/eleicoes.apublica.org\/2018\/2018\/10\/joao-doria-usa-informacao-falsa-sobre-contratacao-de-guardas-civis\/#primaryimage","url":"https:\/\/i0.wp.com\/eleicoes.apublica.org\/2018\/wp-content\/uploads\/2018\/10\/41002172_1985794588144009_6040117709293748224_n.jpg?fit=960%2C720&ssl=1","contentUrl":"https:\/\/i0.wp.com\/eleicoes.apublica.org\/2018\/wp-content\/uploads\/2018\/10\/41002172_1985794588144009_6040117709293748224_n.jpg?fit=960%2C720&ssl=1","width":960,"height":720},{"@type":"BreadcrumbList","@id":"https:\/\/eleicoes.apublica.org\/2018\/2018\/10\/joao-doria-usa-informacao-falsa-sobre-contratacao-de-guardas-civis\/#breadcrumb","itemListElement":[{"@type":"ListItem","position":1,"name":"In\u00edcio","item":"https:\/\/eleicoes.apublica.org\/2018\/"},{"@type":"ListItem","position":2,"name":"Jo\u00e3o Doria usa informa\u00e7\u00e3o falsa sobre contrata\u00e7\u00e3o de guardas civis"}]},{"@type":"WebSite","@id":"https:\/\/eleicoes.apublica.org\/2018\/#website","url":"https:\/\/eleicoes.apublica.org\/2018\/","name":"Truco2018","description":"Truco nos estados - Checamos as declara\u00e7\u00f5es de candidatos e boatos que circulam sobre as elei\u00e7\u00f5es para o governo de Minas, Cear\u00e1, S\u00e3o Paulo, Rio Grande do Sul, Par\u00e1, Paran\u00e1, Pernambuco.","potentialAction":[{"@type":"SearchAction","target":{"@type":"EntryPoint","urlTemplate":"https:\/\/eleicoes.apublica.org\/2018\/?s={search_term_string}"},"query-input":{"@type":"PropertyValueSpecification","valueRequired":true,"valueName":"search_term_string"}}],"inLanguage":"pt-BR"},{"@type":"Person","@id":"https:\/\/eleicoes.apublica.org\/2018\/#\/schema\/person\/03c24ef2fb2a5b5b7b2bba1b96b2df66","name":"Caroline Ferrari","image":{"@type":"ImageObject","inLanguage":"pt-BR","@id":"https:\/\/secure.gravatar.com\/avatar\/966eb5a781a81b98dd7be20c524848c8c3d831109f5cb36ecb75bb5d3870b636?s=96&d=mm&r=g7fc3c14b8b03811fd763ec04c4542ed4","url":"https:\/\/secure.gravatar.com\/avatar\/966eb5a781a81b98dd7be20c524848c8c3d831109f5cb36ecb75bb5d3870b636?s=96&d=mm&r=g","contentUrl":"https:\/\/secure.gravatar.com\/avatar\/966eb5a781a81b98dd7be20c524848c8c3d831109f5cb36ecb75bb5d3870b636?s=96&d=mm&r=g","caption":"Caroline Ferrari"},"description":"Jornalista com forma\u00e7\u00e3o pela Universidade Metodista de S\u00e3o Paulo, trabalha como rep\u00f3rter na Ag\u00eancia P\u00fablica.","url":"https:\/\/eleicoes.apublica.org\/2018\/author\/caroline-ferrari\/"}]}},"jetpack_featured_media_url":"https:\/\/i0.wp.com\/eleicoes.apublica.org\/2018\/wp-content\/uploads\/2018\/10\/41002172_1985794588144009_6040117709293748224_n.jpg?fit=960%2C720&ssl=1","jetpack_shortlink":"https:\/\/wp.me\/pbyYl8-Xr","jetpack_sharing_enabled":true,"_links":{"self":[{"href":"https:\/\/eleicoes.apublica.org\/2018\/wp-json\/wp\/v2\/posts\/3685","targetHints":{"allow":["GET"]}}],"collection":[{"href":"https:\/\/eleicoes.apublica.org\/2018\/wp-json\/wp\/v2\/posts"}],"about":[{"href":"https:\/\/eleicoes.apublica.org\/2018\/wp-json\/wp\/v2\/types\/post"}],"author":[{"embeddable":true,"href":"https:\/\/eleicoes.apublica.org\/2018\/wp-json\/wp\/v2\/users\/33"}],"replies":[{"embeddable":true,"href":"https:\/\/eleicoes.apublica.org\/2018\/wp-json\/wp\/v2\/comments?post=3685"}],"version-history":[{"count":2,"href":"https:\/\/eleicoes.apublica.org\/2018\/wp-json\/wp\/v2\/posts\/3685\/revisions"}],"predecessor-version":[{"id":3687,"href":"https:\/\/eleicoes.apublica.org\/2018\/wp-json\/wp\/v2\/posts\/3685\/revisions\/3687"}],"wp:featuredmedia":[{"embeddable":true,"href":"https:\/\/eleicoes.apublica.org\/2018\/wp-json\/wp\/v2\/media\/3664"}],"wp:attachment":[{"href":"https:\/\/eleicoes.apublica.org\/2018\/wp-json\/wp\/v2\/media?parent=3685"}],"wp:term":[{"taxonomy":"category","embeddable":true,"href":"https:\/\/eleicoes.apublica.org\/2018\/wp-json\/wp\/v2\/categories?post=3685"},{"taxonomy":"post_tag","embeddable":true,"href":"https:\/\/eleicoes.apublica.org\/2018\/wp-json\/wp\/v2\/tags?post=3685"},{"taxonomy":"author","embeddable":true,"href":"https:\/\/eleicoes.apublica.org\/2018\/wp-json\/wp\/v2\/coauthors?post=3685"}],"curies":[{"name":"wp","href":"https:\/\/api.w.org\/{rel}","templated":true}]}}