{"id":3703,"date":"2018-10-26T12:30:37","date_gmt":"2018-10-26T15:30:37","guid":{"rendered":"https:\/\/truco2018.apublica.org\/?p=3703"},"modified":"2018-10-26T12:30:37","modified_gmt":"2018-10-26T15:30:37","slug":"marcio-miranda-diz-que-ate-3-mil-caminhoes-cruzam-belem-diariamente-mas-orgaos-de-transito-nao-confirmam-o-dado","status":"publish","type":"post","link":"https:\/\/eleicoes.apublica.org\/2018\/2018\/10\/marcio-miranda-diz-que-ate-3-mil-caminhoes-cruzam-belem-diariamente-mas-orgaos-de-transito-nao-confirmam-o-dado\/","title":{"rendered":"M\u00e1rcio Miranda diz que at\u00e9 3 mil caminh\u00f5es cruzam Bel\u00e9m diariamente, mas \u00f3rg\u00e3os de tr\u00e2nsito n\u00e3o confirmam o dado"},"content":{"rendered":"<p><b>\u201c2,5 mil a 3 mil caminh\u00f5es cruzam Bel\u00e9m diariamente pra levar essa carga, que normalmente vai pro Sul do pa\u00eds, pro Centro-Oeste ou pro Nordeste\u201d<\/b><span style=\"font-weight: 400;\">, M\u00e1rcio Miranda <\/span><span style=\"font-weight: 400;\">(DEM), em entrevista \u00e0 R\u00e1dio Unama FM, no dia 17 de outubro. <\/span><\/p>\n<p><span style=\"font-weight: 400;\">Durante a entrevista \u00e0 r\u00e1dio universit\u00e1ria, M\u00e1rcio Miranda foi perguntado sobre propostas inovadoras para melhorar a mobilidade urbana em Bel\u00e9m (PA). Em sua resposta, ele sugeriu a implanta\u00e7\u00e3o do porto de Pernambuco, uma plataforma log\u00edstica a ser instalada no rio Guam\u00e1 para o escoamento de cargas na capital paraense. O porto seria uma forma de desafogar o tr\u00e2nsito de ve\u00edculos pesados na cidade, j\u00e1 que, segundo o candidato, de \u201c2,5 a 3 mil caminh\u00f5es cruzam Bel\u00e9m diariamente\u201d. M\u00e1rcio Miranda se referia \u00e0s cargas que s\u00e3o transportadas em balsas de Manaus (AM) a Bel\u00e9m e, a partir de ent\u00e3o, deslocadas por meio das rodovias.<\/span><\/p>\n<figure id=\"attachment_3705\" aria-describedby=\"caption-attachment-3705\" style=\"width: 500px\" class=\"wp-caption aligncenter\"><img data-recalc-dims=\"1\" loading=\"lazy\" decoding=\"async\" class=\"wp-image-3705\" src=\"https:\/\/i0.wp.com\/truco2018.apublica.org\/wp-content\/uploads\/2018\/10\/Tr%C3%A2nsito-almirante-barroso_Cristino-Martins-300x200.jpg?resize=500%2C333&#038;ssl=1\" alt=\"\" width=\"500\" height=\"333\" srcset=\"https:\/\/i0.wp.com\/eleicoes.apublica.org\/2018\/wp-content\/uploads\/2018\/10\/Tr%C3%A2nsito-almirante-barroso_Cristino-Martins.jpg?resize=300%2C200&amp;ssl=1 300w, https:\/\/i0.wp.com\/eleicoes.apublica.org\/2018\/wp-content\/uploads\/2018\/10\/Tr%C3%A2nsito-almirante-barroso_Cristino-Martins.jpg?resize=768%2C512&amp;ssl=1 768w, https:\/\/i0.wp.com\/eleicoes.apublica.org\/2018\/wp-content\/uploads\/2018\/10\/Tr%C3%A2nsito-almirante-barroso_Cristino-Martins.jpg?w=900&amp;ssl=1 900w\" sizes=\"auto, (max-width: 500px) 100vw, 500px\" \/><figcaption id=\"caption-attachment-3705\" class=\"wp-caption-text\">Apesar de proibida a circula\u00e7\u00e3o de ve\u00edculos de carga entre 6h e 21h, caminh\u00f5es trafegam livremente pelo centro de Bel\u00e9m (PA). Foto: Cristino Martins\/Ag\u00eancia Par\u00e1.<\/figcaption><\/figure>\n<p><span style=\"font-weight: 400;\">Perguntamos \u00e0 Superintend\u00eancia Executiva de Mobilidade Urbana de Bel\u00e9m (Semob), respons\u00e1vel pela gest\u00e3o do tr\u00e2nsito na cidade, se h\u00e1 levantamento sobre o tema. O \u00f3rg\u00e3o informou, por meio de sua assessoria de imprensa, que \u201ctodos os dados que temos relacionados<\/span> <span style=\"font-weight: 400;\">\u00e0 circula\u00e7\u00e3o foram produzidos informalmente para basear algum estudo espec\u00edfico e interno, mas n\u00e3o podem ser utilizados como n\u00fameros oficiais anunciados pelo \u00f3rg\u00e3o\u201d. <\/span><\/p>\n<p><span style=\"font-weight: 400;\">Consultamos ainda o Departamento de Tr\u00e2nsito do Estado do Par\u00e1 (Detran), o Departamento Nacional de Infraestrutura de Transporte (DNIT), mas ambos responderam n\u00e3o possuir dados sobre circula\u00e7\u00e3o de caminh\u00f5es na cidade. O Sindicato dos Trabalhadores em Transportes Rodovi\u00e1rios e Empregados em Empresas do Com\u00e9rcio, Ind\u00fastria, Constru\u00e7\u00e3o Civil, Loca\u00e7\u00e3o de Ve\u00edculos e Presta\u00e7\u00e3o de Servi\u00e7os do Munic\u00edpio de Bel\u00e9m (Sintrobel) e com o Sindicato dos Caminhoneiros Aut\u00f4nomos do Par\u00e1 (Sindicam-PA), que, igualmente, n\u00e3o possuem nenhum levantamento sobre a quest\u00e3o. Ambos os sindicatos ressaltaram a dificuldade de se mensurar isso, considerando a impossibilidade de controle do que entra e sai da cidade. <\/span><\/p>\n<p><span style=\"font-weight: 400;\">Os \u00fanicos dados dispon\u00edveis sobre o assunto s\u00e3o da Ag\u00eancia Nacional de Transportes Terrestres (ANTT), que regula e fiscaliza servi\u00e7os de infraestrutura de transportes. A ag\u00eancia informou haver, no Par\u00e1, 23.545 ve\u00edculos que fazem transporte de cargas com registro ativo no \u00f3rg\u00e3o. Esse n\u00famero diz respeito a v\u00e1rias categorias de ve\u00edculos que atuam nessa modalidade, como caminh\u00f5es leves, caminh\u00f5es simples, tratores e caminhonetes. <\/span><\/p>\n<p><span style=\"font-weight: 400;\">A ANTT ainda destacou que essa \u201cinforma\u00e7\u00e3o \u00e9 com base na UF em que o ve\u00edculo foi emplacado, n\u00e3o sendo poss\u00edvel garantir que corresponde a todos os ve\u00edculos em circula\u00e7\u00e3o no Par\u00e1\u201d. A ag\u00eancia informou n\u00e3o possuir dados espec\u00edficos para Bel\u00e9m. <\/span><\/p>\n<p><span style=\"font-weight: 400;\">Procurada, a assessoria de imprensa de M\u00e1rcio Miranda n\u00e3o informou a fonte da declara\u00e7\u00e3o do candidato. Como nem \u00f3rg\u00e3os de tr\u00e2nsito nem entidades do setor disseram possuir os dados, o Truco nos Estados, em parceria com o Portal Outros400, atribuiu o selo \u2018imposs\u00edvel provar\u2019 \u00e0 declara\u00e7\u00e3o do candidato.<\/span><\/p>\n<p><b>Estudo de tr\u00e1fego de caminh\u00f5es<\/b><\/p>\n<p><span style=\"font-weight: 400;\">Em 2010, o Minist\u00e9rio P\u00fablico do Estado do Par\u00e1 (MPPA) em parceria com a Pol\u00edcia Rodovi\u00e1ria Federal (PRF) realizou pesquisa para identificar os principais hor\u00e1rios e as vias de grande circula\u00e7\u00e3o de carretas e caminh\u00f5es em Bel\u00e9m, conforme <\/span><a href=\"https:\/\/g1.globo.com\/pa\/para\/noticia\/caminhoes-pesados-circulam-irregularmente-em-horarios-proibidos-em-belem.ghtml\"><span style=\"font-weight: 400;\">not\u00edcia do portal G1<\/span><\/a><span style=\"font-weight: 400;\">, que ainda ressaltou a circula\u00e7\u00e3o irregular de caminh\u00f5es pela capital. <\/span><\/p>\n<p><span style=\"font-weight: 400;\">Consultada, a PRF informou por meio de nota que, <\/span><span style=\"font-weight: 400;\">\u201cap\u00f3s an\u00e1lise nos setores respons\u00e1veis da PRF, n\u00e3o foi poss\u00edvel encontrar o registro de estudos, em parceria com Minist\u00e9rio P\u00fablico do Par\u00e1, que versem sobre essa tem\u00e1tica citada na mat\u00e9ria\u201d. Ainda segundo a nota, \u201calgumas vezes acontece da PRF fornecer dados que subsidiam pesquisas em diversos \u00f3rg\u00e3os, por\u00e9m, n\u00e3o possu\u00edmos dados sobre volume ou quantidade de caminh\u00f5es que entram no munic\u00edpio de Bel\u00e9m.\u201d<\/span><\/p>\n<p><span style=\"font-weight: 400;\">Segundo o MPPA, o estudo foi realizado pelo ent\u00e3o promotor de Justi\u00e7a de Meio Ambiente e Urbanismo, Benedito Wilson. A pesquisa analisou o impacto do tr\u00e1fego de caminh\u00f5es pesados em Bel\u00e9m e contou com dados cedidos informalmente pela PRF para que a antiga Companhia de Transportes do Munic\u00edpio de Bel\u00e9m (CTBel), hoje Semob, pudesse fixar pessoal e equipamentos para realizar os trabalhos em rela\u00e7\u00e3o ao tr\u00e1fego desses ve\u00edculos. <\/span><\/p>\n<p><span style=\"font-weight: 400;\">\u00c0 \u00e9poca, o promotor foi autor de uma a\u00e7\u00e3o civil p\u00fablica, j\u00e1 arquivada, para regularizar o hor\u00e1rio de entrada e sa\u00edda de caminh\u00f5es pesados dentro da cidade. A a\u00e7\u00e3o do MPPA resultou no <\/span><a href=\"https:\/\/leismunicipais.com.br\/a\/pa\/b\/belem\/decreto\/2011\/6636\/66368\/decreto-n-66368-2011-estabelece-horarios-de-entrada-e-circulacao-de-veiculos-rodoviarios-de-carga-no-perimetro-urbano-do-municipio-de-belem-e-da-outras-providencias\"><span style=\"font-weight: 400;\">decreto de n\u00ba 66.368, de 31 de mar\u00e7o de 2011<\/span><\/a><span style=\"font-weight: 400;\">, para disciplinar o tr\u00e1fego de caminh\u00f5es pesados dentro da capital. De acordo com a Semob, o decreto continua em vigor. O MPPA tamb\u00e9m informou n\u00e3o dispor dos dados. Tentamos contato com o promotor Benedito Wilson, mas n\u00e3o obtivemos resposta. <\/span><\/p>\n<p>&nbsp;<\/p>\n","protected":false},"excerpt":{"rendered":"<p>Em entrevista \u00e0 r\u00e1dio Unama FM, o candidato usou a circula\u00e7\u00e3o de caminh\u00f5es na capital paraense para justificar a implanta\u00e7\u00e3o de um projeto log\u00edstico na cidade<\/p>\n","protected":false},"author":27,"featured_media":3705,"comment_status":"closed","ping_status":"open","sticky":false,"template":"","format":"standard","meta":{"_acf_changed":false,"_jetpack_memberships_contains_paid_content":false,"footnotes":""},"categories":[1],"tags":[79],"coauthors":[27,167,92],"class_list":["post-3703","post","type-post","status-publish","format-standard","has-post-thumbnail","hentry","category-sem-categoria","tag-transporte"],"acf":{"pizza":"[]","truco":{"value":"impossivel_provar","label":"Imposs\u00edvel provar"},"resumido":"2,5 mil a 3 mil caminh\u00f5es cruzam Bel\u00e9m diariamente","descricao":"M\u00e1rcio Miranda usa dados imposs\u00edveis de provar para falar sobre o transporte de cargas em Bel\u00e9m","autor":"M\u00e1rcio Miranda (DEM), candidato a governador","candidato":{"ID":91,"post_author":"1","post_date":"2018-07-27 22:18:17","post_date_gmt":"2018-07-28 01:18:17","post_content":"Candidato do Democratas (DEM), M\u00e1rcio Miranda, 60 anos, vem de quatro mandatos como deputado estadual. Desde 2013, ocupa a presid\u00eancia da Assembleia Legislativa do Par\u00e1. Miranda \u00e9 m\u00e9dico cirurgi\u00e3o e capit\u00e3o reformado da Pol\u00edcia Militar. Natural de Pav\u00e3o, Minas Gerais, o candidato tem sua base eleitoral no munic\u00edpio de Castanhal. Ele \u00e9 apoiado pelo atual governador Sim\u00e3o Jatene, do PSDB.","post_title":"M\u00e1rcio Miranda","post_excerpt":"","post_status":"publish","comment_status":"closed","ping_status":"closed","post_password":"","post_name":"marcio-miranda","to_ping":"","pinged":"","post_modified":"2018-08-13 12:02:27","post_modified_gmt":"2018-08-13 15:02:27","post_content_filtered":"","post_parent":0,"guid":"https:\/\/apublica.org\/truco2018\/?post_type=candidato&#038;p=91","menu_order":0,"post_type":"candidato","post_mime_type":"","comment_count":"0","filter":"raw"},"estado":{"term_id":11,"name":"Par\u00e1","slug":"para","term_group":0,"term_taxonomy_id":11,"taxonomy":"estado","description":"","parent":0,"count":6,"filter":"raw"}},"yoast_head":"<!-- This site is optimized with the Yoast SEO plugin v27.5 - https:\/\/yoast.com\/product\/yoast-seo-wordpress\/ -->\n<title>M\u00e1rcio Miranda diz que at\u00e9 3 mil caminh\u00f5es cruzam Bel\u00e9m diariamente, mas \u00f3rg\u00e3os de tr\u00e2nsito n\u00e3o confirmam o dado - Truco2018<\/title>\n<meta name=\"robots\" content=\"index, follow, max-snippet:-1, max-image-preview:large, max-video-preview:-1\" \/>\n<link rel=\"canonical\" href=\"https:\/\/eleicoes.apublica.org\/2018\/2018\/10\/marcio-miranda-diz-que-ate-3-mil-caminhoes-cruzam-belem-diariamente-mas-orgaos-de-transito-nao-confirmam-o-dado\/\" \/>\n<meta property=\"og:locale\" content=\"pt_BR\" \/>\n<meta property=\"og:type\" content=\"article\" \/>\n<meta property=\"og:title\" content=\"M\u00e1rcio Miranda diz que at\u00e9 3 mil caminh\u00f5es cruzam Bel\u00e9m diariamente, mas \u00f3rg\u00e3os de tr\u00e2nsito n\u00e3o confirmam o dado - Truco2018\" \/>\n<meta property=\"og:description\" content=\"Em entrevista \u00e0 r\u00e1dio Unama FM, o candidato usou a circula\u00e7\u00e3o de caminh\u00f5es na capital paraense para justificar a implanta\u00e7\u00e3o de um projeto log\u00edstico na cidade\" \/>\n<meta property=\"og:url\" content=\"https:\/\/eleicoes.apublica.org\/2018\/2018\/10\/marcio-miranda-diz-que-ate-3-mil-caminhoes-cruzam-belem-diariamente-mas-orgaos-de-transito-nao-confirmam-o-dado\/\" \/>\n<meta property=\"og:site_name\" content=\"Truco2018\" \/>\n<meta property=\"article:published_time\" content=\"2018-10-26T15:30:37+00:00\" \/>\n<meta property=\"og:image\" content=\"https:\/\/i0.wp.com\/eleicoes.apublica.org\/2018\/wp-content\/uploads\/2018\/10\/Tr\u00e2nsito-almirante-barroso_Cristino-Martins.jpg?fit=900%2C600&ssl=1\" \/>\n\t<meta property=\"og:image:width\" content=\"900\" \/>\n\t<meta property=\"og:image:height\" content=\"600\" \/>\n\t<meta property=\"og:image:type\" content=\"image\/jpeg\" \/>\n<meta name=\"author\" content=\"Mois\u00e9s Sarraf, J\u00e9ssica Oliveira, Guilherme Guerreiro Neto\" \/>\n<meta name=\"twitter:card\" content=\"summary_large_image\" \/>\n<meta name=\"twitter:label1\" content=\"Escrito por\" \/>\n\t<meta name=\"twitter:data1\" content=\"Mois\u00e9s Sarraf\" \/>\n\t<meta name=\"twitter:label2\" content=\"Est. tempo de leitura\" \/>\n\t<meta name=\"twitter:data2\" content=\"4 minutos\" \/>\n\t<meta name=\"twitter:label3\" content=\"Written by\" \/>\n\t<meta name=\"twitter:data3\" content=\"Mois\u00e9s Sarraf, J\u00e9ssica Oliveira, Guilherme Guerreiro Neto\" \/>\n<script type=\"application\/ld+json\" class=\"yoast-schema-graph\">{\"@context\":\"https:\\\/\\\/schema.org\",\"@graph\":[{\"@type\":\"Article\",\"@id\":\"https:\\\/\\\/eleicoes.apublica.org\\\/2018\\\/2018\\\/10\\\/marcio-miranda-diz-que-ate-3-mil-caminhoes-cruzam-belem-diariamente-mas-orgaos-de-transito-nao-confirmam-o-dado\\\/#article\",\"isPartOf\":{\"@id\":\"https:\\\/\\\/eleicoes.apublica.org\\\/2018\\\/2018\\\/10\\\/marcio-miranda-diz-que-ate-3-mil-caminhoes-cruzam-belem-diariamente-mas-orgaos-de-transito-nao-confirmam-o-dado\\\/\"},\"author\":{\"name\":\"Mois\u00e9s Sarraf\",\"@id\":\"https:\\\/\\\/eleicoes.apublica.org\\\/2018\\\/#\\\/schema\\\/person\\\/79f94bd4c0fa8a8e7df82ca2bd7ac3c5\"},\"headline\":\"M\u00e1rcio Miranda diz que at\u00e9 3 mil caminh\u00f5es cruzam Bel\u00e9m diariamente, mas \u00f3rg\u00e3os de tr\u00e2nsito n\u00e3o confirmam o dado\",\"datePublished\":\"2018-10-26T15:30:37+00:00\",\"mainEntityOfPage\":{\"@id\":\"https:\\\/\\\/eleicoes.apublica.org\\\/2018\\\/2018\\\/10\\\/marcio-miranda-diz-que-ate-3-mil-caminhoes-cruzam-belem-diariamente-mas-orgaos-de-transito-nao-confirmam-o-dado\\\/\"},\"wordCount\":909,\"image\":{\"@id\":\"https:\\\/\\\/eleicoes.apublica.org\\\/2018\\\/2018\\\/10\\\/marcio-miranda-diz-que-ate-3-mil-caminhoes-cruzam-belem-diariamente-mas-orgaos-de-transito-nao-confirmam-o-dado\\\/#primaryimage\"},\"thumbnailUrl\":\"https:\\\/\\\/i0.wp.com\\\/eleicoes.apublica.org\\\/2018\\\/wp-content\\\/uploads\\\/2018\\\/10\\\/Tr%C3%A2nsito-almirante-barroso_Cristino-Martins.jpg?fit=900%2C600&ssl=1\",\"keywords\":[\"Transporte\"],\"inLanguage\":\"pt-BR\"},{\"@type\":\"WebPage\",\"@id\":\"https:\\\/\\\/eleicoes.apublica.org\\\/2018\\\/2018\\\/10\\\/marcio-miranda-diz-que-ate-3-mil-caminhoes-cruzam-belem-diariamente-mas-orgaos-de-transito-nao-confirmam-o-dado\\\/\",\"url\":\"https:\\\/\\\/eleicoes.apublica.org\\\/2018\\\/2018\\\/10\\\/marcio-miranda-diz-que-ate-3-mil-caminhoes-cruzam-belem-diariamente-mas-orgaos-de-transito-nao-confirmam-o-dado\\\/\",\"name\":\"M\u00e1rcio Miranda diz que at\u00e9 3 mil caminh\u00f5es cruzam Bel\u00e9m diariamente, mas \u00f3rg\u00e3os de tr\u00e2nsito n\u00e3o confirmam o dado - Truco2018\",\"isPartOf\":{\"@id\":\"https:\\\/\\\/eleicoes.apublica.org\\\/2018\\\/#website\"},\"primaryImageOfPage\":{\"@id\":\"https:\\\/\\\/eleicoes.apublica.org\\\/2018\\\/2018\\\/10\\\/marcio-miranda-diz-que-ate-3-mil-caminhoes-cruzam-belem-diariamente-mas-orgaos-de-transito-nao-confirmam-o-dado\\\/#primaryimage\"},\"image\":{\"@id\":\"https:\\\/\\\/eleicoes.apublica.org\\\/2018\\\/2018\\\/10\\\/marcio-miranda-diz-que-ate-3-mil-caminhoes-cruzam-belem-diariamente-mas-orgaos-de-transito-nao-confirmam-o-dado\\\/#primaryimage\"},\"thumbnailUrl\":\"https:\\\/\\\/i0.wp.com\\\/eleicoes.apublica.org\\\/2018\\\/wp-content\\\/uploads\\\/2018\\\/10\\\/Tr%C3%A2nsito-almirante-barroso_Cristino-Martins.jpg?fit=900%2C600&ssl=1\",\"datePublished\":\"2018-10-26T15:30:37+00:00\",\"author\":{\"@id\":\"https:\\\/\\\/eleicoes.apublica.org\\\/2018\\\/#\\\/schema\\\/person\\\/79f94bd4c0fa8a8e7df82ca2bd7ac3c5\"},\"breadcrumb\":{\"@id\":\"https:\\\/\\\/eleicoes.apublica.org\\\/2018\\\/2018\\\/10\\\/marcio-miranda-diz-que-ate-3-mil-caminhoes-cruzam-belem-diariamente-mas-orgaos-de-transito-nao-confirmam-o-dado\\\/#breadcrumb\"},\"inLanguage\":\"pt-BR\",\"potentialAction\":[{\"@type\":\"ReadAction\",\"target\":[\"https:\\\/\\\/eleicoes.apublica.org\\\/2018\\\/2018\\\/10\\\/marcio-miranda-diz-que-ate-3-mil-caminhoes-cruzam-belem-diariamente-mas-orgaos-de-transito-nao-confirmam-o-dado\\\/\"]}]},{\"@type\":\"ImageObject\",\"inLanguage\":\"pt-BR\",\"@id\":\"https:\\\/\\\/eleicoes.apublica.org\\\/2018\\\/2018\\\/10\\\/marcio-miranda-diz-que-ate-3-mil-caminhoes-cruzam-belem-diariamente-mas-orgaos-de-transito-nao-confirmam-o-dado\\\/#primaryimage\",\"url\":\"https:\\\/\\\/i0.wp.com\\\/eleicoes.apublica.org\\\/2018\\\/wp-content\\\/uploads\\\/2018\\\/10\\\/Tr%C3%A2nsito-almirante-barroso_Cristino-Martins.jpg?fit=900%2C600&ssl=1\",\"contentUrl\":\"https:\\\/\\\/i0.wp.com\\\/eleicoes.apublica.org\\\/2018\\\/wp-content\\\/uploads\\\/2018\\\/10\\\/Tr%C3%A2nsito-almirante-barroso_Cristino-Martins.jpg?fit=900%2C600&ssl=1\",\"width\":900,\"height\":600},{\"@type\":\"BreadcrumbList\",\"@id\":\"https:\\\/\\\/eleicoes.apublica.org\\\/2018\\\/2018\\\/10\\\/marcio-miranda-diz-que-ate-3-mil-caminhoes-cruzam-belem-diariamente-mas-orgaos-de-transito-nao-confirmam-o-dado\\\/#breadcrumb\",\"itemListElement\":[{\"@type\":\"ListItem\",\"position\":1,\"name\":\"In\u00edcio\",\"item\":\"https:\\\/\\\/eleicoes.apublica.org\\\/2018\\\/\"},{\"@type\":\"ListItem\",\"position\":2,\"name\":\"M\u00e1rcio Miranda diz que at\u00e9 3 mil caminh\u00f5es cruzam Bel\u00e9m diariamente, mas \u00f3rg\u00e3os de tr\u00e2nsito n\u00e3o confirmam o dado\"}]},{\"@type\":\"WebSite\",\"@id\":\"https:\\\/\\\/eleicoes.apublica.org\\\/2018\\\/#website\",\"url\":\"https:\\\/\\\/eleicoes.apublica.org\\\/2018\\\/\",\"name\":\"Truco2018\",\"description\":\"Truco nos estados - Checamos as declara\u00e7\u00f5es de candidatos e boatos que circulam sobre as elei\u00e7\u00f5es para o governo de Minas, Cear\u00e1, S\u00e3o Paulo, Rio Grande do Sul, Par\u00e1, Paran\u00e1, Pernambuco.\",\"potentialAction\":[{\"@type\":\"SearchAction\",\"target\":{\"@type\":\"EntryPoint\",\"urlTemplate\":\"https:\\\/\\\/eleicoes.apublica.org\\\/2018\\\/?s={search_term_string}\"},\"query-input\":{\"@type\":\"PropertyValueSpecification\",\"valueRequired\":true,\"valueName\":\"search_term_string\"}}],\"inLanguage\":\"pt-BR\"},{\"@type\":\"Person\",\"@id\":\"https:\\\/\\\/eleicoes.apublica.org\\\/2018\\\/#\\\/schema\\\/person\\\/79f94bd4c0fa8a8e7df82ca2bd7ac3c5\",\"name\":\"Mois\u00e9s Sarraf\",\"image\":{\"@type\":\"ImageObject\",\"inLanguage\":\"pt-BR\",\"@id\":\"https:\\\/\\\/secure.gravatar.com\\\/avatar\\\/29b6bb31d9e24483a72bba6d976ec9eff02b588db3a292633e761c687ca27055?s=96&d=mm&r=g63738ba9671ae5a49d644d3cff43fb81\",\"url\":\"https:\\\/\\\/secure.gravatar.com\\\/avatar\\\/29b6bb31d9e24483a72bba6d976ec9eff02b588db3a292633e761c687ca27055?s=96&d=mm&r=g\",\"contentUrl\":\"https:\\\/\\\/secure.gravatar.com\\\/avatar\\\/29b6bb31d9e24483a72bba6d976ec9eff02b588db3a292633e761c687ca27055?s=96&d=mm&r=g\",\"caption\":\"Mois\u00e9s Sarraf\"},\"url\":\"https:\\\/\\\/eleicoes.apublica.org\\\/2018\\\/author\\\/moises-sarraf\\\/\"}]}<\/script>\n<!-- \/ Yoast SEO plugin. -->","yoast_head_json":{"title":"M\u00e1rcio Miranda diz que at\u00e9 3 mil caminh\u00f5es cruzam Bel\u00e9m diariamente, mas \u00f3rg\u00e3os de tr\u00e2nsito n\u00e3o confirmam o dado - Truco2018","robots":{"index":"index","follow":"follow","max-snippet":"max-snippet:-1","max-image-preview":"max-image-preview:large","max-video-preview":"max-video-preview:-1"},"canonical":"https:\/\/eleicoes.apublica.org\/2018\/2018\/10\/marcio-miranda-diz-que-ate-3-mil-caminhoes-cruzam-belem-diariamente-mas-orgaos-de-transito-nao-confirmam-o-dado\/","og_locale":"pt_BR","og_type":"article","og_title":"M\u00e1rcio Miranda diz que at\u00e9 3 mil caminh\u00f5es cruzam Bel\u00e9m diariamente, mas \u00f3rg\u00e3os de tr\u00e2nsito n\u00e3o confirmam o dado - Truco2018","og_description":"Em entrevista \u00e0 r\u00e1dio Unama FM, o candidato usou a circula\u00e7\u00e3o de caminh\u00f5es na capital paraense para justificar a implanta\u00e7\u00e3o de um projeto log\u00edstico na cidade","og_url":"https:\/\/eleicoes.apublica.org\/2018\/2018\/10\/marcio-miranda-diz-que-ate-3-mil-caminhoes-cruzam-belem-diariamente-mas-orgaos-de-transito-nao-confirmam-o-dado\/","og_site_name":"Truco2018","article_published_time":"2018-10-26T15:30:37+00:00","og_image":[{"width":900,"height":600,"url":"https:\/\/i0.wp.com\/eleicoes.apublica.org\/2018\/wp-content\/uploads\/2018\/10\/Tr\u00e2nsito-almirante-barroso_Cristino-Martins.jpg?fit=900%2C600&ssl=1","type":"image\/jpeg"}],"author":"Mois\u00e9s Sarraf, J\u00e9ssica Oliveira, Guilherme Guerreiro Neto","twitter_card":"summary_large_image","twitter_misc":{"Escrito por":"Mois\u00e9s Sarraf","Est. tempo de leitura":"4 minutos","Written by":"Mois\u00e9s Sarraf, J\u00e9ssica Oliveira, Guilherme Guerreiro Neto"},"schema":{"@context":"https:\/\/schema.org","@graph":[{"@type":"Article","@id":"https:\/\/eleicoes.apublica.org\/2018\/2018\/10\/marcio-miranda-diz-que-ate-3-mil-caminhoes-cruzam-belem-diariamente-mas-orgaos-de-transito-nao-confirmam-o-dado\/#article","isPartOf":{"@id":"https:\/\/eleicoes.apublica.org\/2018\/2018\/10\/marcio-miranda-diz-que-ate-3-mil-caminhoes-cruzam-belem-diariamente-mas-orgaos-de-transito-nao-confirmam-o-dado\/"},"author":{"name":"Mois\u00e9s Sarraf","@id":"https:\/\/eleicoes.apublica.org\/2018\/#\/schema\/person\/79f94bd4c0fa8a8e7df82ca2bd7ac3c5"},"headline":"M\u00e1rcio Miranda diz que at\u00e9 3 mil caminh\u00f5es cruzam Bel\u00e9m diariamente, mas \u00f3rg\u00e3os de tr\u00e2nsito n\u00e3o confirmam o dado","datePublished":"2018-10-26T15:30:37+00:00","mainEntityOfPage":{"@id":"https:\/\/eleicoes.apublica.org\/2018\/2018\/10\/marcio-miranda-diz-que-ate-3-mil-caminhoes-cruzam-belem-diariamente-mas-orgaos-de-transito-nao-confirmam-o-dado\/"},"wordCount":909,"image":{"@id":"https:\/\/eleicoes.apublica.org\/2018\/2018\/10\/marcio-miranda-diz-que-ate-3-mil-caminhoes-cruzam-belem-diariamente-mas-orgaos-de-transito-nao-confirmam-o-dado\/#primaryimage"},"thumbnailUrl":"https:\/\/i0.wp.com\/eleicoes.apublica.org\/2018\/wp-content\/uploads\/2018\/10\/Tr%C3%A2nsito-almirante-barroso_Cristino-Martins.jpg?fit=900%2C600&ssl=1","keywords":["Transporte"],"inLanguage":"pt-BR"},{"@type":"WebPage","@id":"https:\/\/eleicoes.apublica.org\/2018\/2018\/10\/marcio-miranda-diz-que-ate-3-mil-caminhoes-cruzam-belem-diariamente-mas-orgaos-de-transito-nao-confirmam-o-dado\/","url":"https:\/\/eleicoes.apublica.org\/2018\/2018\/10\/marcio-miranda-diz-que-ate-3-mil-caminhoes-cruzam-belem-diariamente-mas-orgaos-de-transito-nao-confirmam-o-dado\/","name":"M\u00e1rcio Miranda diz que at\u00e9 3 mil caminh\u00f5es cruzam Bel\u00e9m diariamente, mas \u00f3rg\u00e3os de tr\u00e2nsito n\u00e3o confirmam o dado - Truco2018","isPartOf":{"@id":"https:\/\/eleicoes.apublica.org\/2018\/#website"},"primaryImageOfPage":{"@id":"https:\/\/eleicoes.apublica.org\/2018\/2018\/10\/marcio-miranda-diz-que-ate-3-mil-caminhoes-cruzam-belem-diariamente-mas-orgaos-de-transito-nao-confirmam-o-dado\/#primaryimage"},"image":{"@id":"https:\/\/eleicoes.apublica.org\/2018\/2018\/10\/marcio-miranda-diz-que-ate-3-mil-caminhoes-cruzam-belem-diariamente-mas-orgaos-de-transito-nao-confirmam-o-dado\/#primaryimage"},"thumbnailUrl":"https:\/\/i0.wp.com\/eleicoes.apublica.org\/2018\/wp-content\/uploads\/2018\/10\/Tr%C3%A2nsito-almirante-barroso_Cristino-Martins.jpg?fit=900%2C600&ssl=1","datePublished":"2018-10-26T15:30:37+00:00","author":{"@id":"https:\/\/eleicoes.apublica.org\/2018\/#\/schema\/person\/79f94bd4c0fa8a8e7df82ca2bd7ac3c5"},"breadcrumb":{"@id":"https:\/\/eleicoes.apublica.org\/2018\/2018\/10\/marcio-miranda-diz-que-ate-3-mil-caminhoes-cruzam-belem-diariamente-mas-orgaos-de-transito-nao-confirmam-o-dado\/#breadcrumb"},"inLanguage":"pt-BR","potentialAction":[{"@type":"ReadAction","target":["https:\/\/eleicoes.apublica.org\/2018\/2018\/10\/marcio-miranda-diz-que-ate-3-mil-caminhoes-cruzam-belem-diariamente-mas-orgaos-de-transito-nao-confirmam-o-dado\/"]}]},{"@type":"ImageObject","inLanguage":"pt-BR","@id":"https:\/\/eleicoes.apublica.org\/2018\/2018\/10\/marcio-miranda-diz-que-ate-3-mil-caminhoes-cruzam-belem-diariamente-mas-orgaos-de-transito-nao-confirmam-o-dado\/#primaryimage","url":"https:\/\/i0.wp.com\/eleicoes.apublica.org\/2018\/wp-content\/uploads\/2018\/10\/Tr%C3%A2nsito-almirante-barroso_Cristino-Martins.jpg?fit=900%2C600&ssl=1","contentUrl":"https:\/\/i0.wp.com\/eleicoes.apublica.org\/2018\/wp-content\/uploads\/2018\/10\/Tr%C3%A2nsito-almirante-barroso_Cristino-Martins.jpg?fit=900%2C600&ssl=1","width":900,"height":600},{"@type":"BreadcrumbList","@id":"https:\/\/eleicoes.apublica.org\/2018\/2018\/10\/marcio-miranda-diz-que-ate-3-mil-caminhoes-cruzam-belem-diariamente-mas-orgaos-de-transito-nao-confirmam-o-dado\/#breadcrumb","itemListElement":[{"@type":"ListItem","position":1,"name":"In\u00edcio","item":"https:\/\/eleicoes.apublica.org\/2018\/"},{"@type":"ListItem","position":2,"name":"M\u00e1rcio Miranda diz que at\u00e9 3 mil caminh\u00f5es cruzam Bel\u00e9m diariamente, mas \u00f3rg\u00e3os de tr\u00e2nsito n\u00e3o confirmam o dado"}]},{"@type":"WebSite","@id":"https:\/\/eleicoes.apublica.org\/2018\/#website","url":"https:\/\/eleicoes.apublica.org\/2018\/","name":"Truco2018","description":"Truco nos estados - Checamos as declara\u00e7\u00f5es de candidatos e boatos que circulam sobre as elei\u00e7\u00f5es para o governo de Minas, Cear\u00e1, S\u00e3o Paulo, Rio Grande do Sul, Par\u00e1, Paran\u00e1, Pernambuco.","potentialAction":[{"@type":"SearchAction","target":{"@type":"EntryPoint","urlTemplate":"https:\/\/eleicoes.apublica.org\/2018\/?s={search_term_string}"},"query-input":{"@type":"PropertyValueSpecification","valueRequired":true,"valueName":"search_term_string"}}],"inLanguage":"pt-BR"},{"@type":"Person","@id":"https:\/\/eleicoes.apublica.org\/2018\/#\/schema\/person\/79f94bd4c0fa8a8e7df82ca2bd7ac3c5","name":"Mois\u00e9s Sarraf","image":{"@type":"ImageObject","inLanguage":"pt-BR","@id":"https:\/\/secure.gravatar.com\/avatar\/29b6bb31d9e24483a72bba6d976ec9eff02b588db3a292633e761c687ca27055?s=96&d=mm&r=g63738ba9671ae5a49d644d3cff43fb81","url":"https:\/\/secure.gravatar.com\/avatar\/29b6bb31d9e24483a72bba6d976ec9eff02b588db3a292633e761c687ca27055?s=96&d=mm&r=g","contentUrl":"https:\/\/secure.gravatar.com\/avatar\/29b6bb31d9e24483a72bba6d976ec9eff02b588db3a292633e761c687ca27055?s=96&d=mm&r=g","caption":"Mois\u00e9s Sarraf"},"url":"https:\/\/eleicoes.apublica.org\/2018\/author\/moises-sarraf\/"}]}},"jetpack_featured_media_url":"https:\/\/i0.wp.com\/eleicoes.apublica.org\/2018\/wp-content\/uploads\/2018\/10\/Tr%C3%A2nsito-almirante-barroso_Cristino-Martins.jpg?fit=900%2C600&ssl=1","jetpack_shortlink":"https:\/\/wp.me\/pbyYl8-XJ","jetpack_sharing_enabled":true,"_links":{"self":[{"href":"https:\/\/eleicoes.apublica.org\/2018\/wp-json\/wp\/v2\/posts\/3703","targetHints":{"allow":["GET"]}}],"collection":[{"href":"https:\/\/eleicoes.apublica.org\/2018\/wp-json\/wp\/v2\/posts"}],"about":[{"href":"https:\/\/eleicoes.apublica.org\/2018\/wp-json\/wp\/v2\/types\/post"}],"author":[{"embeddable":true,"href":"https:\/\/eleicoes.apublica.org\/2018\/wp-json\/wp\/v2\/users\/27"}],"replies":[{"embeddable":true,"href":"https:\/\/eleicoes.apublica.org\/2018\/wp-json\/wp\/v2\/comments?post=3703"}],"version-history":[{"count":3,"href":"https:\/\/eleicoes.apublica.org\/2018\/wp-json\/wp\/v2\/posts\/3703\/revisions"}],"predecessor-version":[{"id":3708,"href":"https:\/\/eleicoes.apublica.org\/2018\/wp-json\/wp\/v2\/posts\/3703\/revisions\/3708"}],"wp:featuredmedia":[{"embeddable":true,"href":"https:\/\/eleicoes.apublica.org\/2018\/wp-json\/wp\/v2\/media\/3705"}],"wp:attachment":[{"href":"https:\/\/eleicoes.apublica.org\/2018\/wp-json\/wp\/v2\/media?parent=3703"}],"wp:term":[{"taxonomy":"category","embeddable":true,"href":"https:\/\/eleicoes.apublica.org\/2018\/wp-json\/wp\/v2\/categories?post=3703"},{"taxonomy":"post_tag","embeddable":true,"href":"https:\/\/eleicoes.apublica.org\/2018\/wp-json\/wp\/v2\/tags?post=3703"},{"taxonomy":"author","embeddable":true,"href":"https:\/\/eleicoes.apublica.org\/2018\/wp-json\/wp\/v2\/coauthors?post=3703"}],"curies":[{"name":"wp","href":"https:\/\/api.w.org\/{rel}","templated":true}]}}