{"id":3710,"date":"2018-10-26T16:37:07","date_gmt":"2018-10-26T19:37:07","guid":{"rendered":"https:\/\/truco2018.apublica.org\/?p=3710"},"modified":"2018-10-26T16:37:07","modified_gmt":"2018-10-26T19:37:07","slug":"falso-helder-nao-houve-impedimento-ambiental-para-icar-navio-naufragado-em-barcarena","status":"publish","type":"post","link":"https:\/\/eleicoes.apublica.org\/2018\/2018\/10\/falso-helder-nao-houve-impedimento-ambiental-para-icar-navio-naufragado-em-barcarena\/","title":{"rendered":"Falso, Helder: n\u00e3o houve impedimento ambiental para i\u00e7ar navio naufragado em Barcarena"},"content":{"rendered":"<p><b>\u201cParticularmente em rela\u00e7\u00e3o ao naufr\u00e1gio, foi a Secretaria de Meio Ambiente do Jatene e sua que n\u00e3o permitiram que o navio fosse i\u00e7ado\u201d<\/b><span style=\"font-weight: 400;\">, Helder Barbalho (MDB), no<\/span><a href=\"https:\/\/www.facebook.com\/sbtpara\/videos\/571041413335173\/?__xts__%5b0%5d=68.ARBDzx0iYjkDjvwSMAVw68F9RNysgBGa7TIF0C_3EgoVLzR5d2jdHqkrBLWMdjqcAw9aN2cICtzuOC69QJ9twVIWm365fxFmXwiUZWiuUoBXUSeGmUz9_eLnciAN3P6JXUOtPWmCszwhTcoXXO48UIMDD-fFVIYTEeOTS7KiOSq0pIHC6V-yizrrnYZ827qtE6HxhIMYxG8v9tIPl5ZUpw4N4Yysnb24gqhf&amp;__tn__=-R\"> <span style=\"font-weight: 400;\">debate do SBT Par\u00e1<\/span><\/a><span style=\"font-weight: 400;\">, no dia 23 de outubro. <\/span><\/p>\n<p><span style=\"font-weight: 400;\">Helder Barbalho, do MDB, foi questionado por M\u00e1rcio Miranda, do Democratas, sobre o naufr\u00e1gio do navio Haidar, ocorrido em Barcarena, em 2015, que levou \u00e0 morte de cerca de 4,9 mil bois por afogamento. Na \u00e9poca, Helder estava rec\u00e9m-chegado ao cargo de ministro dos Portos do governo Dilma Rousseff (PT). O porto de Vila do Conde, onde houve o desastre ambiental, \u00e9 administrado pela Companhia Docas do Par\u00e1 (CDP), vinculada \u00e0 Secretaria Nacional dos Portos.<\/span><\/p>\n<figure id=\"attachment_3712\" aria-describedby=\"caption-attachment-3712\" style=\"width: 500px\" class=\"wp-caption aligncenter\"><img data-recalc-dims=\"1\" loading=\"lazy\" decoding=\"async\" class=\"wp-image-3712 size-full\" src=\"https:\/\/i0.wp.com\/truco2018.apublica.org\/wp-content\/uploads\/2018\/10\/Naufr%C3%A1gio-Barcarena_Ascom-MPPA.jpg?resize=500%2C333&#038;ssl=1\" alt=\"\" width=\"500\" height=\"333\" srcset=\"https:\/\/i0.wp.com\/eleicoes.apublica.org\/2018\/wp-content\/uploads\/2018\/10\/Naufr%C3%A1gio-Barcarena_Ascom-MPPA.jpg?w=500&amp;ssl=1 500w, https:\/\/i0.wp.com\/eleicoes.apublica.org\/2018\/wp-content\/uploads\/2018\/10\/Naufr%C3%A1gio-Barcarena_Ascom-MPPA.jpg?resize=300%2C200&amp;ssl=1 300w\" sizes=\"auto, (max-width: 500px) 100vw, 500px\" \/><figcaption id=\"caption-attachment-3712\" class=\"wp-caption-text\">O navio come\u00e7ou a inclinar na madrugada do dia 5 para o dia 6 de outubro de 2015, naufragando pela manh\u00e3, no porto de Vila do Conde, em Barcarena. Foto: Walrimar Santos\/Pol\u00edcia Civil.<\/figcaption><\/figure>\n<p><span style=\"font-weight: 400;\">Em resposta, Helder disse que a embarca\u00e7\u00e3o n\u00e3o foi i\u00e7ada, na \u00e9poca, porque a Secretaria de Estado de Meio Ambiente e Sustentabilidade (Semas) n\u00e3o permitiu. O governador Sim\u00e3o Jatene (PSDB) \u00e9 aliado de M\u00e1rcio Miranda, por isso Helder tentou vincular a Semas a seu advers\u00e1rio eleitoral. O candidato do MDB disse ainda que o atual Minist\u00e9rio dos Transportes, Portos e Avia\u00e7\u00e3o Civil est\u00e1 concluindo o processo licitat\u00f3rio para a retirada do navio.<\/span><\/p>\n<p><span style=\"font-weight: 400;\">De acordo com o Minist\u00e9rio P\u00fablico Federal (MPF) e a Procuradoria Geral do Estado (PGE), no entanto, n\u00e3o houve qualquer impedimento ambiental, por parte da Semas, para a retirada do navio Haidar naufragado no rio Par\u00e1. Assim, o <\/span><b>Truco nos Estados <\/b><span style=\"font-weight: 400;\">\u2013 projeto de checagem coordenado pela Ag\u00eancia P\u00fablica que tem, no Par\u00e1, o <\/span><b>Portal Outros400 <\/b><span style=\"font-weight: 400;\">como parceiro \u2013 considerou que, \u00e0 declara\u00e7\u00e3o, cabe o selo \u2018falso\u2019.<\/span><\/p>\n<p><b>Naufr\u00e1gio<\/b><\/p>\n<p><span style=\"font-weight: 400;\">A embarca\u00e7\u00e3o Haidar, vinda da L\u00edbia, chegou ao porto de Vila do Conde, em Barcarena, para o embarque de 5 mil bois vivos, que seriam exportados para a Venezuela. O gado estava sendo embarcado, quando, na madrugada do dia 5 para o dia 6 de outubro, o navio come\u00e7ou a inclinar. Com o deslocamento dos bois para o lado, a inclina\u00e7\u00e3o aumentou e a tripula\u00e7\u00e3o teve que deixar o navio. O naufr\u00e1gio ocorreu pela manh\u00e3.<\/span><\/p>\n<p><span style=\"font-weight: 400;\">Cerca de 4,9 mil bois vivos j\u00e1 estavam no navio. Poucos foram retiradas a tempo. Alguns deixaram a embarca\u00e7\u00e3o e flutuaram por um tempo, at\u00e9 morrerem afogados. A maioria dos animais ficou presa dentro do navio. Carca\u00e7as dos bois, misturadas ao \u00f3leo vazado, passaram a boiar no rio Par\u00e1, provocando mau cheiro. Diante da demora para a retirada das carca\u00e7as, a barreira de conten\u00e7\u00e3o rompeu, no dia 12 de outubro, e os restos dos bois chegaram \u00e0s praias de Barcarena e Abaetetuba.<\/span><\/p>\n<figure id=\"attachment_3714\" aria-describedby=\"caption-attachment-3714\" style=\"width: 525px\" class=\"wp-caption aligncenter\"><img data-recalc-dims=\"1\" loading=\"lazy\" decoding=\"async\" class=\"wp-image-3714 size-large\" src=\"https:\/\/i0.wp.com\/truco2018.apublica.org\/wp-content\/uploads\/2018\/10\/Naufr%C3%A1gio_Sidney-Oliveira_Ag%C3%AAncia-Par%C3%A1-1024x683.jpg?resize=525%2C350&#038;ssl=1\" alt=\"\" width=\"525\" height=\"350\" srcset=\"https:\/\/i0.wp.com\/eleicoes.apublica.org\/2018\/wp-content\/uploads\/2018\/10\/Naufr%C3%A1gio_Sidney-Oliveira_Ag%C3%AAncia-Par%C3%A1.jpg?resize=1024%2C683&amp;ssl=1 1024w, https:\/\/i0.wp.com\/eleicoes.apublica.org\/2018\/wp-content\/uploads\/2018\/10\/Naufr%C3%A1gio_Sidney-Oliveira_Ag%C3%AAncia-Par%C3%A1.jpg?resize=300%2C200&amp;ssl=1 300w, https:\/\/i0.wp.com\/eleicoes.apublica.org\/2018\/wp-content\/uploads\/2018\/10\/Naufr%C3%A1gio_Sidney-Oliveira_Ag%C3%AAncia-Par%C3%A1.jpg?resize=768%2C512&amp;ssl=1 768w, https:\/\/i0.wp.com\/eleicoes.apublica.org\/2018\/wp-content\/uploads\/2018\/10\/Naufr%C3%A1gio_Sidney-Oliveira_Ag%C3%AAncia-Par%C3%A1.jpg?w=1575&amp;ssl=1 1575w\" sizes=\"auto, (max-width: 525px) 100vw, 525px\" \/><figcaption id=\"caption-attachment-3714\" class=\"wp-caption-text\">Vista a\u00e9rea do navio Haidar quase completamente submerso no rio Par\u00e1. Foto: Sidney Oliveira\/Ag\u00eancia Par\u00e1.<\/figcaption><\/figure>\n<p><span style=\"font-weight: 400;\">A fonte desse relato \u00e9 a<\/span><a href=\"http:\/\/www.mpf.mp.br\/pa\/sala-de-imprensa\/documentos\/2015\/acao-civil-publica-impactos-naufragio-do-navio-haidar-em-barcarena-pa-1\"> <span style=\"font-weight: 400;\">a\u00e7\u00e3o civil p\u00fablica<\/span><\/a><span style=\"font-weight: 400;\"> ajuizada em dezembro de 2015 por MPF, Minist\u00e9rio P\u00fablico do Estado Par\u00e1 (MPPA), Defensoria P\u00fablica do Estado do Par\u00e1 e PGE.<\/span><\/p>\n<p><b>Secretaria de Meio Ambiente n\u00e3o impediu a i\u00e7agem, diz MPF<\/b><\/p>\n<p><span style=\"font-weight: 400;\">Segundo o procurador da Rep\u00fablica Bruno Valente, que acompanhou o caso, a Semas n\u00e3o impediu a i\u00e7agem da embarca\u00e7\u00e3o. \u201cN\u00e3o houve nenhuma ordem ou proibi\u00e7\u00e3o de retirada do navio, n\u00e3o. Isso n\u00e3o ocorreu\u201d, diz o procurador. \u201cO que eu me recordo \u00e9 que houve uma discord\u00e2ncia entre os \u00f3rg\u00e3os ambientais, o Ibama e a Secretaria Estadual de Meio Ambiente, sobre a destina\u00e7\u00e3o que deveria ser dada \u00e0s carca\u00e7as bovinas.\u201d<\/span><\/p>\n<p><span style=\"font-weight: 400;\">N\u00e3o havia consenso sobre o que fazer com os bois mortos. O Ibama entendia que deveriam ser queimados. A Secretaria de Meio Ambiente, embora tenha chegado a sugerir que as carca\u00e7as fossem jogadas em alto mar, considerava que as empresas respons\u00e1veis deveriam apresentar a proposta sobre o que fazer. \u201cNo fim das contas, enterraram as carca\u00e7as l\u00e1 na \u00e1rea da CDP em Barcarena. A empresa fez a proposta de enterrar e a Semas aprovou. Eles abriram buracos, colocaram mantas pra impermeabilizar, enterraram e fecharam\u201d, completa Bruno Valente.<\/span><\/p>\n<p><span style=\"font-weight: 400;\">Em rela\u00e7\u00e3o \u00e0s compensa\u00e7\u00f5es, houve acordo com as empresas, que, entre outras provid\u00eancias, indenizar\u00e3o as fam\u00edlias atingidas. Esta sexta-feira, 26, \u00e9 o \u00faltimo dia de cadastro dessas fam\u00edlias. Segundo Valente, cerca de 6 mil fam\u00edlias devem receber indeniza\u00e7\u00e3o por conta do desastre. O pagamento por parte das empresas deve ocorrer ainda este ano.<\/span><\/p>\n<p><b>Procurador-geral do Estado nega que a Semas tenha impedido opera\u00e7\u00e3o<\/b><\/p>\n<p><span style=\"font-weight: 400;\">Procuramos a Secretaria de Estado de Meio Ambiente e Sustentabilidade. Nossa demanda foi encaminhada \u00e0 Procuradoria Geral do Estado do Par\u00e1, que passou a responder pelo estado sobre o caso. O procurador-geral do Estado, Ophir Cavalcante Junior, em contato com o procurador encarregado do processo na \u00e9poca, tamb\u00e9m negou qualquer proibi\u00e7\u00e3o de retirada da embarca\u00e7\u00e3o por parte da Semas:<\/span><\/p>\n<p><span style=\"font-weight: 400;\">\u201cO que ele me disse \u00e9 que n\u00e3o havia qualquer tipo de impedimento ambiental pra fazer a i\u00e7agem do navio. O que aconteceu foi que a Semas autorizou a retirada do \u00f3leo, o \u00f3leo foi retirado e depois ficou a cargo da CDP, que administrava os portos, a salvatagem, como se chama, que \u00e9 a i\u00e7agem do navio da \u00e1gua\u201d, justificou o procurador-geral. \u201cA CDP n\u00e3o tinha recursos pra isso, porque era um valor astron\u00f4mico. A\u00ed se ficou discutindo quem tinha que tirar de l\u00e1, se era a CDP ou se era a empresa. Por isso \u00e9 que n\u00e3o saiu logo. Ent\u00e3o n\u00e3o \u00e9 verdadeiro que tinha qualquer tipo de impedimento ambiental pra fazer a i\u00e7agem do navio.\u201d<\/span><\/p>\n<p><span style=\"font-weight: 400;\">O Minist\u00e9rio dos Transportes, Portos e Avia\u00e7\u00e3o Civil informou que h\u00e1 um processo de licita\u00e7\u00e3o em andamento para contrata\u00e7\u00e3o de empresa que realizar\u00e1 a opera\u00e7\u00e3o. A sele\u00e7\u00e3o dos correntes deve ocorrer na pr\u00f3xima semana. O minist\u00e9rio informou ainda que n\u00e3o h\u00e1 confirma\u00e7\u00e3o de que o navio seja retirado ainda este ano. <\/span><\/p>\n<p><span style=\"font-weight: 400;\">Procurada, a CDP n\u00e3o se manifestou at\u00e9 o fechamento da checagem. Tamb\u00e9m entramos em contato com a assessoria de Helder Barbalho, para saber a fonte em que o candidato baseou sua declara\u00e7\u00e3o, mas n\u00e3o houve resposta.<\/span><\/p>\n<p>&nbsp;<\/p>\n","protected":false},"excerpt":{"rendered":"<p>Navio Haidar que naugrafou com quase 5 mil bois aguarda andamento da licita\u00e7\u00e3o para ser retirado do fundo do rio Par\u00e1, no porto de Vila do Conde<\/p>\n","protected":false},"author":27,"featured_media":3712,"comment_status":"closed","ping_status":"open","sticky":false,"template":"","format":"standard","meta":{"_acf_changed":false,"_jetpack_memberships_contains_paid_content":false,"footnotes":""},"categories":[1],"tags":[35],"coauthors":[27,167,92],"class_list":["post-3710","post","type-post","status-publish","format-standard","has-post-thumbnail","hentry","category-sem-categoria","tag-meio-ambiente"],"acf":{"truco":{"value":"falso","label":"Falso"},"resumido":"em rela\u00e7\u00e3o ao naufr\u00e1gio, foi a Secretaria de Meio Ambiente do Jatene e sua que n\u00e3o permitiram que o navio fosse i\u00e7ado","descricao":"Declara\u00e7\u00e3o de Helder sobre naufr\u00e1gio em Barcarena recebe selo falso","autor":"Helder Barbalho (MDB), candidato a governador","candidato":{"ID":96,"post_author":"1","post_date":"2018-07-27 22:20:38","post_date_gmt":"2018-07-28 01:20:38","post_content":"O MDB tem como candidato Helder Barbalho, 39 anos, ex-ministro dos governos Dilma Rousseff e Michel Temer, onde ocupou os cargos de Integra\u00e7\u00e3o Nacional e Pesca e Aquicultura. Helder foi vereador, deputado estadual e prefeito de Ananindeua por dois mandatos.\r\n\r\nEle nasceu na capital Bel\u00e9m e formou-se em administra\u00e7\u00e3o, tendo especializa\u00e7\u00e3o em gest\u00e3o p\u00fablica. \u00c9 a segunda vez que concorre ao governo do Par\u00e1. Seu pai, o senador Jader Barbalho, foi governador por dois mandatos.","post_title":"Helder Barbalho","post_excerpt":"","post_status":"publish","comment_status":"closed","ping_status":"closed","post_password":"","post_name":"helder-barbalho","to_ping":"","pinged":"","post_modified":"2018-08-14 10:20:38","post_modified_gmt":"2018-08-14 13:20:38","post_content_filtered":"","post_parent":0,"guid":"https:\/\/apublica.org\/truco2018\/?post_type=candidato&#038;p=96","menu_order":0,"post_type":"candidato","post_mime_type":"","comment_count":"0","filter":"raw"},"estado":{"term_id":11,"name":"Par\u00e1","slug":"para","term_group":0,"term_taxonomy_id":11,"taxonomy":"estado","description":"","parent":0,"count":6,"filter":"raw"}},"yoast_head":"<!-- This site is optimized with the Yoast SEO plugin v27.5 - https:\/\/yoast.com\/product\/yoast-seo-wordpress\/ -->\n<title>Falso, Helder: n\u00e3o houve impedimento ambiental para i\u00e7ar navio naufragado em Barcarena - Truco2018<\/title>\n<meta name=\"robots\" content=\"index, follow, max-snippet:-1, max-image-preview:large, max-video-preview:-1\" \/>\n<link rel=\"canonical\" href=\"https:\/\/eleicoes.apublica.org\/2018\/2018\/10\/falso-helder-nao-houve-impedimento-ambiental-para-icar-navio-naufragado-em-barcarena\/\" \/>\n<meta property=\"og:locale\" content=\"pt_BR\" \/>\n<meta property=\"og:type\" content=\"article\" \/>\n<meta property=\"og:title\" content=\"Falso, Helder: n\u00e3o houve impedimento ambiental para i\u00e7ar navio naufragado em Barcarena - Truco2018\" \/>\n<meta property=\"og:description\" content=\"Navio Haidar que naugrafou com quase 5 mil bois aguarda andamento da licita\u00e7\u00e3o para ser retirado do fundo do rio Par\u00e1, no porto de Vila do Conde\" \/>\n<meta property=\"og:url\" content=\"https:\/\/eleicoes.apublica.org\/2018\/2018\/10\/falso-helder-nao-houve-impedimento-ambiental-para-icar-navio-naufragado-em-barcarena\/\" \/>\n<meta property=\"og:site_name\" content=\"Truco2018\" \/>\n<meta property=\"article:published_time\" content=\"2018-10-26T19:37:07+00:00\" \/>\n<meta property=\"og:image\" content=\"https:\/\/i0.wp.com\/eleicoes.apublica.org\/2018\/wp-content\/uploads\/2018\/10\/Naufr\u00e1gio-Barcarena_Ascom-MPPA.jpg?fit=500%2C333&ssl=1\" \/>\n\t<meta property=\"og:image:width\" content=\"500\" \/>\n\t<meta property=\"og:image:height\" content=\"333\" \/>\n\t<meta property=\"og:image:type\" content=\"image\/jpeg\" \/>\n<meta name=\"author\" content=\"Mois\u00e9s Sarraf, J\u00e9ssica Oliveira, Guilherme Guerreiro Neto\" \/>\n<meta name=\"twitter:card\" content=\"summary_large_image\" \/>\n<meta name=\"twitter:label1\" content=\"Escrito por\" \/>\n\t<meta name=\"twitter:data1\" content=\"Mois\u00e9s Sarraf\" \/>\n\t<meta name=\"twitter:label2\" content=\"Est. tempo de leitura\" \/>\n\t<meta name=\"twitter:data2\" content=\"5 minutos\" \/>\n\t<meta name=\"twitter:label3\" content=\"Written by\" \/>\n\t<meta name=\"twitter:data3\" content=\"Mois\u00e9s Sarraf, J\u00e9ssica Oliveira, Guilherme Guerreiro Neto\" \/>\n<script type=\"application\/ld+json\" class=\"yoast-schema-graph\">{\"@context\":\"https:\\\/\\\/schema.org\",\"@graph\":[{\"@type\":\"Article\",\"@id\":\"https:\\\/\\\/eleicoes.apublica.org\\\/2018\\\/2018\\\/10\\\/falso-helder-nao-houve-impedimento-ambiental-para-icar-navio-naufragado-em-barcarena\\\/#article\",\"isPartOf\":{\"@id\":\"https:\\\/\\\/eleicoes.apublica.org\\\/2018\\\/2018\\\/10\\\/falso-helder-nao-houve-impedimento-ambiental-para-icar-navio-naufragado-em-barcarena\\\/\"},\"author\":{\"name\":\"Mois\u00e9s Sarraf\",\"@id\":\"https:\\\/\\\/eleicoes.apublica.org\\\/2018\\\/#\\\/schema\\\/person\\\/79f94bd4c0fa8a8e7df82ca2bd7ac3c5\"},\"headline\":\"Falso, Helder: n\u00e3o houve impedimento ambiental para i\u00e7ar navio naufragado em Barcarena\",\"datePublished\":\"2018-10-26T19:37:07+00:00\",\"mainEntityOfPage\":{\"@id\":\"https:\\\/\\\/eleicoes.apublica.org\\\/2018\\\/2018\\\/10\\\/falso-helder-nao-houve-impedimento-ambiental-para-icar-navio-naufragado-em-barcarena\\\/\"},\"wordCount\":1077,\"image\":{\"@id\":\"https:\\\/\\\/eleicoes.apublica.org\\\/2018\\\/2018\\\/10\\\/falso-helder-nao-houve-impedimento-ambiental-para-icar-navio-naufragado-em-barcarena\\\/#primaryimage\"},\"thumbnailUrl\":\"https:\\\/\\\/i0.wp.com\\\/eleicoes.apublica.org\\\/2018\\\/wp-content\\\/uploads\\\/2018\\\/10\\\/Naufr%C3%A1gio-Barcarena_Ascom-MPPA.jpg?fit=500%2C333&ssl=1\",\"keywords\":[\"Meio Ambiente\"],\"inLanguage\":\"pt-BR\"},{\"@type\":\"WebPage\",\"@id\":\"https:\\\/\\\/eleicoes.apublica.org\\\/2018\\\/2018\\\/10\\\/falso-helder-nao-houve-impedimento-ambiental-para-icar-navio-naufragado-em-barcarena\\\/\",\"url\":\"https:\\\/\\\/eleicoes.apublica.org\\\/2018\\\/2018\\\/10\\\/falso-helder-nao-houve-impedimento-ambiental-para-icar-navio-naufragado-em-barcarena\\\/\",\"name\":\"Falso, Helder: n\u00e3o houve impedimento ambiental para i\u00e7ar navio naufragado em Barcarena - Truco2018\",\"isPartOf\":{\"@id\":\"https:\\\/\\\/eleicoes.apublica.org\\\/2018\\\/#website\"},\"primaryImageOfPage\":{\"@id\":\"https:\\\/\\\/eleicoes.apublica.org\\\/2018\\\/2018\\\/10\\\/falso-helder-nao-houve-impedimento-ambiental-para-icar-navio-naufragado-em-barcarena\\\/#primaryimage\"},\"image\":{\"@id\":\"https:\\\/\\\/eleicoes.apublica.org\\\/2018\\\/2018\\\/10\\\/falso-helder-nao-houve-impedimento-ambiental-para-icar-navio-naufragado-em-barcarena\\\/#primaryimage\"},\"thumbnailUrl\":\"https:\\\/\\\/i0.wp.com\\\/eleicoes.apublica.org\\\/2018\\\/wp-content\\\/uploads\\\/2018\\\/10\\\/Naufr%C3%A1gio-Barcarena_Ascom-MPPA.jpg?fit=500%2C333&ssl=1\",\"datePublished\":\"2018-10-26T19:37:07+00:00\",\"author\":{\"@id\":\"https:\\\/\\\/eleicoes.apublica.org\\\/2018\\\/#\\\/schema\\\/person\\\/79f94bd4c0fa8a8e7df82ca2bd7ac3c5\"},\"breadcrumb\":{\"@id\":\"https:\\\/\\\/eleicoes.apublica.org\\\/2018\\\/2018\\\/10\\\/falso-helder-nao-houve-impedimento-ambiental-para-icar-navio-naufragado-em-barcarena\\\/#breadcrumb\"},\"inLanguage\":\"pt-BR\",\"potentialAction\":[{\"@type\":\"ReadAction\",\"target\":[\"https:\\\/\\\/eleicoes.apublica.org\\\/2018\\\/2018\\\/10\\\/falso-helder-nao-houve-impedimento-ambiental-para-icar-navio-naufragado-em-barcarena\\\/\"]}]},{\"@type\":\"ImageObject\",\"inLanguage\":\"pt-BR\",\"@id\":\"https:\\\/\\\/eleicoes.apublica.org\\\/2018\\\/2018\\\/10\\\/falso-helder-nao-houve-impedimento-ambiental-para-icar-navio-naufragado-em-barcarena\\\/#primaryimage\",\"url\":\"https:\\\/\\\/i0.wp.com\\\/eleicoes.apublica.org\\\/2018\\\/wp-content\\\/uploads\\\/2018\\\/10\\\/Naufr%C3%A1gio-Barcarena_Ascom-MPPA.jpg?fit=500%2C333&ssl=1\",\"contentUrl\":\"https:\\\/\\\/i0.wp.com\\\/eleicoes.apublica.org\\\/2018\\\/wp-content\\\/uploads\\\/2018\\\/10\\\/Naufr%C3%A1gio-Barcarena_Ascom-MPPA.jpg?fit=500%2C333&ssl=1\",\"width\":500,\"height\":333,\"caption\":\"Por volta das 8h, no Complexo do Porto de Vila do Conde, \u00e1rea de responsabilidade da Companhia das Docas do Par\u00e1 (CDP), ocorreu um acidente com o navio Haidar, que transportava cerca de cinco mil bois para o L\u00edbano, no Oriente M\u00e9dio. Informa\u00e7\u00f5es preliminares dizem que a embarca\u00e7\u00e3o adernou ap\u00f3s uma manobra equivocada e em seguida naufragou. FOTO: WALRIMAR SANTOS \\\/ ASCOM POL\u00cdCIA CIVIL DATA: 06.10.2015 BARCARENA - PAR\u00c1\"},{\"@type\":\"BreadcrumbList\",\"@id\":\"https:\\\/\\\/eleicoes.apublica.org\\\/2018\\\/2018\\\/10\\\/falso-helder-nao-houve-impedimento-ambiental-para-icar-navio-naufragado-em-barcarena\\\/#breadcrumb\",\"itemListElement\":[{\"@type\":\"ListItem\",\"position\":1,\"name\":\"In\u00edcio\",\"item\":\"https:\\\/\\\/eleicoes.apublica.org\\\/2018\\\/\"},{\"@type\":\"ListItem\",\"position\":2,\"name\":\"Falso, Helder: n\u00e3o houve impedimento ambiental para i\u00e7ar navio naufragado em Barcarena\"}]},{\"@type\":\"WebSite\",\"@id\":\"https:\\\/\\\/eleicoes.apublica.org\\\/2018\\\/#website\",\"url\":\"https:\\\/\\\/eleicoes.apublica.org\\\/2018\\\/\",\"name\":\"Truco2018\",\"description\":\"Truco nos estados - Checamos as declara\u00e7\u00f5es de candidatos e boatos que circulam sobre as elei\u00e7\u00f5es para o governo de Minas, Cear\u00e1, S\u00e3o Paulo, Rio Grande do Sul, Par\u00e1, Paran\u00e1, Pernambuco.\",\"potentialAction\":[{\"@type\":\"SearchAction\",\"target\":{\"@type\":\"EntryPoint\",\"urlTemplate\":\"https:\\\/\\\/eleicoes.apublica.org\\\/2018\\\/?s={search_term_string}\"},\"query-input\":{\"@type\":\"PropertyValueSpecification\",\"valueRequired\":true,\"valueName\":\"search_term_string\"}}],\"inLanguage\":\"pt-BR\"},{\"@type\":\"Person\",\"@id\":\"https:\\\/\\\/eleicoes.apublica.org\\\/2018\\\/#\\\/schema\\\/person\\\/79f94bd4c0fa8a8e7df82ca2bd7ac3c5\",\"name\":\"Mois\u00e9s Sarraf\",\"image\":{\"@type\":\"ImageObject\",\"inLanguage\":\"pt-BR\",\"@id\":\"https:\\\/\\\/secure.gravatar.com\\\/avatar\\\/29b6bb31d9e24483a72bba6d976ec9eff02b588db3a292633e761c687ca27055?s=96&d=mm&r=g63738ba9671ae5a49d644d3cff43fb81\",\"url\":\"https:\\\/\\\/secure.gravatar.com\\\/avatar\\\/29b6bb31d9e24483a72bba6d976ec9eff02b588db3a292633e761c687ca27055?s=96&d=mm&r=g\",\"contentUrl\":\"https:\\\/\\\/secure.gravatar.com\\\/avatar\\\/29b6bb31d9e24483a72bba6d976ec9eff02b588db3a292633e761c687ca27055?s=96&d=mm&r=g\",\"caption\":\"Mois\u00e9s Sarraf\"},\"url\":\"https:\\\/\\\/eleicoes.apublica.org\\\/2018\\\/author\\\/moises-sarraf\\\/\"}]}<\/script>\n<!-- \/ Yoast SEO plugin. -->","yoast_head_json":{"title":"Falso, Helder: n\u00e3o houve impedimento ambiental para i\u00e7ar navio naufragado em Barcarena - Truco2018","robots":{"index":"index","follow":"follow","max-snippet":"max-snippet:-1","max-image-preview":"max-image-preview:large","max-video-preview":"max-video-preview:-1"},"canonical":"https:\/\/eleicoes.apublica.org\/2018\/2018\/10\/falso-helder-nao-houve-impedimento-ambiental-para-icar-navio-naufragado-em-barcarena\/","og_locale":"pt_BR","og_type":"article","og_title":"Falso, Helder: n\u00e3o houve impedimento ambiental para i\u00e7ar navio naufragado em Barcarena - Truco2018","og_description":"Navio Haidar que naugrafou com quase 5 mil bois aguarda andamento da licita\u00e7\u00e3o para ser retirado do fundo do rio Par\u00e1, no porto de Vila do Conde","og_url":"https:\/\/eleicoes.apublica.org\/2018\/2018\/10\/falso-helder-nao-houve-impedimento-ambiental-para-icar-navio-naufragado-em-barcarena\/","og_site_name":"Truco2018","article_published_time":"2018-10-26T19:37:07+00:00","og_image":[{"width":500,"height":333,"url":"https:\/\/i0.wp.com\/eleicoes.apublica.org\/2018\/wp-content\/uploads\/2018\/10\/Naufr\u00e1gio-Barcarena_Ascom-MPPA.jpg?fit=500%2C333&ssl=1","type":"image\/jpeg"}],"author":"Mois\u00e9s Sarraf, J\u00e9ssica Oliveira, Guilherme Guerreiro Neto","twitter_card":"summary_large_image","twitter_misc":{"Escrito por":"Mois\u00e9s Sarraf","Est. tempo de leitura":"5 minutos","Written by":"Mois\u00e9s Sarraf, J\u00e9ssica Oliveira, Guilherme Guerreiro Neto"},"schema":{"@context":"https:\/\/schema.org","@graph":[{"@type":"Article","@id":"https:\/\/eleicoes.apublica.org\/2018\/2018\/10\/falso-helder-nao-houve-impedimento-ambiental-para-icar-navio-naufragado-em-barcarena\/#article","isPartOf":{"@id":"https:\/\/eleicoes.apublica.org\/2018\/2018\/10\/falso-helder-nao-houve-impedimento-ambiental-para-icar-navio-naufragado-em-barcarena\/"},"author":{"name":"Mois\u00e9s Sarraf","@id":"https:\/\/eleicoes.apublica.org\/2018\/#\/schema\/person\/79f94bd4c0fa8a8e7df82ca2bd7ac3c5"},"headline":"Falso, Helder: n\u00e3o houve impedimento ambiental para i\u00e7ar navio naufragado em Barcarena","datePublished":"2018-10-26T19:37:07+00:00","mainEntityOfPage":{"@id":"https:\/\/eleicoes.apublica.org\/2018\/2018\/10\/falso-helder-nao-houve-impedimento-ambiental-para-icar-navio-naufragado-em-barcarena\/"},"wordCount":1077,"image":{"@id":"https:\/\/eleicoes.apublica.org\/2018\/2018\/10\/falso-helder-nao-houve-impedimento-ambiental-para-icar-navio-naufragado-em-barcarena\/#primaryimage"},"thumbnailUrl":"https:\/\/i0.wp.com\/eleicoes.apublica.org\/2018\/wp-content\/uploads\/2018\/10\/Naufr%C3%A1gio-Barcarena_Ascom-MPPA.jpg?fit=500%2C333&ssl=1","keywords":["Meio Ambiente"],"inLanguage":"pt-BR"},{"@type":"WebPage","@id":"https:\/\/eleicoes.apublica.org\/2018\/2018\/10\/falso-helder-nao-houve-impedimento-ambiental-para-icar-navio-naufragado-em-barcarena\/","url":"https:\/\/eleicoes.apublica.org\/2018\/2018\/10\/falso-helder-nao-houve-impedimento-ambiental-para-icar-navio-naufragado-em-barcarena\/","name":"Falso, Helder: n\u00e3o houve impedimento ambiental para i\u00e7ar navio naufragado em Barcarena - Truco2018","isPartOf":{"@id":"https:\/\/eleicoes.apublica.org\/2018\/#website"},"primaryImageOfPage":{"@id":"https:\/\/eleicoes.apublica.org\/2018\/2018\/10\/falso-helder-nao-houve-impedimento-ambiental-para-icar-navio-naufragado-em-barcarena\/#primaryimage"},"image":{"@id":"https:\/\/eleicoes.apublica.org\/2018\/2018\/10\/falso-helder-nao-houve-impedimento-ambiental-para-icar-navio-naufragado-em-barcarena\/#primaryimage"},"thumbnailUrl":"https:\/\/i0.wp.com\/eleicoes.apublica.org\/2018\/wp-content\/uploads\/2018\/10\/Naufr%C3%A1gio-Barcarena_Ascom-MPPA.jpg?fit=500%2C333&ssl=1","datePublished":"2018-10-26T19:37:07+00:00","author":{"@id":"https:\/\/eleicoes.apublica.org\/2018\/#\/schema\/person\/79f94bd4c0fa8a8e7df82ca2bd7ac3c5"},"breadcrumb":{"@id":"https:\/\/eleicoes.apublica.org\/2018\/2018\/10\/falso-helder-nao-houve-impedimento-ambiental-para-icar-navio-naufragado-em-barcarena\/#breadcrumb"},"inLanguage":"pt-BR","potentialAction":[{"@type":"ReadAction","target":["https:\/\/eleicoes.apublica.org\/2018\/2018\/10\/falso-helder-nao-houve-impedimento-ambiental-para-icar-navio-naufragado-em-barcarena\/"]}]},{"@type":"ImageObject","inLanguage":"pt-BR","@id":"https:\/\/eleicoes.apublica.org\/2018\/2018\/10\/falso-helder-nao-houve-impedimento-ambiental-para-icar-navio-naufragado-em-barcarena\/#primaryimage","url":"https:\/\/i0.wp.com\/eleicoes.apublica.org\/2018\/wp-content\/uploads\/2018\/10\/Naufr%C3%A1gio-Barcarena_Ascom-MPPA.jpg?fit=500%2C333&ssl=1","contentUrl":"https:\/\/i0.wp.com\/eleicoes.apublica.org\/2018\/wp-content\/uploads\/2018\/10\/Naufr%C3%A1gio-Barcarena_Ascom-MPPA.jpg?fit=500%2C333&ssl=1","width":500,"height":333,"caption":"Por volta das 8h, no Complexo do Porto de Vila do Conde, \u00e1rea de responsabilidade da Companhia das Docas do Par\u00e1 (CDP), ocorreu um acidente com o navio Haidar, que transportava cerca de cinco mil bois para o L\u00edbano, no Oriente M\u00e9dio. Informa\u00e7\u00f5es preliminares dizem que a embarca\u00e7\u00e3o adernou ap\u00f3s uma manobra equivocada e em seguida naufragou. FOTO: WALRIMAR SANTOS \/ ASCOM POL\u00cdCIA CIVIL DATA: 06.10.2015 BARCARENA - PAR\u00c1"},{"@type":"BreadcrumbList","@id":"https:\/\/eleicoes.apublica.org\/2018\/2018\/10\/falso-helder-nao-houve-impedimento-ambiental-para-icar-navio-naufragado-em-barcarena\/#breadcrumb","itemListElement":[{"@type":"ListItem","position":1,"name":"In\u00edcio","item":"https:\/\/eleicoes.apublica.org\/2018\/"},{"@type":"ListItem","position":2,"name":"Falso, Helder: n\u00e3o houve impedimento ambiental para i\u00e7ar navio naufragado em Barcarena"}]},{"@type":"WebSite","@id":"https:\/\/eleicoes.apublica.org\/2018\/#website","url":"https:\/\/eleicoes.apublica.org\/2018\/","name":"Truco2018","description":"Truco nos estados - Checamos as declara\u00e7\u00f5es de candidatos e boatos que circulam sobre as elei\u00e7\u00f5es para o governo de Minas, Cear\u00e1, S\u00e3o Paulo, Rio Grande do Sul, Par\u00e1, Paran\u00e1, Pernambuco.","potentialAction":[{"@type":"SearchAction","target":{"@type":"EntryPoint","urlTemplate":"https:\/\/eleicoes.apublica.org\/2018\/?s={search_term_string}"},"query-input":{"@type":"PropertyValueSpecification","valueRequired":true,"valueName":"search_term_string"}}],"inLanguage":"pt-BR"},{"@type":"Person","@id":"https:\/\/eleicoes.apublica.org\/2018\/#\/schema\/person\/79f94bd4c0fa8a8e7df82ca2bd7ac3c5","name":"Mois\u00e9s Sarraf","image":{"@type":"ImageObject","inLanguage":"pt-BR","@id":"https:\/\/secure.gravatar.com\/avatar\/29b6bb31d9e24483a72bba6d976ec9eff02b588db3a292633e761c687ca27055?s=96&d=mm&r=g63738ba9671ae5a49d644d3cff43fb81","url":"https:\/\/secure.gravatar.com\/avatar\/29b6bb31d9e24483a72bba6d976ec9eff02b588db3a292633e761c687ca27055?s=96&d=mm&r=g","contentUrl":"https:\/\/secure.gravatar.com\/avatar\/29b6bb31d9e24483a72bba6d976ec9eff02b588db3a292633e761c687ca27055?s=96&d=mm&r=g","caption":"Mois\u00e9s Sarraf"},"url":"https:\/\/eleicoes.apublica.org\/2018\/author\/moises-sarraf\/"}]}},"jetpack_featured_media_url":"https:\/\/i0.wp.com\/eleicoes.apublica.org\/2018\/wp-content\/uploads\/2018\/10\/Naufr%C3%A1gio-Barcarena_Ascom-MPPA.jpg?fit=500%2C333&ssl=1","jetpack_shortlink":"https:\/\/wp.me\/pbyYl8-XQ","jetpack_sharing_enabled":true,"_links":{"self":[{"href":"https:\/\/eleicoes.apublica.org\/2018\/wp-json\/wp\/v2\/posts\/3710","targetHints":{"allow":["GET"]}}],"collection":[{"href":"https:\/\/eleicoes.apublica.org\/2018\/wp-json\/wp\/v2\/posts"}],"about":[{"href":"https:\/\/eleicoes.apublica.org\/2018\/wp-json\/wp\/v2\/types\/post"}],"author":[{"embeddable":true,"href":"https:\/\/eleicoes.apublica.org\/2018\/wp-json\/wp\/v2\/users\/27"}],"replies":[{"embeddable":true,"href":"https:\/\/eleicoes.apublica.org\/2018\/wp-json\/wp\/v2\/comments?post=3710"}],"version-history":[{"count":4,"href":"https:\/\/eleicoes.apublica.org\/2018\/wp-json\/wp\/v2\/posts\/3710\/revisions"}],"predecessor-version":[{"id":3718,"href":"https:\/\/eleicoes.apublica.org\/2018\/wp-json\/wp\/v2\/posts\/3710\/revisions\/3718"}],"wp:featuredmedia":[{"embeddable":true,"href":"https:\/\/eleicoes.apublica.org\/2018\/wp-json\/wp\/v2\/media\/3712"}],"wp:attachment":[{"href":"https:\/\/eleicoes.apublica.org\/2018\/wp-json\/wp\/v2\/media?parent=3710"}],"wp:term":[{"taxonomy":"category","embeddable":true,"href":"https:\/\/eleicoes.apublica.org\/2018\/wp-json\/wp\/v2\/categories?post=3710"},{"taxonomy":"post_tag","embeddable":true,"href":"https:\/\/eleicoes.apublica.org\/2018\/wp-json\/wp\/v2\/tags?post=3710"},{"taxonomy":"author","embeddable":true,"href":"https:\/\/eleicoes.apublica.org\/2018\/wp-json\/wp\/v2\/coauthors?post=3710"}],"curies":[{"name":"wp","href":"https:\/\/api.w.org\/{rel}","templated":true}]}}