{"id":3720,"date":"2018-10-26T18:00:43","date_gmt":"2018-10-26T21:00:43","guid":{"rendered":"https:\/\/truco2018.apublica.org\/?p=3720"},"modified":"2018-10-26T16:47:02","modified_gmt":"2018-10-26T19:47:02","slug":"falso-anastasia-houve-fuga-da-cadeia-privada-sim-e-foi-durante-seu-governo","status":"publish","type":"post","link":"https:\/\/eleicoes.apublica.org\/2018\/2018\/10\/falso-anastasia-houve-fuga-da-cadeia-privada-sim-e-foi-durante-seu-governo\/","title":{"rendered":"Falso, Anastasia: houve fuga da cadeia privada, sim, e foi durante seu governo"},"content":{"rendered":"<p><strong>\u201cE temos, que fizemos o meu governo, as PPPs penitenci\u00e1rias, ou seja penitenci\u00e1rias constru\u00eddas em parceria com o setor privado [&#8230;] onde nunca houve fuga\u201d<\/strong>, Antonio Anastasia, do PSDB, <a href=\"https:\/\/www.youtube.com\/watch?v=fnMP0EPyvDU\">durante debate na TV Alterosa no dia 23 de outubro<\/a>.<\/p>\n<p>Durante o debate da TV Alterosa \u2014 no qual o advers\u00e1rio Romeu Zema, do Novo, faltou \u2014 Antonio Anastasia apresentou uma afirma\u00e7\u00e3o falsa: houve, sim, fuga da penitenci\u00e1ria privada constru\u00edda durante o seu governo.<\/p>\n<p>Por isso, o <strong>Truco<\/strong> \u2014 projeto de checagem da <strong>Ag\u00eancia P\u00fablica<\/strong> \u2014 considera a afirma\u00e7\u00e3o do candidato falsa.<\/p>\n<h3>Cadeira privada teve uma fuga \u201ccinematogr\u00e1fica\u201d e evas\u00e3o de dois detentos do semiaberto<\/h3>\n<p>A penitenci\u00e1ria privada a qual Anastasia se refere \u00e9 o Complexo Penitenci\u00e1rio P\u00fablico-Privado (CPPP) em Ribeir\u00e3o das Neves, Regi\u00e3o Metropolitana de Belo Horizonte. O CPPP foi a primeira penitenci\u00e1ria em modelo de Parceria P\u00fablico-Privada (PPP) no Brasil, e funciona desde janeiro de 2013.<\/p>\n<p>Logo no primeiro ano de funcionamento, ainda durante o governo do pr\u00f3prio Anastasia, houve a primeira e \u00fanica fuga do regime fechado. Como a penitenci\u00e1ria confirmou ao Truco, a fuga ocorreu em novembro de 2013 quando um preso utilizou um ve\u00edculo que transportava pe\u00e7as de roupas dos detentos para escapar. \u00c0 \u00e9poca, <a href=\"https:\/\/www.hojeemdia.com.br\/horizontes\/detento-protagoniza-fuga-cinematogr%C3%A1fica-na-primeira-ppp-de-minas-1.224818\">a fuga foi chamada de cinematogr\u00e1fica por reportagens<\/a>, pois o detento se escondeu em uma pilha de roupas para driblar a seguran\u00e7a.<\/p>\n<p>Al\u00e9m desse epis\u00f3dio, <a href=\"http:\/\/g1.globo.com\/minas-gerais\/noticia\/2015\/02\/presos-fogem-de-presidio-em-ribeirao-das-neves-na-grande-bh.html\">mais dois presos fugiram da penitenci\u00e1ria durante trabalhos no regime semiaberto<\/a>, em fevereiro de 2015, enquanto limpavam a unidade. A assessoria da CPPP, contudo, alega que n\u00e3o se trata de uma fuga, pois eles estavam fora da \u00e1rea da seguran\u00e7a e n\u00e3o houve transposi\u00e7\u00e3o de barreiras. Segundo a assessoria, tratou-se de uma quebra de confian\u00e7a da Justi\u00e7a, visto que os detento tiveram autoriza\u00e7\u00e3o judicial para a transi\u00e7\u00e3o do regime.<\/p>\n<p>Procurada, a assessoria de Anastasia n\u00e3o comentou a checagem.<\/p>\n<p>Atualmente, h\u00e1 2164 presos no CPPP. A estrutura possui cinco unidades: duas em regime semiaberto e tr\u00eas em fechado.<\/p>\n","protected":false},"excerpt":{"rendered":"<p>Poucas, mas ocorreram: al\u00e9m de um preso que escapou disfar\u00e7ado na trouxa de roupas, dois detentos no regime semiaberto sa\u00edram da pris\u00e3o<\/p>\n","protected":false},"author":17,"featured_media":3726,"comment_status":"closed","ping_status":"open","sticky":false,"template":"","format":"standard","meta":{"_acf_changed":false,"_jetpack_memberships_contains_paid_content":false,"footnotes":""},"categories":[1],"tags":[40,72],"coauthors":[98],"class_list":["post-3720","post","type-post","status-publish","format-standard","has-post-thumbnail","hentry","category-sem-categoria","tag-seguranca-publica","tag-sistema-prisional"],"acf":{"truco":{"value":"falso","label":"Falso"},"resumido":"E temos, que fizemos o meu governo, as PPPs penitenci\u00e1rias, ou seja penitenci\u00e1rias constru\u00eddas em parceria com o setor privado [...] onde nunca houve fuga","descricao":"Antonio Anastasia, do PSDB, afirma que seu governo fez as PPPs penitenci\u00e1rias, ou seja penitenci\u00e1rias constru\u00eddas em parceria com o setor privado onde nunca houve fuga","autor":"Antonio Anastasia (PSDB), candidato a governador","candidato":{"ID":65,"post_author":"1","post_date":"2018-07-26 13:35:06","post_date_gmt":"2018-07-26 16:35:06","post_content":"Antonio Anastasia, 57 anos, \u00e9 senador e professor da Escola de Direito da Universidade Federal de Minas Gerais (UFMG). Em 2006, foi eleito vice-governador de Minas Gerais na chapa que elegeu A\u00e9cio Neves (PSDB). Em mar\u00e7o de 2010, ap\u00f3s a ren\u00fancia de A\u00e9cio, assumiu como governador at\u00e9 o final do mandato. Foi reeleito e permaneceu no cargo at\u00e9 2014, quando renunciou para concorrer ao Senado, eleito em 2014.\r\n\r\nAnastasia \u00e9 investigado junto a A\u00e9cio Neves no Supremo Tribunal Federal (STF) pela acusa\u00e7\u00e3o de repasses irregulares da Odebrecht a pedido de A\u00e9cio para a campanha de Anastasia ao governo de Minas Gerais, em 2010. A defesa de ambos os pol\u00edticos contestam as acusa\u00e7\u00f5es.\r\n\r\nO candidato a vice-governador da chapa de Anastasia, o deputado federal Marcos Montes (PSD), foi prefeito de Uberaba de 1997 a 2004 e\u00a0presidiu da Frente Parlamentar da Agropecu\u00e1ria (FPA).","post_title":"Antonio Anastasia","post_excerpt":"","post_status":"publish","comment_status":"closed","ping_status":"closed","post_password":"","post_name":"antonio-anastasia","to_ping":"","pinged":"","post_modified":"2018-08-13 12:10:52","post_modified_gmt":"2018-08-13 15:10:52","post_content_filtered":"","post_parent":0,"guid":"https:\/\/apublica.org\/truco2018\/?post_type=candidato&#038;p=65","menu_order":0,"post_type":"candidato","post_mime_type":"","comment_count":"0","filter":"raw"},"estado":{"term_id":9,"name":"Minas Gerais","slug":"minas-gerais","term_group":0,"term_taxonomy_id":9,"taxonomy":"estado","description":"","parent":0,"count":14,"filter":"raw"}},"yoast_head":"<!-- This site is optimized with the Yoast SEO plugin v27.5 - https:\/\/yoast.com\/product\/yoast-seo-wordpress\/ -->\n<title>Falso, Anastasia: houve fuga da cadeia privada, sim, e foi durante seu governo - Truco2018<\/title>\n<meta name=\"robots\" content=\"index, follow, max-snippet:-1, max-image-preview:large, max-video-preview:-1\" \/>\n<link rel=\"canonical\" href=\"https:\/\/eleicoes.apublica.org\/2018\/2018\/10\/falso-anastasia-houve-fuga-da-cadeia-privada-sim-e-foi-durante-seu-governo\/\" \/>\n<meta property=\"og:locale\" content=\"pt_BR\" \/>\n<meta property=\"og:type\" content=\"article\" \/>\n<meta property=\"og:title\" content=\"Falso, Anastasia: houve fuga da cadeia privada, sim, e foi durante seu governo - Truco2018\" \/>\n<meta property=\"og:description\" content=\"Poucas, mas ocorreram: al\u00e9m de um preso que escapou disfar\u00e7ado na trouxa de roupas, dois detentos no regime semiaberto sa\u00edram da pris\u00e3o\" \/>\n<meta property=\"og:url\" content=\"https:\/\/eleicoes.apublica.org\/2018\/2018\/10\/falso-anastasia-houve-fuga-da-cadeia-privada-sim-e-foi-durante-seu-governo\/\" \/>\n<meta property=\"og:site_name\" content=\"Truco2018\" \/>\n<meta property=\"article:published_time\" content=\"2018-10-26T21:00:43+00:00\" \/>\n<meta property=\"og:image\" content=\"https:\/\/i0.wp.com\/eleicoes.apublica.org\/2018\/wp-content\/uploads\/2018\/10\/ppp-penitenciaria.jpg?fit=800%2C532&ssl=1\" \/>\n\t<meta property=\"og:image:width\" content=\"800\" \/>\n\t<meta property=\"og:image:height\" content=\"532\" \/>\n\t<meta property=\"og:image:type\" content=\"image\/jpeg\" \/>\n<meta name=\"author\" content=\"Bruno Fonseca\" \/>\n<meta name=\"twitter:card\" content=\"summary_large_image\" \/>\n<meta name=\"twitter:label1\" content=\"Escrito por\" \/>\n\t<meta name=\"twitter:data1\" content=\"Bruno Fonseca\" \/>\n\t<meta name=\"twitter:label2\" content=\"Est. tempo de leitura\" \/>\n\t<meta name=\"twitter:data2\" content=\"2 minutos\" \/>\n\t<meta name=\"twitter:label3\" content=\"Written by\" \/>\n\t<meta name=\"twitter:data3\" content=\"Bruno Fonseca\" \/>\n<script type=\"application\/ld+json\" class=\"yoast-schema-graph\">{\"@context\":\"https:\\\/\\\/schema.org\",\"@graph\":[{\"@type\":\"Article\",\"@id\":\"https:\\\/\\\/eleicoes.apublica.org\\\/2018\\\/2018\\\/10\\\/falso-anastasia-houve-fuga-da-cadeia-privada-sim-e-foi-durante-seu-governo\\\/#article\",\"isPartOf\":{\"@id\":\"https:\\\/\\\/eleicoes.apublica.org\\\/2018\\\/2018\\\/10\\\/falso-anastasia-houve-fuga-da-cadeia-privada-sim-e-foi-durante-seu-governo\\\/\"},\"author\":{\"name\":\"Bruno Fonseca\",\"@id\":\"https:\\\/\\\/eleicoes.apublica.org\\\/2018\\\/#\\\/schema\\\/person\\\/6a46facdb1f26c4af724d4ac29c7c281\"},\"headline\":\"Falso, Anastasia: houve fuga da cadeia privada, sim, e foi durante seu governo\",\"datePublished\":\"2018-10-26T21:00:43+00:00\",\"mainEntityOfPage\":{\"@id\":\"https:\\\/\\\/eleicoes.apublica.org\\\/2018\\\/2018\\\/10\\\/falso-anastasia-houve-fuga-da-cadeia-privada-sim-e-foi-durante-seu-governo\\\/\"},\"wordCount\":360,\"image\":{\"@id\":\"https:\\\/\\\/eleicoes.apublica.org\\\/2018\\\/2018\\\/10\\\/falso-anastasia-houve-fuga-da-cadeia-privada-sim-e-foi-durante-seu-governo\\\/#primaryimage\"},\"thumbnailUrl\":\"https:\\\/\\\/i0.wp.com\\\/eleicoes.apublica.org\\\/2018\\\/wp-content\\\/uploads\\\/2018\\\/10\\\/ppp-penitenciaria.jpg?fit=800%2C532&ssl=1\",\"keywords\":[\"Seguran\u00e7a P\u00fablica\",\"Sistema prisional\"],\"inLanguage\":\"pt-BR\"},{\"@type\":\"WebPage\",\"@id\":\"https:\\\/\\\/eleicoes.apublica.org\\\/2018\\\/2018\\\/10\\\/falso-anastasia-houve-fuga-da-cadeia-privada-sim-e-foi-durante-seu-governo\\\/\",\"url\":\"https:\\\/\\\/eleicoes.apublica.org\\\/2018\\\/2018\\\/10\\\/falso-anastasia-houve-fuga-da-cadeia-privada-sim-e-foi-durante-seu-governo\\\/\",\"name\":\"Falso, Anastasia: houve fuga da cadeia privada, sim, e foi durante seu governo - Truco2018\",\"isPartOf\":{\"@id\":\"https:\\\/\\\/eleicoes.apublica.org\\\/2018\\\/#website\"},\"primaryImageOfPage\":{\"@id\":\"https:\\\/\\\/eleicoes.apublica.org\\\/2018\\\/2018\\\/10\\\/falso-anastasia-houve-fuga-da-cadeia-privada-sim-e-foi-durante-seu-governo\\\/#primaryimage\"},\"image\":{\"@id\":\"https:\\\/\\\/eleicoes.apublica.org\\\/2018\\\/2018\\\/10\\\/falso-anastasia-houve-fuga-da-cadeia-privada-sim-e-foi-durante-seu-governo\\\/#primaryimage\"},\"thumbnailUrl\":\"https:\\\/\\\/i0.wp.com\\\/eleicoes.apublica.org\\\/2018\\\/wp-content\\\/uploads\\\/2018\\\/10\\\/ppp-penitenciaria.jpg?fit=800%2C532&ssl=1\",\"datePublished\":\"2018-10-26T21:00:43+00:00\",\"author\":{\"@id\":\"https:\\\/\\\/eleicoes.apublica.org\\\/2018\\\/#\\\/schema\\\/person\\\/6a46facdb1f26c4af724d4ac29c7c281\"},\"breadcrumb\":{\"@id\":\"https:\\\/\\\/eleicoes.apublica.org\\\/2018\\\/2018\\\/10\\\/falso-anastasia-houve-fuga-da-cadeia-privada-sim-e-foi-durante-seu-governo\\\/#breadcrumb\"},\"inLanguage\":\"pt-BR\",\"potentialAction\":[{\"@type\":\"ReadAction\",\"target\":[\"https:\\\/\\\/eleicoes.apublica.org\\\/2018\\\/2018\\\/10\\\/falso-anastasia-houve-fuga-da-cadeia-privada-sim-e-foi-durante-seu-governo\\\/\"]}]},{\"@type\":\"ImageObject\",\"inLanguage\":\"pt-BR\",\"@id\":\"https:\\\/\\\/eleicoes.apublica.org\\\/2018\\\/2018\\\/10\\\/falso-anastasia-houve-fuga-da-cadeia-privada-sim-e-foi-durante-seu-governo\\\/#primaryimage\",\"url\":\"https:\\\/\\\/i0.wp.com\\\/eleicoes.apublica.org\\\/2018\\\/wp-content\\\/uploads\\\/2018\\\/10\\\/ppp-penitenciaria.jpg?fit=800%2C532&ssl=1\",\"contentUrl\":\"https:\\\/\\\/i0.wp.com\\\/eleicoes.apublica.org\\\/2018\\\/wp-content\\\/uploads\\\/2018\\\/10\\\/ppp-penitenciaria.jpg?fit=800%2C532&ssl=1\",\"width\":800,\"height\":532},{\"@type\":\"BreadcrumbList\",\"@id\":\"https:\\\/\\\/eleicoes.apublica.org\\\/2018\\\/2018\\\/10\\\/falso-anastasia-houve-fuga-da-cadeia-privada-sim-e-foi-durante-seu-governo\\\/#breadcrumb\",\"itemListElement\":[{\"@type\":\"ListItem\",\"position\":1,\"name\":\"In\u00edcio\",\"item\":\"https:\\\/\\\/eleicoes.apublica.org\\\/2018\\\/\"},{\"@type\":\"ListItem\",\"position\":2,\"name\":\"Falso, Anastasia: houve fuga da cadeia privada, sim, e foi durante seu governo\"}]},{\"@type\":\"WebSite\",\"@id\":\"https:\\\/\\\/eleicoes.apublica.org\\\/2018\\\/#website\",\"url\":\"https:\\\/\\\/eleicoes.apublica.org\\\/2018\\\/\",\"name\":\"Truco2018\",\"description\":\"Truco nos estados - Checamos as declara\u00e7\u00f5es de candidatos e boatos que circulam sobre as elei\u00e7\u00f5es para o governo de Minas, Cear\u00e1, S\u00e3o Paulo, Rio Grande do Sul, Par\u00e1, Paran\u00e1, Pernambuco.\",\"potentialAction\":[{\"@type\":\"SearchAction\",\"target\":{\"@type\":\"EntryPoint\",\"urlTemplate\":\"https:\\\/\\\/eleicoes.apublica.org\\\/2018\\\/?s={search_term_string}\"},\"query-input\":{\"@type\":\"PropertyValueSpecification\",\"valueRequired\":true,\"valueName\":\"search_term_string\"}}],\"inLanguage\":\"pt-BR\"},{\"@type\":\"Person\",\"@id\":\"https:\\\/\\\/eleicoes.apublica.org\\\/2018\\\/#\\\/schema\\\/person\\\/6a46facdb1f26c4af724d4ac29c7c281\",\"name\":\"Bruno Fonseca\",\"image\":{\"@type\":\"ImageObject\",\"inLanguage\":\"pt-BR\",\"@id\":\"https:\\\/\\\/secure.gravatar.com\\\/avatar\\\/17fdddc9265a581079e1be5f132c0a75125193bb0b51a47a52bc59aaad747de7?s=96&d=mm&r=g20a3aa3113227c52258c5644a743c4a9\",\"url\":\"https:\\\/\\\/secure.gravatar.com\\\/avatar\\\/17fdddc9265a581079e1be5f132c0a75125193bb0b51a47a52bc59aaad747de7?s=96&d=mm&r=g\",\"contentUrl\":\"https:\\\/\\\/secure.gravatar.com\\\/avatar\\\/17fdddc9265a581079e1be5f132c0a75125193bb0b51a47a52bc59aaad747de7?s=96&d=mm&r=g\",\"caption\":\"Bruno Fonseca\"},\"url\":\"https:\\\/\\\/eleicoes.apublica.org\\\/2018\\\/author\\\/bruno-fonseca\\\/\"}]}<\/script>\n<!-- \/ Yoast SEO plugin. -->","yoast_head_json":{"title":"Falso, Anastasia: houve fuga da cadeia privada, sim, e foi durante seu governo - Truco2018","robots":{"index":"index","follow":"follow","max-snippet":"max-snippet:-1","max-image-preview":"max-image-preview:large","max-video-preview":"max-video-preview:-1"},"canonical":"https:\/\/eleicoes.apublica.org\/2018\/2018\/10\/falso-anastasia-houve-fuga-da-cadeia-privada-sim-e-foi-durante-seu-governo\/","og_locale":"pt_BR","og_type":"article","og_title":"Falso, Anastasia: houve fuga da cadeia privada, sim, e foi durante seu governo - Truco2018","og_description":"Poucas, mas ocorreram: al\u00e9m de um preso que escapou disfar\u00e7ado na trouxa de roupas, dois detentos no regime semiaberto sa\u00edram da pris\u00e3o","og_url":"https:\/\/eleicoes.apublica.org\/2018\/2018\/10\/falso-anastasia-houve-fuga-da-cadeia-privada-sim-e-foi-durante-seu-governo\/","og_site_name":"Truco2018","article_published_time":"2018-10-26T21:00:43+00:00","og_image":[{"width":800,"height":532,"url":"https:\/\/i0.wp.com\/eleicoes.apublica.org\/2018\/wp-content\/uploads\/2018\/10\/ppp-penitenciaria.jpg?fit=800%2C532&ssl=1","type":"image\/jpeg"}],"author":"Bruno Fonseca","twitter_card":"summary_large_image","twitter_misc":{"Escrito por":"Bruno Fonseca","Est. tempo de leitura":"2 minutos","Written by":"Bruno Fonseca"},"schema":{"@context":"https:\/\/schema.org","@graph":[{"@type":"Article","@id":"https:\/\/eleicoes.apublica.org\/2018\/2018\/10\/falso-anastasia-houve-fuga-da-cadeia-privada-sim-e-foi-durante-seu-governo\/#article","isPartOf":{"@id":"https:\/\/eleicoes.apublica.org\/2018\/2018\/10\/falso-anastasia-houve-fuga-da-cadeia-privada-sim-e-foi-durante-seu-governo\/"},"author":{"name":"Bruno Fonseca","@id":"https:\/\/eleicoes.apublica.org\/2018\/#\/schema\/person\/6a46facdb1f26c4af724d4ac29c7c281"},"headline":"Falso, Anastasia: houve fuga da cadeia privada, sim, e foi durante seu governo","datePublished":"2018-10-26T21:00:43+00:00","mainEntityOfPage":{"@id":"https:\/\/eleicoes.apublica.org\/2018\/2018\/10\/falso-anastasia-houve-fuga-da-cadeia-privada-sim-e-foi-durante-seu-governo\/"},"wordCount":360,"image":{"@id":"https:\/\/eleicoes.apublica.org\/2018\/2018\/10\/falso-anastasia-houve-fuga-da-cadeia-privada-sim-e-foi-durante-seu-governo\/#primaryimage"},"thumbnailUrl":"https:\/\/i0.wp.com\/eleicoes.apublica.org\/2018\/wp-content\/uploads\/2018\/10\/ppp-penitenciaria.jpg?fit=800%2C532&ssl=1","keywords":["Seguran\u00e7a P\u00fablica","Sistema prisional"],"inLanguage":"pt-BR"},{"@type":"WebPage","@id":"https:\/\/eleicoes.apublica.org\/2018\/2018\/10\/falso-anastasia-houve-fuga-da-cadeia-privada-sim-e-foi-durante-seu-governo\/","url":"https:\/\/eleicoes.apublica.org\/2018\/2018\/10\/falso-anastasia-houve-fuga-da-cadeia-privada-sim-e-foi-durante-seu-governo\/","name":"Falso, Anastasia: houve fuga da cadeia privada, sim, e foi durante seu governo - Truco2018","isPartOf":{"@id":"https:\/\/eleicoes.apublica.org\/2018\/#website"},"primaryImageOfPage":{"@id":"https:\/\/eleicoes.apublica.org\/2018\/2018\/10\/falso-anastasia-houve-fuga-da-cadeia-privada-sim-e-foi-durante-seu-governo\/#primaryimage"},"image":{"@id":"https:\/\/eleicoes.apublica.org\/2018\/2018\/10\/falso-anastasia-houve-fuga-da-cadeia-privada-sim-e-foi-durante-seu-governo\/#primaryimage"},"thumbnailUrl":"https:\/\/i0.wp.com\/eleicoes.apublica.org\/2018\/wp-content\/uploads\/2018\/10\/ppp-penitenciaria.jpg?fit=800%2C532&ssl=1","datePublished":"2018-10-26T21:00:43+00:00","author":{"@id":"https:\/\/eleicoes.apublica.org\/2018\/#\/schema\/person\/6a46facdb1f26c4af724d4ac29c7c281"},"breadcrumb":{"@id":"https:\/\/eleicoes.apublica.org\/2018\/2018\/10\/falso-anastasia-houve-fuga-da-cadeia-privada-sim-e-foi-durante-seu-governo\/#breadcrumb"},"inLanguage":"pt-BR","potentialAction":[{"@type":"ReadAction","target":["https:\/\/eleicoes.apublica.org\/2018\/2018\/10\/falso-anastasia-houve-fuga-da-cadeia-privada-sim-e-foi-durante-seu-governo\/"]}]},{"@type":"ImageObject","inLanguage":"pt-BR","@id":"https:\/\/eleicoes.apublica.org\/2018\/2018\/10\/falso-anastasia-houve-fuga-da-cadeia-privada-sim-e-foi-durante-seu-governo\/#primaryimage","url":"https:\/\/i0.wp.com\/eleicoes.apublica.org\/2018\/wp-content\/uploads\/2018\/10\/ppp-penitenciaria.jpg?fit=800%2C532&ssl=1","contentUrl":"https:\/\/i0.wp.com\/eleicoes.apublica.org\/2018\/wp-content\/uploads\/2018\/10\/ppp-penitenciaria.jpg?fit=800%2C532&ssl=1","width":800,"height":532},{"@type":"BreadcrumbList","@id":"https:\/\/eleicoes.apublica.org\/2018\/2018\/10\/falso-anastasia-houve-fuga-da-cadeia-privada-sim-e-foi-durante-seu-governo\/#breadcrumb","itemListElement":[{"@type":"ListItem","position":1,"name":"In\u00edcio","item":"https:\/\/eleicoes.apublica.org\/2018\/"},{"@type":"ListItem","position":2,"name":"Falso, Anastasia: houve fuga da cadeia privada, sim, e foi durante seu governo"}]},{"@type":"WebSite","@id":"https:\/\/eleicoes.apublica.org\/2018\/#website","url":"https:\/\/eleicoes.apublica.org\/2018\/","name":"Truco2018","description":"Truco nos estados - Checamos as declara\u00e7\u00f5es de candidatos e boatos que circulam sobre as elei\u00e7\u00f5es para o governo de Minas, Cear\u00e1, S\u00e3o Paulo, Rio Grande do Sul, Par\u00e1, Paran\u00e1, Pernambuco.","potentialAction":[{"@type":"SearchAction","target":{"@type":"EntryPoint","urlTemplate":"https:\/\/eleicoes.apublica.org\/2018\/?s={search_term_string}"},"query-input":{"@type":"PropertyValueSpecification","valueRequired":true,"valueName":"search_term_string"}}],"inLanguage":"pt-BR"},{"@type":"Person","@id":"https:\/\/eleicoes.apublica.org\/2018\/#\/schema\/person\/6a46facdb1f26c4af724d4ac29c7c281","name":"Bruno Fonseca","image":{"@type":"ImageObject","inLanguage":"pt-BR","@id":"https:\/\/secure.gravatar.com\/avatar\/17fdddc9265a581079e1be5f132c0a75125193bb0b51a47a52bc59aaad747de7?s=96&d=mm&r=g20a3aa3113227c52258c5644a743c4a9","url":"https:\/\/secure.gravatar.com\/avatar\/17fdddc9265a581079e1be5f132c0a75125193bb0b51a47a52bc59aaad747de7?s=96&d=mm&r=g","contentUrl":"https:\/\/secure.gravatar.com\/avatar\/17fdddc9265a581079e1be5f132c0a75125193bb0b51a47a52bc59aaad747de7?s=96&d=mm&r=g","caption":"Bruno Fonseca"},"url":"https:\/\/eleicoes.apublica.org\/2018\/author\/bruno-fonseca\/"}]}},"jetpack_featured_media_url":"https:\/\/i0.wp.com\/eleicoes.apublica.org\/2018\/wp-content\/uploads\/2018\/10\/ppp-penitenciaria.jpg?fit=800%2C532&ssl=1","jetpack_shortlink":"https:\/\/wp.me\/pbyYl8-Y0","jetpack_sharing_enabled":true,"_links":{"self":[{"href":"https:\/\/eleicoes.apublica.org\/2018\/wp-json\/wp\/v2\/posts\/3720","targetHints":{"allow":["GET"]}}],"collection":[{"href":"https:\/\/eleicoes.apublica.org\/2018\/wp-json\/wp\/v2\/posts"}],"about":[{"href":"https:\/\/eleicoes.apublica.org\/2018\/wp-json\/wp\/v2\/types\/post"}],"author":[{"embeddable":true,"href":"https:\/\/eleicoes.apublica.org\/2018\/wp-json\/wp\/v2\/users\/17"}],"replies":[{"embeddable":true,"href":"https:\/\/eleicoes.apublica.org\/2018\/wp-json\/wp\/v2\/comments?post=3720"}],"version-history":[{"count":4,"href":"https:\/\/eleicoes.apublica.org\/2018\/wp-json\/wp\/v2\/posts\/3720\/revisions"}],"predecessor-version":[{"id":3729,"href":"https:\/\/eleicoes.apublica.org\/2018\/wp-json\/wp\/v2\/posts\/3720\/revisions\/3729"}],"wp:featuredmedia":[{"embeddable":true,"href":"https:\/\/eleicoes.apublica.org\/2018\/wp-json\/wp\/v2\/media\/3726"}],"wp:attachment":[{"href":"https:\/\/eleicoes.apublica.org\/2018\/wp-json\/wp\/v2\/media?parent=3720"}],"wp:term":[{"taxonomy":"category","embeddable":true,"href":"https:\/\/eleicoes.apublica.org\/2018\/wp-json\/wp\/v2\/categories?post=3720"},{"taxonomy":"post_tag","embeddable":true,"href":"https:\/\/eleicoes.apublica.org\/2018\/wp-json\/wp\/v2\/tags?post=3720"},{"taxonomy":"author","embeddable":true,"href":"https:\/\/eleicoes.apublica.org\/2018\/wp-json\/wp\/v2\/coauthors?post=3720"}],"curies":[{"name":"wp","href":"https:\/\/api.w.org\/{rel}","templated":true}]}}