{"id":930,"date":"2018-08-14T19:00:50","date_gmt":"2018-08-14T22:00:50","guid":{"rendered":"https:\/\/truco2018.apublica.org\/?p=930"},"modified":"2018-08-15T11:13:12","modified_gmt":"2018-08-15T14:13:12","slug":"cleber-rabelo-diz-que-o-bolsa-familia-foi-um-orientacao-do-fmi-mas-a-declaracao-esta-exagerada","status":"publish","type":"post","link":"https:\/\/eleicoes.apublica.org\/2018\/2018\/08\/cleber-rabelo-diz-que-o-bolsa-familia-foi-um-orientacao-do-fmi-mas-a-declaracao-esta-exagerada\/","title":{"rendered":"Cleber Rabelo diz que o Bolsa Fam\u00edlia foi uma orienta\u00e7\u00e3o do FMI, mas a declara\u00e7\u00e3o est\u00e1 exagerada"},"content":{"rendered":"<p><em><b>&#8220;[&#8230;] Bolsa Escola, Bolsa Fam\u00edlia, na verdade n\u00e3o foi um programa do PT, n\u00e3o foi um programa espec\u00edfico, foi uma orienta\u00e7\u00e3o do Banco Mundial, do Fundo Monet\u00e1rio Internacional, n\u00e3o s\u00f3 para o Brasil.&#8221; \u2013 Cleber Rabelo (PSTU), durante a conven\u00e7\u00e3o estadual do partido.\u00a0<\/b><\/em><\/p>\n<p><span style=\"font-weight: 400;\">De um lado est\u00e1 o Bolsa Fam\u00edlia, programa social que s\u00f3 no Par\u00e1 tem cerca de 950 mil fam\u00edlias benefici\u00e1rias e, de outro, as orienta\u00e7\u00f5es econ\u00f4micas do FMI e do Banco Mundial durante a d\u00e9cada de 1990. H\u00e1 rela\u00e7\u00e3o entre os dois? Indireta, avalia o economista da Superintend\u00eancia de Desenvolvimento da Amaz\u00f4nia (Sudam) Rodrigo Portugal, doutorando em planejamento urbano e regional da Universidade Federal do Rio de Janeiro (UFRJ). Por isso, o Truco, projeto de <\/span><i><span style=\"font-weight: 400;\">fact-checking <\/span><\/i><span style=\"font-weight: 400;\">da Ag\u00eancia P\u00fablica que, no Par\u00e1, funciona em parceria com o portal <strong>Outros400<\/strong>, atribuiu o selo \u201cExagerado\u201d \u00e0 declara\u00e7\u00e3o.<\/span><\/p>\n<figure id=\"attachment_940\" aria-describedby=\"caption-attachment-940\" style=\"width: 960px\" class=\"wp-caption aligncenter\"><img data-recalc-dims=\"1\" loading=\"lazy\" decoding=\"async\" class=\"wp-image-940 size-full\" src=\"https:\/\/i0.wp.com\/truco2018.apublica.org\/wp-content\/uploads\/2018\/08\/Conven%C3%A7%C3%A3o-PSTU.jpg?resize=525%2C315&#038;ssl=1\" alt=\"\" width=\"525\" height=\"315\" srcset=\"https:\/\/i0.wp.com\/eleicoes.apublica.org\/2018\/wp-content\/uploads\/2018\/08\/Conven%C3%A7%C3%A3o-PSTU.jpg?w=960&amp;ssl=1 960w, https:\/\/i0.wp.com\/eleicoes.apublica.org\/2018\/wp-content\/uploads\/2018\/08\/Conven%C3%A7%C3%A3o-PSTU.jpg?resize=300%2C180&amp;ssl=1 300w, https:\/\/i0.wp.com\/eleicoes.apublica.org\/2018\/wp-content\/uploads\/2018\/08\/Conven%C3%A7%C3%A3o-PSTU.jpg?resize=768%2C461&amp;ssl=1 768w\" sizes=\"auto, (max-width: 706px) 89vw, (max-width: 767px) 82vw, 740px\" \/><figcaption id=\"caption-attachment-940\" class=\"wp-caption-text\">Conven\u00e7\u00e3o estadual do PSTU que lan\u00e7ou Rabelo como candidato a governador do Par\u00e1. Foto: divulga\u00e7\u00e3o.<\/figcaption><\/figure>\n<p><span style=\"font-weight: 400;\">Segundo o economista Rodrigo Portugal, o Consenso de Washington (1989), formulado por organiza\u00e7\u00f5es como o FMI e o Banco Mundial, foi o principal acordo econ\u00f4mico da d\u00e9cada de 1990. O objetivo era a \u201cmudan\u00e7a estrutural do Estado, que sairia de um car\u00e1ter de bem estar social para uma orienta\u00e7\u00e3o neoliberal\u201d, <\/span><span style=\"font-weight: 400;\">explicou Portugal.<\/span><span style=\"font-weight: 400;\"><br \/>\n<\/span><\/p>\n<p><span style=\"font-weight: 400;\">Paralelamente, no decorrer da d\u00e9cada de 1990, cresceu o debate sobre mecanismos de redu\u00e7\u00e3o da pobreza no Brasil, como descrevem as pesquisadoras Cristiane Kerches da Silva Leite e Ursula Dias Peres, autoras do artigo <\/span><a href=\"https:\/\/revista.enap.gov.br\/index.php\/RSP\/article\/view\/128\/128\"><span style=\"font-weight: 400;\">\u201cOrigem e dissemina\u00e7\u00e3o do Programa Bolsa Fam\u00edlia\u201d<\/span><\/a><span style=\"font-weight: 400;\">, publicado em 2013. Em 1991, por exemplo, o senador Eduardo Suplicy apresentou o projeto de Lei n\u00ba 80\/1991, que propunha a cria\u00e7\u00e3o do Programa de Garantia de Renda M\u00ednima. No mesmo ano, o soci\u00f3logo Herbert Jos\u00e9 de Sousa, o Betinho, liderou movimento \u201cA\u00e7\u00e3o da Cidadania contra a Fome, a Mis\u00e9ria e pela Vida\u201d, que buscava a redu\u00e7\u00e3o da pobreza no pa\u00eds.<\/span><\/p>\n<p><span style=\"font-weight: 400;\">Ainda segundo o artigo, em meados de 1990, programas de transfer\u00eancia de renda foram experimentados em munic\u00edpios como Santos (SP) e Campinas (SP) e, tamb\u00e9m, no \u00e2mbito do governo federal. Em 1999, comiss\u00e3o mista do Congresso Nacional prop\u00f4s emenda constitucional que deu origem ao Fundo de Combate e Erradica\u00e7\u00e3o da Pobreza. Por fim, em 2003, s\u00e3o criados os programas Fome Zero e Bolsa Fam\u00edlia.<\/span><\/p>\n<p><span style=\"font-weight: 400;\">\u201cO FMI Influenciou o Bolsa Fam\u00edlia? Sim. Mas indiretamente\u201d, conclui Portugal. No ano de 1999, quando o Brasil contraiu empr\u00e9stimo junto ao FMI, n\u00e3o houve condicionantes sociais ao repasse dos valores, ressalta Portugal, mas apenas condi\u00e7\u00f5es macroecon\u00f4micas. \u201cO Bolsa Fam\u00edlia n\u00e3o foi uma condicionante. Havia metas que poderiam contribuir para diminui\u00e7\u00e3o da pobreza, mas n\u00e3o explicitamente A, B ou C. Em 2004, o governo Lula contraiu empr\u00e9stimos com o Banco Mundial para o Bolsa Fam\u00edlia, mas o programa j\u00e1 estava em opera\u00e7\u00e3o.\u201d<\/span><\/p>\n<p><span style=\"font-weight: 400;\">PAR\u00c1<\/span><\/p>\n<p><span style=\"font-weight: 400;\">No Par\u00e1, o programa atende cerca de 950 mil fam\u00edlias, segundo dados do m\u00eas de julho deste ano, publicados pelo Minist\u00e9rio do Desenvolvimento Social. Naquele m\u00eas, o programa injetou aproximadamente R$ 193 milh\u00f5es na economia paraense. O Par\u00e1 \u00e9 o estado que re\u00fane maior n\u00famero de benefici\u00e1rios do programa na regi\u00e3o Norte e \u00e9 o s\u00e9timo considerando todo o Brasil, ficando atr\u00e1s dos estados da Bahia, S\u00e3o Paulo, Pernambuco, Cear\u00e1, Minas Gerais e Maranh\u00e3o.<\/span><\/p>\n<p><span style=\"font-weight: 400;\">ASSESSORIA<\/span><\/p>\n<p><span style=\"font-weight: 400;\">Procurada pelo Truco, a assessoria de imprensa de Cleber Rabelo informou que a declara\u00e7\u00e3o do candidato \u201cest\u00e1 sustentada em informa\u00e7\u00f5es de artigos publicados as redes sociais e sites\u201d. <\/span><a href=\"https:\/\/www.pstu.org.br\/um-argumento-critico-sobre-o-bolsa-familia\/\"><span style=\"font-weight: 400;\">No primeiro, dispon\u00edvel no site do PSTU, <\/span><\/a><span style=\"font-weight: 400;\">argumenta-se que \u201cas pol\u00edticas sociais compensat\u00f3rias focadas s\u00e3o um modelo de pol\u00edticas p\u00fablicas defendidas pelo Banco Mundial h\u00e1 mais de 15 anos\u201d. A assessoria tamb\u00e9m ressaltou, <\/span><a href=\"https:\/\/pt.wikipedia.org\/wiki\/Bolsa_Fam%C3%ADlia\"><span style=\"font-weight: 400;\">partindo de um artigo publicado na Wikip\u00e9dia<\/span><\/a><span style=\"font-weight: 400;\">, que o programa foi inspirado no Bolsa Fam\u00edlia, \u201cideia originalmente proposta por Cristovam Buarque em 1986\u201d e implantado em 2001 pelo governo federal.<\/span><\/p>\n<p><a href=\"http:\/\/www.scielo.br\/scielo.php?script=sci_arttext&amp;pid=S1413-81232018000702187\"><span style=\"font-weight: 400;\">No artigo \u201cBanco Mundial, reforma dos Estados e ajuste das pol\u00edticas sociais na Am\u00e9rica Latina\u201d<\/span><\/a><span style=\"font-weight: 400;\">, tamb\u00e9m enviado pela assessoria, citam-se aspectos econ\u00f4micos orientados pelo Banco Mundial, uma orienta\u00e7\u00e3o que passou da \u201cconfian\u00e7a irrestrita no crescimento econ\u00f4mico\u201d a uma \u201cagenda que aposta no papel ativo do Estado na constru\u00e7\u00e3o de economias de mercado, competitivas e globalizadas\u201d. Publicado em julho de 2018, o artigo refor\u00e7a que, nessa concep\u00e7\u00e3o, o \u201cEstado eficiente e eficaz deve s\u00ea-lo, fundamentalmente, para o capital global\u201d, isto \u00e9, \u201cn\u00e3o h\u00e1 lugar nessa agenda para direitos sociais como express\u00e3o dos direitos humanos\u201d. Assim, o Truco mant\u00e9m o selo \u201cExagerado\u201d \u00e0 declara\u00e7\u00e3o.<\/span><\/p>\n<p>&nbsp;<\/p>\n","protected":false},"excerpt":{"rendered":"<p>S\u00f3 no Par\u00e1, o programa tem cerca de 950 mil fam\u00edlias benefici\u00e1rias<\/p>\n","protected":false},"author":27,"featured_media":940,"comment_status":"closed","ping_status":"open","sticky":false,"template":"","format":"standard","meta":{"_acf_changed":false,"_jetpack_memberships_contains_paid_content":false,"footnotes":""},"categories":[1],"tags":[33,128],"coauthors":[27,93,92],"class_list":["post-930","post","type-post","status-publish","format-standard","has-post-thumbnail","hentry","category-sem-categoria","tag-economia","tag-para"],"acf":{"truco":{"value":"exagerado","label":"Exagerado"},"resumido":"Bolsa Escola, Bolsa Fam\u00edlia, na verdade n\u00e3o foi um programa do PT, n\u00e3o foi um programa espec\u00edfico, foi uma orienta\u00e7\u00e3o do Banco Mundial, do Fundo Monet\u00e1rio Internacional","descricao":"Cleber Rabelo exagera ao dizer que o Bolsa Fam\u00edlia foi uma orienta\u00e7\u00e3o do FMI e Banco Mundial","autor":"Cleber Rabelo (PSTU), candidato ao governo","candidato":{"ID":101,"post_author":"1","post_date":"2018-07-27 22:23:06","post_date_gmt":"2018-07-28 01:23:06","post_content":"Cleber Rabelo, 45 anos, disputa o governo do Par\u00e1 pelo PSTU. De 2012 a 2016, ele foi vereador de Bel\u00e9m. Rabelo nasceu em Bacuri, no Maranh\u00e3o, e atua como servente de ferreiro. \u00c9 dirigente do Sindicato dos Trabalhadores da Constru\u00e7\u00e3o Civil e da executiva estadual da Central Sindical e Popular - Conlutas. Tamb\u00e9m participa de sua segunda elei\u00e7\u00e3o para o cargo de governador.","post_title":"Cleber Rabelo","post_excerpt":"","post_status":"publish","comment_status":"closed","ping_status":"closed","post_password":"","post_name":"cleber-rabelo","to_ping":"","pinged":"","post_modified":"2018-10-18 17:42:11","post_modified_gmt":"2018-10-18 20:42:11","post_content_filtered":"","post_parent":0,"guid":"https:\/\/apublica.org\/truco2018\/?post_type=candidato&#038;p=101","menu_order":0,"post_type":"candidato","post_mime_type":"","comment_count":"0","filter":"raw"},"estado":{"term_id":11,"name":"Par\u00e1","slug":"para","term_group":0,"term_taxonomy_id":11,"taxonomy":"estado","description":"","parent":0,"count":6,"filter":"raw"}},"yoast_head":"<!-- This site is optimized with the Yoast SEO plugin v27.5 - https:\/\/yoast.com\/product\/yoast-seo-wordpress\/ -->\n<title>Cleber Rabelo diz que o Bolsa Fam\u00edlia foi uma orienta\u00e7\u00e3o do FMI, mas a declara\u00e7\u00e3o est\u00e1 exagerada - Truco2018<\/title>\n<meta name=\"robots\" content=\"index, follow, max-snippet:-1, max-image-preview:large, max-video-preview:-1\" \/>\n<link rel=\"canonical\" href=\"https:\/\/eleicoes.apublica.org\/2018\/2018\/08\/cleber-rabelo-diz-que-o-bolsa-familia-foi-um-orientacao-do-fmi-mas-a-declaracao-esta-exagerada\/\" \/>\n<meta property=\"og:locale\" content=\"pt_BR\" \/>\n<meta property=\"og:type\" content=\"article\" \/>\n<meta property=\"og:title\" content=\"Cleber Rabelo diz que o Bolsa Fam\u00edlia foi uma orienta\u00e7\u00e3o do FMI, mas a declara\u00e7\u00e3o est\u00e1 exagerada - Truco2018\" \/>\n<meta property=\"og:description\" content=\"S\u00f3 no Par\u00e1, o programa tem cerca de 950 mil fam\u00edlias benefici\u00e1rias\" \/>\n<meta property=\"og:url\" content=\"https:\/\/eleicoes.apublica.org\/2018\/2018\/08\/cleber-rabelo-diz-que-o-bolsa-familia-foi-um-orientacao-do-fmi-mas-a-declaracao-esta-exagerada\/\" \/>\n<meta property=\"og:site_name\" content=\"Truco2018\" \/>\n<meta property=\"article:published_time\" content=\"2018-08-14T22:00:50+00:00\" \/>\n<meta property=\"article:modified_time\" content=\"2018-08-15T14:13:12+00:00\" \/>\n<meta property=\"og:image\" content=\"https:\/\/i0.wp.com\/eleicoes.apublica.org\/2018\/wp-content\/uploads\/2018\/08\/Conven\u00e7\u00e3o-PSTU.jpg?fit=960%2C576&ssl=1\" \/>\n\t<meta property=\"og:image:width\" content=\"960\" \/>\n\t<meta property=\"og:image:height\" content=\"576\" \/>\n\t<meta property=\"og:image:type\" content=\"image\/jpeg\" \/>\n<meta name=\"author\" content=\"Mois\u00e9s Sarraf, Ercilia Wanzeler, Guilherme Guerreiro Neto\" \/>\n<meta name=\"twitter:card\" content=\"summary_large_image\" \/>\n<meta name=\"twitter:label1\" content=\"Escrito por\" \/>\n\t<meta name=\"twitter:data1\" content=\"Mois\u00e9s Sarraf\" \/>\n\t<meta name=\"twitter:label2\" content=\"Est. tempo de leitura\" \/>\n\t<meta name=\"twitter:data2\" content=\"4 minutos\" \/>\n\t<meta name=\"twitter:label3\" content=\"Written by\" \/>\n\t<meta name=\"twitter:data3\" content=\"Mois\u00e9s Sarraf, Ercilia Wanzeler, Guilherme Guerreiro Neto\" \/>\n<script type=\"application\/ld+json\" class=\"yoast-schema-graph\">{\"@context\":\"https:\\\/\\\/schema.org\",\"@graph\":[{\"@type\":\"Article\",\"@id\":\"https:\\\/\\\/eleicoes.apublica.org\\\/2018\\\/2018\\\/08\\\/cleber-rabelo-diz-que-o-bolsa-familia-foi-um-orientacao-do-fmi-mas-a-declaracao-esta-exagerada\\\/#article\",\"isPartOf\":{\"@id\":\"https:\\\/\\\/eleicoes.apublica.org\\\/2018\\\/2018\\\/08\\\/cleber-rabelo-diz-que-o-bolsa-familia-foi-um-orientacao-do-fmi-mas-a-declaracao-esta-exagerada\\\/\"},\"author\":{\"name\":\"Mois\u00e9s Sarraf\",\"@id\":\"https:\\\/\\\/eleicoes.apublica.org\\\/2018\\\/#\\\/schema\\\/person\\\/79f94bd4c0fa8a8e7df82ca2bd7ac3c5\"},\"headline\":\"Cleber Rabelo diz que o Bolsa Fam\u00edlia foi uma orienta\u00e7\u00e3o do FMI, mas a declara\u00e7\u00e3o est\u00e1 exagerada\",\"datePublished\":\"2018-08-14T22:00:50+00:00\",\"dateModified\":\"2018-08-15T14:13:12+00:00\",\"mainEntityOfPage\":{\"@id\":\"https:\\\/\\\/eleicoes.apublica.org\\\/2018\\\/2018\\\/08\\\/cleber-rabelo-diz-que-o-bolsa-familia-foi-um-orientacao-do-fmi-mas-a-declaracao-esta-exagerada\\\/\"},\"wordCount\":823,\"image\":{\"@id\":\"https:\\\/\\\/eleicoes.apublica.org\\\/2018\\\/2018\\\/08\\\/cleber-rabelo-diz-que-o-bolsa-familia-foi-um-orientacao-do-fmi-mas-a-declaracao-esta-exagerada\\\/#primaryimage\"},\"thumbnailUrl\":\"https:\\\/\\\/i0.wp.com\\\/eleicoes.apublica.org\\\/2018\\\/wp-content\\\/uploads\\\/2018\\\/08\\\/Conven%C3%A7%C3%A3o-PSTU.jpg?fit=960%2C576&ssl=1\",\"keywords\":[\"Economia\",\"Par\u00e1\"],\"inLanguage\":\"pt-BR\"},{\"@type\":\"WebPage\",\"@id\":\"https:\\\/\\\/eleicoes.apublica.org\\\/2018\\\/2018\\\/08\\\/cleber-rabelo-diz-que-o-bolsa-familia-foi-um-orientacao-do-fmi-mas-a-declaracao-esta-exagerada\\\/\",\"url\":\"https:\\\/\\\/eleicoes.apublica.org\\\/2018\\\/2018\\\/08\\\/cleber-rabelo-diz-que-o-bolsa-familia-foi-um-orientacao-do-fmi-mas-a-declaracao-esta-exagerada\\\/\",\"name\":\"Cleber Rabelo diz que o Bolsa Fam\u00edlia foi uma orienta\u00e7\u00e3o do FMI, mas a declara\u00e7\u00e3o est\u00e1 exagerada - Truco2018\",\"isPartOf\":{\"@id\":\"https:\\\/\\\/eleicoes.apublica.org\\\/2018\\\/#website\"},\"primaryImageOfPage\":{\"@id\":\"https:\\\/\\\/eleicoes.apublica.org\\\/2018\\\/2018\\\/08\\\/cleber-rabelo-diz-que-o-bolsa-familia-foi-um-orientacao-do-fmi-mas-a-declaracao-esta-exagerada\\\/#primaryimage\"},\"image\":{\"@id\":\"https:\\\/\\\/eleicoes.apublica.org\\\/2018\\\/2018\\\/08\\\/cleber-rabelo-diz-que-o-bolsa-familia-foi-um-orientacao-do-fmi-mas-a-declaracao-esta-exagerada\\\/#primaryimage\"},\"thumbnailUrl\":\"https:\\\/\\\/i0.wp.com\\\/eleicoes.apublica.org\\\/2018\\\/wp-content\\\/uploads\\\/2018\\\/08\\\/Conven%C3%A7%C3%A3o-PSTU.jpg?fit=960%2C576&ssl=1\",\"datePublished\":\"2018-08-14T22:00:50+00:00\",\"dateModified\":\"2018-08-15T14:13:12+00:00\",\"author\":{\"@id\":\"https:\\\/\\\/eleicoes.apublica.org\\\/2018\\\/#\\\/schema\\\/person\\\/79f94bd4c0fa8a8e7df82ca2bd7ac3c5\"},\"breadcrumb\":{\"@id\":\"https:\\\/\\\/eleicoes.apublica.org\\\/2018\\\/2018\\\/08\\\/cleber-rabelo-diz-que-o-bolsa-familia-foi-um-orientacao-do-fmi-mas-a-declaracao-esta-exagerada\\\/#breadcrumb\"},\"inLanguage\":\"pt-BR\",\"potentialAction\":[{\"@type\":\"ReadAction\",\"target\":[\"https:\\\/\\\/eleicoes.apublica.org\\\/2018\\\/2018\\\/08\\\/cleber-rabelo-diz-que-o-bolsa-familia-foi-um-orientacao-do-fmi-mas-a-declaracao-esta-exagerada\\\/\"]}]},{\"@type\":\"ImageObject\",\"inLanguage\":\"pt-BR\",\"@id\":\"https:\\\/\\\/eleicoes.apublica.org\\\/2018\\\/2018\\\/08\\\/cleber-rabelo-diz-que-o-bolsa-familia-foi-um-orientacao-do-fmi-mas-a-declaracao-esta-exagerada\\\/#primaryimage\",\"url\":\"https:\\\/\\\/i0.wp.com\\\/eleicoes.apublica.org\\\/2018\\\/wp-content\\\/uploads\\\/2018\\\/08\\\/Conven%C3%A7%C3%A3o-PSTU.jpg?fit=960%2C576&ssl=1\",\"contentUrl\":\"https:\\\/\\\/i0.wp.com\\\/eleicoes.apublica.org\\\/2018\\\/wp-content\\\/uploads\\\/2018\\\/08\\\/Conven%C3%A7%C3%A3o-PSTU.jpg?fit=960%2C576&ssl=1\",\"width\":960,\"height\":576},{\"@type\":\"BreadcrumbList\",\"@id\":\"https:\\\/\\\/eleicoes.apublica.org\\\/2018\\\/2018\\\/08\\\/cleber-rabelo-diz-que-o-bolsa-familia-foi-um-orientacao-do-fmi-mas-a-declaracao-esta-exagerada\\\/#breadcrumb\",\"itemListElement\":[{\"@type\":\"ListItem\",\"position\":1,\"name\":\"In\u00edcio\",\"item\":\"https:\\\/\\\/eleicoes.apublica.org\\\/2018\\\/\"},{\"@type\":\"ListItem\",\"position\":2,\"name\":\"Cleber Rabelo diz que o Bolsa Fam\u00edlia foi uma orienta\u00e7\u00e3o do FMI, mas a declara\u00e7\u00e3o est\u00e1 exagerada\"}]},{\"@type\":\"WebSite\",\"@id\":\"https:\\\/\\\/eleicoes.apublica.org\\\/2018\\\/#website\",\"url\":\"https:\\\/\\\/eleicoes.apublica.org\\\/2018\\\/\",\"name\":\"Truco2018\",\"description\":\"Truco nos estados - Checamos as declara\u00e7\u00f5es de candidatos e boatos que circulam sobre as elei\u00e7\u00f5es para o governo de Minas, Cear\u00e1, S\u00e3o Paulo, Rio Grande do Sul, Par\u00e1, Paran\u00e1, Pernambuco.\",\"potentialAction\":[{\"@type\":\"SearchAction\",\"target\":{\"@type\":\"EntryPoint\",\"urlTemplate\":\"https:\\\/\\\/eleicoes.apublica.org\\\/2018\\\/?s={search_term_string}\"},\"query-input\":{\"@type\":\"PropertyValueSpecification\",\"valueRequired\":true,\"valueName\":\"search_term_string\"}}],\"inLanguage\":\"pt-BR\"},{\"@type\":\"Person\",\"@id\":\"https:\\\/\\\/eleicoes.apublica.org\\\/2018\\\/#\\\/schema\\\/person\\\/79f94bd4c0fa8a8e7df82ca2bd7ac3c5\",\"name\":\"Mois\u00e9s Sarraf\",\"image\":{\"@type\":\"ImageObject\",\"inLanguage\":\"pt-BR\",\"@id\":\"https:\\\/\\\/secure.gravatar.com\\\/avatar\\\/29b6bb31d9e24483a72bba6d976ec9eff02b588db3a292633e761c687ca27055?s=96&d=mm&r=g63738ba9671ae5a49d644d3cff43fb81\",\"url\":\"https:\\\/\\\/secure.gravatar.com\\\/avatar\\\/29b6bb31d9e24483a72bba6d976ec9eff02b588db3a292633e761c687ca27055?s=96&d=mm&r=g\",\"contentUrl\":\"https:\\\/\\\/secure.gravatar.com\\\/avatar\\\/29b6bb31d9e24483a72bba6d976ec9eff02b588db3a292633e761c687ca27055?s=96&d=mm&r=g\",\"caption\":\"Mois\u00e9s Sarraf\"},\"url\":\"https:\\\/\\\/eleicoes.apublica.org\\\/2018\\\/author\\\/moises-sarraf\\\/\"}]}<\/script>\n<!-- \/ Yoast SEO plugin. -->","yoast_head_json":{"title":"Cleber Rabelo diz que o Bolsa Fam\u00edlia foi uma orienta\u00e7\u00e3o do FMI, mas a declara\u00e7\u00e3o est\u00e1 exagerada - Truco2018","robots":{"index":"index","follow":"follow","max-snippet":"max-snippet:-1","max-image-preview":"max-image-preview:large","max-video-preview":"max-video-preview:-1"},"canonical":"https:\/\/eleicoes.apublica.org\/2018\/2018\/08\/cleber-rabelo-diz-que-o-bolsa-familia-foi-um-orientacao-do-fmi-mas-a-declaracao-esta-exagerada\/","og_locale":"pt_BR","og_type":"article","og_title":"Cleber Rabelo diz que o Bolsa Fam\u00edlia foi uma orienta\u00e7\u00e3o do FMI, mas a declara\u00e7\u00e3o est\u00e1 exagerada - Truco2018","og_description":"S\u00f3 no Par\u00e1, o programa tem cerca de 950 mil fam\u00edlias benefici\u00e1rias","og_url":"https:\/\/eleicoes.apublica.org\/2018\/2018\/08\/cleber-rabelo-diz-que-o-bolsa-familia-foi-um-orientacao-do-fmi-mas-a-declaracao-esta-exagerada\/","og_site_name":"Truco2018","article_published_time":"2018-08-14T22:00:50+00:00","article_modified_time":"2018-08-15T14:13:12+00:00","og_image":[{"width":960,"height":576,"url":"https:\/\/i0.wp.com\/eleicoes.apublica.org\/2018\/wp-content\/uploads\/2018\/08\/Conven\u00e7\u00e3o-PSTU.jpg?fit=960%2C576&ssl=1","type":"image\/jpeg"}],"author":"Mois\u00e9s Sarraf, Ercilia Wanzeler, Guilherme Guerreiro Neto","twitter_card":"summary_large_image","twitter_misc":{"Escrito por":"Mois\u00e9s Sarraf","Est. tempo de leitura":"4 minutos","Written by":"Mois\u00e9s Sarraf, Ercilia Wanzeler, Guilherme Guerreiro Neto"},"schema":{"@context":"https:\/\/schema.org","@graph":[{"@type":"Article","@id":"https:\/\/eleicoes.apublica.org\/2018\/2018\/08\/cleber-rabelo-diz-que-o-bolsa-familia-foi-um-orientacao-do-fmi-mas-a-declaracao-esta-exagerada\/#article","isPartOf":{"@id":"https:\/\/eleicoes.apublica.org\/2018\/2018\/08\/cleber-rabelo-diz-que-o-bolsa-familia-foi-um-orientacao-do-fmi-mas-a-declaracao-esta-exagerada\/"},"author":{"name":"Mois\u00e9s Sarraf","@id":"https:\/\/eleicoes.apublica.org\/2018\/#\/schema\/person\/79f94bd4c0fa8a8e7df82ca2bd7ac3c5"},"headline":"Cleber Rabelo diz que o Bolsa Fam\u00edlia foi uma orienta\u00e7\u00e3o do FMI, mas a declara\u00e7\u00e3o est\u00e1 exagerada","datePublished":"2018-08-14T22:00:50+00:00","dateModified":"2018-08-15T14:13:12+00:00","mainEntityOfPage":{"@id":"https:\/\/eleicoes.apublica.org\/2018\/2018\/08\/cleber-rabelo-diz-que-o-bolsa-familia-foi-um-orientacao-do-fmi-mas-a-declaracao-esta-exagerada\/"},"wordCount":823,"image":{"@id":"https:\/\/eleicoes.apublica.org\/2018\/2018\/08\/cleber-rabelo-diz-que-o-bolsa-familia-foi-um-orientacao-do-fmi-mas-a-declaracao-esta-exagerada\/#primaryimage"},"thumbnailUrl":"https:\/\/i0.wp.com\/eleicoes.apublica.org\/2018\/wp-content\/uploads\/2018\/08\/Conven%C3%A7%C3%A3o-PSTU.jpg?fit=960%2C576&ssl=1","keywords":["Economia","Par\u00e1"],"inLanguage":"pt-BR"},{"@type":"WebPage","@id":"https:\/\/eleicoes.apublica.org\/2018\/2018\/08\/cleber-rabelo-diz-que-o-bolsa-familia-foi-um-orientacao-do-fmi-mas-a-declaracao-esta-exagerada\/","url":"https:\/\/eleicoes.apublica.org\/2018\/2018\/08\/cleber-rabelo-diz-que-o-bolsa-familia-foi-um-orientacao-do-fmi-mas-a-declaracao-esta-exagerada\/","name":"Cleber Rabelo diz que o Bolsa Fam\u00edlia foi uma orienta\u00e7\u00e3o do FMI, mas a declara\u00e7\u00e3o est\u00e1 exagerada - Truco2018","isPartOf":{"@id":"https:\/\/eleicoes.apublica.org\/2018\/#website"},"primaryImageOfPage":{"@id":"https:\/\/eleicoes.apublica.org\/2018\/2018\/08\/cleber-rabelo-diz-que-o-bolsa-familia-foi-um-orientacao-do-fmi-mas-a-declaracao-esta-exagerada\/#primaryimage"},"image":{"@id":"https:\/\/eleicoes.apublica.org\/2018\/2018\/08\/cleber-rabelo-diz-que-o-bolsa-familia-foi-um-orientacao-do-fmi-mas-a-declaracao-esta-exagerada\/#primaryimage"},"thumbnailUrl":"https:\/\/i0.wp.com\/eleicoes.apublica.org\/2018\/wp-content\/uploads\/2018\/08\/Conven%C3%A7%C3%A3o-PSTU.jpg?fit=960%2C576&ssl=1","datePublished":"2018-08-14T22:00:50+00:00","dateModified":"2018-08-15T14:13:12+00:00","author":{"@id":"https:\/\/eleicoes.apublica.org\/2018\/#\/schema\/person\/79f94bd4c0fa8a8e7df82ca2bd7ac3c5"},"breadcrumb":{"@id":"https:\/\/eleicoes.apublica.org\/2018\/2018\/08\/cleber-rabelo-diz-que-o-bolsa-familia-foi-um-orientacao-do-fmi-mas-a-declaracao-esta-exagerada\/#breadcrumb"},"inLanguage":"pt-BR","potentialAction":[{"@type":"ReadAction","target":["https:\/\/eleicoes.apublica.org\/2018\/2018\/08\/cleber-rabelo-diz-que-o-bolsa-familia-foi-um-orientacao-do-fmi-mas-a-declaracao-esta-exagerada\/"]}]},{"@type":"ImageObject","inLanguage":"pt-BR","@id":"https:\/\/eleicoes.apublica.org\/2018\/2018\/08\/cleber-rabelo-diz-que-o-bolsa-familia-foi-um-orientacao-do-fmi-mas-a-declaracao-esta-exagerada\/#primaryimage","url":"https:\/\/i0.wp.com\/eleicoes.apublica.org\/2018\/wp-content\/uploads\/2018\/08\/Conven%C3%A7%C3%A3o-PSTU.jpg?fit=960%2C576&ssl=1","contentUrl":"https:\/\/i0.wp.com\/eleicoes.apublica.org\/2018\/wp-content\/uploads\/2018\/08\/Conven%C3%A7%C3%A3o-PSTU.jpg?fit=960%2C576&ssl=1","width":960,"height":576},{"@type":"BreadcrumbList","@id":"https:\/\/eleicoes.apublica.org\/2018\/2018\/08\/cleber-rabelo-diz-que-o-bolsa-familia-foi-um-orientacao-do-fmi-mas-a-declaracao-esta-exagerada\/#breadcrumb","itemListElement":[{"@type":"ListItem","position":1,"name":"In\u00edcio","item":"https:\/\/eleicoes.apublica.org\/2018\/"},{"@type":"ListItem","position":2,"name":"Cleber Rabelo diz que o Bolsa Fam\u00edlia foi uma orienta\u00e7\u00e3o do FMI, mas a declara\u00e7\u00e3o est\u00e1 exagerada"}]},{"@type":"WebSite","@id":"https:\/\/eleicoes.apublica.org\/2018\/#website","url":"https:\/\/eleicoes.apublica.org\/2018\/","name":"Truco2018","description":"Truco nos estados - Checamos as declara\u00e7\u00f5es de candidatos e boatos que circulam sobre as elei\u00e7\u00f5es para o governo de Minas, Cear\u00e1, S\u00e3o Paulo, Rio Grande do Sul, Par\u00e1, Paran\u00e1, Pernambuco.","potentialAction":[{"@type":"SearchAction","target":{"@type":"EntryPoint","urlTemplate":"https:\/\/eleicoes.apublica.org\/2018\/?s={search_term_string}"},"query-input":{"@type":"PropertyValueSpecification","valueRequired":true,"valueName":"search_term_string"}}],"inLanguage":"pt-BR"},{"@type":"Person","@id":"https:\/\/eleicoes.apublica.org\/2018\/#\/schema\/person\/79f94bd4c0fa8a8e7df82ca2bd7ac3c5","name":"Mois\u00e9s Sarraf","image":{"@type":"ImageObject","inLanguage":"pt-BR","@id":"https:\/\/secure.gravatar.com\/avatar\/29b6bb31d9e24483a72bba6d976ec9eff02b588db3a292633e761c687ca27055?s=96&d=mm&r=g63738ba9671ae5a49d644d3cff43fb81","url":"https:\/\/secure.gravatar.com\/avatar\/29b6bb31d9e24483a72bba6d976ec9eff02b588db3a292633e761c687ca27055?s=96&d=mm&r=g","contentUrl":"https:\/\/secure.gravatar.com\/avatar\/29b6bb31d9e24483a72bba6d976ec9eff02b588db3a292633e761c687ca27055?s=96&d=mm&r=g","caption":"Mois\u00e9s Sarraf"},"url":"https:\/\/eleicoes.apublica.org\/2018\/author\/moises-sarraf\/"}]}},"jetpack_featured_media_url":"https:\/\/i0.wp.com\/eleicoes.apublica.org\/2018\/wp-content\/uploads\/2018\/08\/Conven%C3%A7%C3%A3o-PSTU.jpg?fit=960%2C576&ssl=1","jetpack_shortlink":"https:\/\/wp.me\/pbyYl8-f0","jetpack_sharing_enabled":true,"_links":{"self":[{"href":"https:\/\/eleicoes.apublica.org\/2018\/wp-json\/wp\/v2\/posts\/930","targetHints":{"allow":["GET"]}}],"collection":[{"href":"https:\/\/eleicoes.apublica.org\/2018\/wp-json\/wp\/v2\/posts"}],"about":[{"href":"https:\/\/eleicoes.apublica.org\/2018\/wp-json\/wp\/v2\/types\/post"}],"author":[{"embeddable":true,"href":"https:\/\/eleicoes.apublica.org\/2018\/wp-json\/wp\/v2\/users\/27"}],"replies":[{"embeddable":true,"href":"https:\/\/eleicoes.apublica.org\/2018\/wp-json\/wp\/v2\/comments?post=930"}],"version-history":[{"count":5,"href":"https:\/\/eleicoes.apublica.org\/2018\/wp-json\/wp\/v2\/posts\/930\/revisions"}],"predecessor-version":[{"id":1120,"href":"https:\/\/eleicoes.apublica.org\/2018\/wp-json\/wp\/v2\/posts\/930\/revisions\/1120"}],"wp:featuredmedia":[{"embeddable":true,"href":"https:\/\/eleicoes.apublica.org\/2018\/wp-json\/wp\/v2\/media\/940"}],"wp:attachment":[{"href":"https:\/\/eleicoes.apublica.org\/2018\/wp-json\/wp\/v2\/media?parent=930"}],"wp:term":[{"taxonomy":"category","embeddable":true,"href":"https:\/\/eleicoes.apublica.org\/2018\/wp-json\/wp\/v2\/categories?post=930"},{"taxonomy":"post_tag","embeddable":true,"href":"https:\/\/eleicoes.apublica.org\/2018\/wp-json\/wp\/v2\/tags?post=930"},{"taxonomy":"author","embeddable":true,"href":"https:\/\/eleicoes.apublica.org\/2018\/wp-json\/wp\/v2\/coauthors?post=930"}],"curies":[{"name":"wp","href":"https:\/\/api.w.org\/{rel}","templated":true}]}}